{"id":44031,"date":"2024-05-20T12:52:29","date_gmt":"2024-05-20T08:52:29","guid":{"rendered":"https:\/\/infonews.az\/?p=44031"},"modified":"2024-05-20T12:52:29","modified_gmt":"2024-05-20T08:52:29","slug":"pakistanda-iran-prezidentinin-faci%c9%99vi-olumu-il%c9%99-%c9%99laq%c9%99dar-birgunluk-mat%c9%99m-elan-edilib","status":"publish","type":"post","link":"https:\/\/infonews.az\/?p=44031","title":{"rendered":"Pakistanda \u0130ran Prezidentinin faci\u0259vi \u00f6l\u00fcm\u00fc il\u0259 \u0259laq\u0259dar birg\u00fcnl\u00fck mat\u0259m elan edilib"},"content":{"rendered":"<blockquote><p>\u0130ran Prezidenti \u0130brahim R\u0259isi v\u0259 onu m\u00fc\u015fayi\u0259t ed\u0259n r\u0259smi \u015f\u0259xsl\u0259rin helikopter q\u0259zas\u0131 n\u0259tic\u0259sind\u0259 h\u0259lak olmas\u0131 il\u0259 \u0259laq\u0259dar Pakistanda birg\u00fcnl\u00fck mat\u0259m elan edilib.<\/p><\/blockquote>\n<p><a href=\"https:\/\/infonews.az\/\"><strong>\u201c\u0130NFONEWS\u201d<\/strong><\/a>\u00a0\u201cMehr\u201d agentliyin\u0259 istinad\u0259n x\u0259b\u0259r verir ki, bunu Pakistan\u0131n Ba\u015f naziri \u015eahbaz \u015eerif hadis\u0259 il\u0259 ba\u011fl\u0131 \u0130ran r\u0259hb\u0259rliyin\u0259 v\u0259 xalq\u0131na verdiyi ba\u015fsa\u011fl\u0131\u011f\u0131nda bildirib.<\/p>\n<p>Ba\u015f nazir qeyd edib ki, Prezident v\u0259 onun t\u0259r\u0259fda\u015flar\u0131na h\u00f6rm\u0259t \u0259lam\u0259ti olaraq qarda\u015f \u0130ranla h\u0259mr\u0259ylik n\u00fcmayi\u015f etdirm\u0259k \u00fc\u00e7\u00fcn Pakistanda ictimai mat\u0259m ke\u00e7iril\u0259c\u0259k, \u00f6lk\u0259nin bayra\u011f\u0131 yar\u0131ya q\u0259d\u0259r endiril\u0259c\u0259k.<\/p>\n","protected":false},"excerpt":{"rendered":"<p>\u0130ran Prezidenti \u0130brahim R\u0259isi v\u0259 onu m\u00fc\u015fayi\u0259t ed\u0259n r\u0259smi \u015f\u0259xsl\u0259rin helikopter q\u0259zas\u0131 n\u0259tic\u0259sind\u0259 h\u0259lak olmas\u0131 il\u0259 \u0259laq\u0259dar Pakistanda birg\u00fcnl\u00fck mat\u0259m elan edilib. \u201c\u0130NFONEWS\u201d\u00a0\u201cMehr\u201d agentliyin\u0259 istinad\u0259n x\u0259b\u0259r verir ki, bunu Pakistan\u0131n&hellip; <\/p>\n","protected":false},"author":30,"featured_media":44032,"comment_status":"open","ping_status":"open","sticky":false,"template":"","format":"standard","meta":{"_mi_skip_tracking":false,"_monsterinsights_sitenote_active":false,"_monsterinsights_sitenote_note":"","_monsterinsights_sitenote_category":0,"footnotes":""},"categories":[9,11],"tags":[13597,4830,239],"aioseo_notices":[],"_links":{"self":[{"href":"https:\/\/infonews.az\/index.php?rest_route=\/wp\/v2\/posts\/44031"}],"collection":[{"href":"https:\/\/infonews.az\/index.php?rest_route=\/wp\/v2\/posts"}],"about":[{"href":"https:\/\/infonews.az\/index.php?rest_route=\/wp\/v2\/types\/post"}],"author":[{"embeddable":true,"href":"https:\/\/infonews.az\/index.php?rest_route=\/wp\/v2\/users\/30"}],"replies":[{"embeddable":true,"href":"https:\/\/infonews.az\/index.php?rest_route=%2Fwp%2Fv2%2Fcomments&post=44031"}],"version-history":[{"count":1,"href":"https:\/\/infonews.az\/index.php?rest_route=\/wp\/v2\/posts\/44031\/revisions"}],"predecessor-version":[{"id":44033,"href":"https:\/\/infonews.az\/index.php?rest_route=\/wp\/v2\/posts\/44031\/revisions\/44033"}],"wp:featuredmedia":[{"embeddable":true,"href":"https:\/\/infonews.az\/index.php?rest_route=\/wp\/v2\/media\/44032"}],"wp:attachment":[{"href":"https:\/\/infonews.az\/index.php?rest_route=%2Fwp%2Fv2%2Fmedia&parent=44031"}],"wp:term":[{"taxonomy":"category","embeddable":true,"href":"https:\/\/infonews.az\/index.php?rest_route=%2Fwp%2Fv2%2Fcategories&post=44031"},{"taxonomy":"post_tag","embeddable":true,"href":"https:\/\/infonews.az\/index.php?rest_route=%2Fwp%2Fv2%2Ftags&post=44031"}],"curies":[{"name":"wp","href":"https:\/\/api.w.org\/{rel}","templated":true}]}}