{"id":44063,"date":"2024-05-21T07:04:30","date_gmt":"2024-05-21T03:04:30","guid":{"rendered":"https:\/\/infonews.az\/?p=44063"},"modified":"2024-05-21T10:17:21","modified_gmt":"2024-05-21T06:17:21","slug":"yeni-kaledoniyada-polisl%c9%99ri-h%c9%99rbcil%c9%99r-%c9%99v%c9%99z-ed%c9%99c%c9%99kl%c9%99r","status":"publish","type":"post","link":"https:\/\/infonews.az\/?p=44063","title":{"rendered":"Yeni Kaledoniyada polisl\u0259ri h\u0259rb\u00e7il\u0259r \u0259v\u0259z ed\u0259c\u0259kl\u0259r"},"content":{"rendered":"<p><span style=\"color: #ffffff;\">Yeni Kaledoniyada polisl\u0259ri h\u0259rb\u00e7il\u0259r \u0259v\u0259z ed\u0259c\u0259kl\u0259r<\/span><\/p>\n<blockquote><p>Yeni Kaledoniyada ictimai obyektl\u0259rin m\u00fchafiz\u0259si m\u00fcv\u0259qq\u0259ti olaraq yerli polisd\u0259n al\u0131naraq h\u0259rb\u00e7il\u0259r\u0259 h\u0259val\u0259 edil\u0259c\u0259k.<\/p><\/blockquote>\n<p><span style=\"color: #333399;\"><a href=\"https:\/\/infonews.az\/?p=44063\"><strong>&#8220;\u0130NFONEWS&#8221; <\/strong><\/a><span style=\"color: #333333;\">x<\/span><\/span><span style=\"color: #333333;\">aric<\/span>i K\u0130V-\u0259 istinad\u0259n x\u0259b\u0259r verir ki, bunu Fransa Prezidenti Emmanuel Makron T\u0259hl\u00fck\u0259sizlik \u015euras\u0131n\u0131n iclas\u0131ndan sonra bildirib. D\u00f6vl\u0259t ba\u015f\u00e7\u0131s\u0131 qeyd edib ki, burada m\u0259qs\u0259d \u201cyerli polisin i\u015fini y\u00fcng\u00fcll\u0259\u015fdirm\u0259kdir\u201d.<\/p>\n<p>Fransa prezidenti h\u00f6kum\u0259td\u0259n d\u0259niza\u015f\u0131r\u0131 \u0259razil\u0259rl\u0259 ba\u011fl\u0131 say\u0131ql\u0131q v\u0259 q\u0259tiyy\u0259t t\u0259l\u0259b edib. Hava limanlar\u0131n\u0131n g\u0259l\u0259n bazar ert\u0259sin\u0259d\u0259k ba\u011fl\u0131 qalmas\u0131na q\u0259rar verilib.<\/p>\n","protected":false},"excerpt":{"rendered":"<p>Yeni Kaledoniyada polisl\u0259ri h\u0259rb\u00e7il\u0259r \u0259v\u0259z ed\u0259c\u0259kl\u0259r Yeni Kaledoniyada ictimai obyektl\u0259rin m\u00fchafiz\u0259si m\u00fcv\u0259qq\u0259ti olaraq yerli polisd\u0259n al\u0131naraq h\u0259rb\u00e7il\u0259r\u0259 h\u0259val\u0259 edil\u0259c\u0259k. &#8220;\u0130NFONEWS&#8221; xarici K\u0130V-\u0259 istinad\u0259n x\u0259b\u0259r verir ki, bunu Fransa Prezidenti Emmanuel&hellip; <\/p>\n","protected":false},"author":14,"featured_media":44064,"comment_status":"open","ping_status":"open","sticky":false,"template":"","format":"standard","meta":{"_mi_skip_tracking":false,"_monsterinsights_sitenote_active":false,"_monsterinsights_sitenote_note":"","_monsterinsights_sitenote_category":0,"footnotes":""},"categories":[9,6,11],"tags":[13618,15,13465],"aioseo_notices":[],"_links":{"self":[{"href":"https:\/\/infonews.az\/index.php?rest_route=\/wp\/v2\/posts\/44063"}],"collection":[{"href":"https:\/\/infonews.az\/index.php?rest_route=\/wp\/v2\/posts"}],"about":[{"href":"https:\/\/infonews.az\/index.php?rest_route=\/wp\/v2\/types\/post"}],"author":[{"embeddable":true,"href":"https:\/\/infonews.az\/index.php?rest_route=\/wp\/v2\/users\/14"}],"replies":[{"embeddable":true,"href":"https:\/\/infonews.az\/index.php?rest_route=%2Fwp%2Fv2%2Fcomments&post=44063"}],"version-history":[{"count":1,"href":"https:\/\/infonews.az\/index.php?rest_route=\/wp\/v2\/posts\/44063\/revisions"}],"predecessor-version":[{"id":44069,"href":"https:\/\/infonews.az\/index.php?rest_route=\/wp\/v2\/posts\/44063\/revisions\/44069"}],"wp:featuredmedia":[{"embeddable":true,"href":"https:\/\/infonews.az\/index.php?rest_route=\/wp\/v2\/media\/44064"}],"wp:attachment":[{"href":"https:\/\/infonews.az\/index.php?rest_route=%2Fwp%2Fv2%2Fmedia&parent=44063"}],"wp:term":[{"taxonomy":"category","embeddable":true,"href":"https:\/\/infonews.az\/index.php?rest_route=%2Fwp%2Fv2%2Fcategories&post=44063"},{"taxonomy":"post_tag","embeddable":true,"href":"https:\/\/infonews.az\/index.php?rest_route=%2Fwp%2Fv2%2Ftags&post=44063"}],"curies":[{"name":"wp","href":"https:\/\/api.w.org\/{rel}","templated":true}]}}