{"id":44129,"date":"2024-05-21T11:55:13","date_gmt":"2024-05-21T07:55:13","guid":{"rendered":"https:\/\/infonews.az\/?p=44129"},"modified":"2024-05-21T11:55:13","modified_gmt":"2024-05-21T07:55:13","slug":"stokholmda-m%c9%99h%c9%99mm%c9%99d-emin-r%c9%99sulzad%c9%99nin-140-illiyin%c9%99-h%c9%99sr-olunmus-konfrans-kecirilib","status":"publish","type":"post","link":"https:\/\/infonews.az\/?p=44129","title":{"rendered":"Stokholmda M\u0259h\u0259mm\u0259d \u018fmin R\u0259sulzad\u0259nin 140 illiyin\u0259 h\u0259sr olunmu\u015f konfrans ke\u00e7irilib"},"content":{"rendered":"<blockquote><p>\u0130sve\u00e7in Stokholm \u015f\u0259h\u0259rind\u0259 Az\u0259rbaycan Xalq C\u00fcmhuriyy\u0259tinin banil\u0259rind\u0259n biri, Az\u0259rbaycan Milli \u015euras\u0131n\u0131n s\u0259dri M\u0259h\u0259mm\u0259d \u018fmin R\u0259sulzad\u0259nin anadan olmas\u0131n\u0131n 140 illiyin\u0259 h\u0259sr edilmi\u015f konfrans ke\u00e7irilib.<\/p><\/blockquote>\n<p><a href=\"https:\/\/infonews.az\/\"><strong>\u201c\u0130NFONEWS\u201d<\/strong><\/a>\u00a0x\u0259b\u0259r verir ki, t\u0259dbir \u201cQobustan Az\u0259rbaycan ayd\u0131nlar oca\u011f\u0131\u201d d\u0259rn\u0259yinin s\u0259dri S\u0259ad\u0259t K\u0259rimi t\u0259r\u0259find\u0259n t\u0259\u015fkil olunub.<\/p>\n<p>\u0130sve\u00e7in m\u00fcxt\u0259lif \u015f\u0259h\u0259rl\u0259rind\u0259n g\u0259l\u0259n 120 diaspor n\u00fcmay\u0259nd\u0259sinin i\u015ftirak etdiyi \u201cR\u0259sulzad\u0259 irsi Az\u0259rbaycan\u0131n m\u0259d\u0259ni v\u0259 ictimai fikir tarixind\u0259\u201d adl\u0131 konfransda \u0259vv\u0259lc\u0259 Az\u0259rbaycan\u0131n D\u00f6vl\u0259t Himni s\u0259sl\u0259ndirilib.<\/p>\n<p>\u00c7\u0131x\u0131\u015f ed\u0259n S\u0259ad\u0259t K\u0259rimi t\u0259dbirin Az\u0259rbaycan Respublikas\u0131 Prezidentinin \u201cM\u0259h\u0259mm\u0259d \u018fmin R\u0259sulzad\u0259nin 140 illiyinin qeyd edilm\u0259si haqq\u0131nda\u201d 2023-c\u00fc il 30 dekabr tarixli S\u0259r\u0259ncam\u0131 \u00e7\u0259r\u00e7iv\u0259sind\u0259 t\u0259\u015fkil edilm\u0259sini bildirib.<\/p>\n<p>Konfransa Az\u0259rbaycandan d\u0259v\u0259t olunan tarix elml\u0259ri doktoru, professor Solmaz R\u00fcst\u0259mova Tohidi \u201cR\u0259sulzad\u0259 v\u0259 Az\u0259rbaycan milli d\u00f6vl\u0259t\u00e7iliyi\u201d m\u00f6vzusunda \u00e7\u0131x\u0131\u015f edib. O, M.\u018f.R\u0259sulzad\u0259nin h\u0259yat\u0131 v\u0259 ictimai-siyasi f\u0259aliyy\u0259ti bar\u0259d\u0259, onun m\u00fchacir\u0259td\u0259 oldu\u011fu zamandan Az\u0259rbaycan Xalq C\u00fcmhuriyy\u0259tinin yaranmas\u0131na q\u0259d\u0259r uzun v\u0259 \u015f\u0259r\u0259fli yolundan dan\u0131\u015f\u0131b.<\/p>\n<p>Sonra \u00e7\u0131x\u0131\u015f ed\u0259n jurnalist, professor Qulu M\u0259h\u0259rr\u0259mli bildirib ki, M.\u018f.R\u0259sulzad\u0259nin m\u0259tbuatla x\u00fcsusi ba\u011fl\u0131l\u0131\u011f\u0131 olub v\u0259 azad m\u0259tbuat h\u0259r zaman onun siyasi f\u0259aliyy\u0259tinin t\u0259m\u0259l prinsipini t\u0259\u015fkil edib.<\/p>\n<p>M.\u018f.R\u0259sulzad\u0259nin ail\u0259 \u00fczv\u00fc Nazim R\u0259himov ail\u0259si bar\u0259d\u0259 konfrans i\u015ftirak\u00e7\u0131lar\u0131na m\u0259lumat verib.<\/p>\n<p>Konfrans\u0131n sonunda M.\u018f.R\u0259sulzad\u0259nin virtual ev muzeyi n\u00fcmayi\u015f olunub.<\/p>\n<p><img loading=\"lazy\" decoding=\"async\" class=\"alignnone size-medium wp-image-44131\" src=\"https:\/\/infonews.az\/wp-content\/uploads\/2024\/05\/Screenshot_4-300x213.jpg\" alt=\"\" width=\"300\" height=\"213\" srcset=\"https:\/\/infonews.az\/wp-content\/uploads\/2024\/05\/Screenshot_4-300x213.jpg 300w, https:\/\/infonews.az\/wp-content\/uploads\/2024\/05\/Screenshot_4.jpg 648w\" sizes=\"(max-width: 300px) 100vw, 300px\" \/> <img loading=\"lazy\" decoding=\"async\" class=\"alignnone size-medium wp-image-44132\" src=\"https:\/\/infonews.az\/wp-content\/uploads\/2024\/05\/Screenshot_3-1-296x300.jpg\" alt=\"\" width=\"296\" height=\"300\" srcset=\"https:\/\/infonews.az\/wp-content\/uploads\/2024\/05\/Screenshot_3-1-296x300.jpg 296w, https:\/\/infonews.az\/wp-content\/uploads\/2024\/05\/Screenshot_3-1.jpg 467w\" sizes=\"(max-width: 296px) 100vw, 296px\" \/> <img loading=\"lazy\" decoding=\"async\" class=\"alignnone size-medium wp-image-44133\" src=\"https:\/\/infonews.az\/wp-content\/uploads\/2024\/05\/Screenshot_2-1-249x300.jpg\" alt=\"\" width=\"249\" height=\"300\" srcset=\"https:\/\/infonews.az\/wp-content\/uploads\/2024\/05\/Screenshot_2-1-249x300.jpg 249w, https:\/\/infonews.az\/wp-content\/uploads\/2024\/05\/Screenshot_2-1.jpg 369w\" sizes=\"(max-width: 249px) 100vw, 249px\" \/> <img loading=\"lazy\" decoding=\"async\" class=\"alignnone size-medium wp-image-44134\" src=\"https:\/\/infonews.az\/wp-content\/uploads\/2024\/05\/Screenshot_1-282x300.jpg\" alt=\"\" width=\"282\" height=\"300\" srcset=\"https:\/\/infonews.az\/wp-content\/uploads\/2024\/05\/Screenshot_1-282x300.jpg 282w, https:\/\/infonews.az\/wp-content\/uploads\/2024\/05\/Screenshot_1.jpg 376w\" sizes=\"(max-width: 282px) 100vw, 282px\" \/><\/p>\n","protected":false},"excerpt":{"rendered":"<p>\u0130sve\u00e7in Stokholm \u015f\u0259h\u0259rind\u0259 Az\u0259rbaycan Xalq C\u00fcmhuriyy\u0259tinin banil\u0259rind\u0259n biri, Az\u0259rbaycan Milli \u015euras\u0131n\u0131n s\u0259dri M\u0259h\u0259mm\u0259d \u018fmin R\u0259sulzad\u0259nin anadan olmas\u0131n\u0131n 140 illiyin\u0259 h\u0259sr edilmi\u015f konfrans ke\u00e7irilib. \u201c\u0130NFONEWS\u201d\u00a0x\u0259b\u0259r verir ki, t\u0259dbir \u201cQobustan Az\u0259rbaycan ayd\u0131nlar&hellip; <\/p>\n","protected":false},"author":30,"featured_media":44130,"comment_status":"open","ping_status":"open","sticky":false,"template":"","format":"standard","meta":{"_mi_skip_tracking":false,"_monsterinsights_sitenote_active":false,"_monsterinsights_sitenote_note":"","_monsterinsights_sitenote_category":0,"footnotes":""},"categories":[5373,11],"tags":[],"aioseo_notices":[],"_links":{"self":[{"href":"https:\/\/infonews.az\/index.php?rest_route=\/wp\/v2\/posts\/44129"}],"collection":[{"href":"https:\/\/infonews.az\/index.php?rest_route=\/wp\/v2\/posts"}],"about":[{"href":"https:\/\/infonews.az\/index.php?rest_route=\/wp\/v2\/types\/post"}],"author":[{"embeddable":true,"href":"https:\/\/infonews.az\/index.php?rest_route=\/wp\/v2\/users\/30"}],"replies":[{"embeddable":true,"href":"https:\/\/infonews.az\/index.php?rest_route=%2Fwp%2Fv2%2Fcomments&post=44129"}],"version-history":[{"count":1,"href":"https:\/\/infonews.az\/index.php?rest_route=\/wp\/v2\/posts\/44129\/revisions"}],"predecessor-version":[{"id":44135,"href":"https:\/\/infonews.az\/index.php?rest_route=\/wp\/v2\/posts\/44129\/revisions\/44135"}],"wp:featuredmedia":[{"embeddable":true,"href":"https:\/\/infonews.az\/index.php?rest_route=\/wp\/v2\/media\/44130"}],"wp:attachment":[{"href":"https:\/\/infonews.az\/index.php?rest_route=%2Fwp%2Fv2%2Fmedia&parent=44129"}],"wp:term":[{"taxonomy":"category","embeddable":true,"href":"https:\/\/infonews.az\/index.php?rest_route=%2Fwp%2Fv2%2Fcategories&post=44129"},{"taxonomy":"post_tag","embeddable":true,"href":"https:\/\/infonews.az\/index.php?rest_route=%2Fwp%2Fv2%2Ftags&post=44129"}],"curies":[{"name":"wp","href":"https:\/\/api.w.org\/{rel}","templated":true}]}}