{"id":44176,"date":"2024-05-23T12:09:03","date_gmt":"2024-05-23T08:09:03","guid":{"rendered":"https:\/\/infonews.az\/?p=44176"},"modified":"2024-05-23T12:09:03","modified_gmt":"2024-05-23T08:09:03","slug":"inkluziv-sosial-mudafi%c9%99-yeni-kitab","status":"publish","type":"post","link":"https:\/\/infonews.az\/?p=44176","title":{"rendered":"\u201c\u0130nkl\u00fcziv sosial m\u00fcdafi\u0259\u201d &#8211; YEN\u0130 K\u0130TAB"},"content":{"rendered":"<p><span style=\"color: #ffffff;\">\u201c\u0130nkl\u00fcziv sosial m\u00fcdafi\u0259\u201d &#8211; YEN\u0130 K\u0130TAB <\/span><\/p>\n<blockquote><p>Elm v\u0259 T\u0259hsil Nazirliyi \u0130qtisadiyyat \u0130nstitutunun \u0130nkl\u00fcziv sosial inki\u015faf \u015f\u00f6b\u0259sinin m\u00fcdiri iqtisad elml\u0259ri doktoru R\u0259smiyy\u0259 Abdullayevan\u0131n \u201c\u0130nkl\u00fcziv sosial m\u00fcdafi\u0259\u201d kitab\u0131 \u00e7apdan \u00e7\u0131x\u0131b.<\/p><\/blockquote>\n<p><a href=\"https:\/\/infonews.az\/?p=44176\"><span style=\"color: #333399;\"><strong>&#8220;\u0130NFONEWS&#8221;<\/strong><\/span><\/a> x\u0259b\u0259r verir ki, \u0130qtisadiyyat \u0130nstitutunun Elmi \u015furas\u0131n\u0131n q\u0259rar\u0131 il\u0259 n\u0259\u015fr edil\u0259n monoqrafiyan\u0131n elmi redaktoru professor Nazim M\u00fcz\u0259ff\u0259rli, r\u0259y\u00e7il\u0259ri professor R\u0259\u015fad Muradov v\u0259 dosent Allahyar Muradovdur. Monoqrafiyada inkl\u00fcziv sosial m\u00fcdafi\u0259 sisteminin n\u0259z\u0259ri \u0259saslar\u0131, sosial m\u00fcdafi\u0259 sisteminin d\u00f6vl\u0259t t\u0259nziml\u0259m\u0259si istiqam\u0259tl\u0259ri verilib. \u018fs\u0259rd\u0259 Az\u0259rbaycan\u0131n sosial m\u00fcdafi\u0259 sisteminin m\u00f6vcud v\u0259ziyy\u0259ti qiym\u0259tl\u0259ndirilib, \u00f6lk\u0259mizd\u0259 sosial m\u00fcdafi\u0259 sisteminin t\u0259kmill\u0259\u015fdirilm\u0259si istiqam\u0259tl\u0259ri g\u00f6st\u0259rilib.<\/p>\n<p>Kitab elmi i\u015f\u00e7il\u0259r, ali m\u0259kt\u0259b m\u00fc\u0259lliml\u0259ri, t\u0259l\u0259b\u0259l\u0259r, doktorantlar v\u0259 geni\u015f oxucu k\u00fctl\u0259si \u00fc\u00e7\u00fcn n\u0259z\u0259rd\u0259 tutulub.<\/p>\n","protected":false},"excerpt":{"rendered":"<p>\u201c\u0130nkl\u00fcziv sosial m\u00fcdafi\u0259\u201d &#8211; YEN\u0130 K\u0130TAB Elm v\u0259 T\u0259hsil Nazirliyi \u0130qtisadiyyat \u0130nstitutunun \u0130nkl\u00fcziv sosial inki\u015faf \u015f\u00f6b\u0259sinin m\u00fcdiri iqtisad elml\u0259ri doktoru R\u0259smiyy\u0259 Abdullayevan\u0131n \u201c\u0130nkl\u00fcziv sosial m\u00fcdafi\u0259\u201d kitab\u0131 \u00e7apdan \u00e7\u0131x\u0131b. &#8220;\u0130NFONEWS&#8221; x\u0259b\u0259r&hellip; <\/p>\n","protected":false},"author":14,"featured_media":44177,"comment_status":"open","ping_status":"open","sticky":false,"template":"","format":"standard","meta":{"_mi_skip_tracking":false,"_monsterinsights_sitenote_active":false,"_monsterinsights_sitenote_note":"","_monsterinsights_sitenote_category":0,"footnotes":""},"categories":[11,3],"tags":[9260,15,7529,13653],"aioseo_notices":[],"_links":{"self":[{"href":"https:\/\/infonews.az\/index.php?rest_route=\/wp\/v2\/posts\/44176"}],"collection":[{"href":"https:\/\/infonews.az\/index.php?rest_route=\/wp\/v2\/posts"}],"about":[{"href":"https:\/\/infonews.az\/index.php?rest_route=\/wp\/v2\/types\/post"}],"author":[{"embeddable":true,"href":"https:\/\/infonews.az\/index.php?rest_route=\/wp\/v2\/users\/14"}],"replies":[{"embeddable":true,"href":"https:\/\/infonews.az\/index.php?rest_route=%2Fwp%2Fv2%2Fcomments&post=44176"}],"version-history":[{"count":1,"href":"https:\/\/infonews.az\/index.php?rest_route=\/wp\/v2\/posts\/44176\/revisions"}],"predecessor-version":[{"id":44178,"href":"https:\/\/infonews.az\/index.php?rest_route=\/wp\/v2\/posts\/44176\/revisions\/44178"}],"wp:featuredmedia":[{"embeddable":true,"href":"https:\/\/infonews.az\/index.php?rest_route=\/wp\/v2\/media\/44177"}],"wp:attachment":[{"href":"https:\/\/infonews.az\/index.php?rest_route=%2Fwp%2Fv2%2Fmedia&parent=44176"}],"wp:term":[{"taxonomy":"category","embeddable":true,"href":"https:\/\/infonews.az\/index.php?rest_route=%2Fwp%2Fv2%2Fcategories&post=44176"},{"taxonomy":"post_tag","embeddable":true,"href":"https:\/\/infonews.az\/index.php?rest_route=%2Fwp%2Fv2%2Ftags&post=44176"}],"curies":[{"name":"wp","href":"https:\/\/api.w.org\/{rel}","templated":true}]}}