{"id":44182,"date":"2024-05-23T12:32:53","date_gmt":"2024-05-23T08:32:53","guid":{"rendered":"https:\/\/infonews.az\/?p=44182"},"modified":"2024-05-23T12:32:53","modified_gmt":"2024-05-23T08:32:53","slug":"nazir-samir-s%c9%99rifovdan-inflyasiya-il%c9%99-bagli-aciqlama","status":"publish","type":"post","link":"https:\/\/infonews.az\/?p=44182","title":{"rendered":"Nazir Samir \u015e\u0259rifovdan inflyasiya il\u0259 ba\u011fl\u0131 A\u00c7IQLAMA"},"content":{"rendered":"<p><span style=\"color: #ffffff;\">Nazir Samir \u015e\u0259rifovdan inflyasiya il\u0259 ba\u011fl\u0131\u00a0A\u00c7IQLAMA<\/span><\/p>\n<blockquote><p><strong>\u201cAz\u0259rbaycan h\u00f6k\u00fcm\u0259ti t\u0259r\u0259find\u0259n at\u0131lan add\u0131mlar say\u0259sind\u0259 \u00f6t\u0259n il orta illik inflyasiya birr\u0259q\u0259mli h\u0259dd\u0259 d\u00fc\u015f\u00fcb\u201d.\u00a0<\/strong><\/p><\/blockquote>\n<p><a href=\"https:\/\/infonews.az\/?p=44182\"><span style=\"color: #333399;\"><strong>&#8220;\u0130NFONEWS&#8221;<\/strong><\/span><\/a>\u00a0x\u0259b\u0259r verir ki, bunu Milli M\u0259clisin \u0130qtisadi siyas\u0259t, s\u0259naye v\u0259 sahibkarl\u0131q komit\u0259sinin bu g\u00fcn ke\u00e7iril\u0259n iclas\u0131nda maliyy\u0259 naziri Samir \u015e\u0259rifov deyib.<\/p>\n<p>\u201cU\u011furlu inflayasiya t\u0259dbirl\u0259ri cari ild\u0259d\u0259 davam etm\u0259kd\u0259dir. \u0130lk d\u00f6rd ayda illik inflyasiya a\u015fa\u011f\u0131 olmaqda davam edir. \u00d6t\u0259n il Az\u0259rbaycanda \u00dcDM art\u0131m\u0131 qeyd\u0259 al\u0131nm\u0131\u015f v\u0259 bu art\u0131m\u0131n ham\u0131s\u0131 qeyri-neft sektorunun hesab\u0131na olub. \u00a0\u00d6lk\u0259mizin iqtisadiyyat\u0131nda struktur d\u0259yi\u015fikl\u0259ri ba\u015f verib. Bel\u0259 ki, neft-qaz sektorunda azalma qeyd\u0259 al\u0131n\u0131b. Bu g\u00f6st\u0259ricil\u0259r qeyri-neft sektorunun daha da s\u00fcr\u0259tli art\u0131r\u0131lmas\u0131n\u0131n \u00f6n\u0259mini g\u00f6st\u0259rir&#8221; &#8211; dey\u0259 nazir bildirib.<\/p>\n","protected":false},"excerpt":{"rendered":"<p>Nazir Samir \u015e\u0259rifovdan inflyasiya il\u0259 ba\u011fl\u0131\u00a0A\u00c7IQLAMA \u201cAz\u0259rbaycan h\u00f6k\u00fcm\u0259ti t\u0259r\u0259find\u0259n at\u0131lan add\u0131mlar say\u0259sind\u0259 \u00f6t\u0259n il orta illik inflyasiya birr\u0259q\u0259mli h\u0259dd\u0259 d\u00fc\u015f\u00fcb\u201d.\u00a0 &#8220;\u0130NFONEWS&#8221;\u00a0x\u0259b\u0259r verir ki, bunu Milli M\u0259clisin \u0130qtisadi siyas\u0259t, s\u0259naye v\u0259&hellip; <\/p>\n","protected":false},"author":14,"featured_media":44183,"comment_status":"open","ping_status":"open","sticky":false,"template":"","format":"standard","meta":{"_mi_skip_tracking":false,"_monsterinsights_sitenote_active":false,"_monsterinsights_sitenote_note":"","_monsterinsights_sitenote_category":0,"footnotes":""},"categories":[2,11],"tags":[4905,15,13655],"aioseo_notices":[],"_links":{"self":[{"href":"https:\/\/infonews.az\/index.php?rest_route=\/wp\/v2\/posts\/44182"}],"collection":[{"href":"https:\/\/infonews.az\/index.php?rest_route=\/wp\/v2\/posts"}],"about":[{"href":"https:\/\/infonews.az\/index.php?rest_route=\/wp\/v2\/types\/post"}],"author":[{"embeddable":true,"href":"https:\/\/infonews.az\/index.php?rest_route=\/wp\/v2\/users\/14"}],"replies":[{"embeddable":true,"href":"https:\/\/infonews.az\/index.php?rest_route=%2Fwp%2Fv2%2Fcomments&post=44182"}],"version-history":[{"count":1,"href":"https:\/\/infonews.az\/index.php?rest_route=\/wp\/v2\/posts\/44182\/revisions"}],"predecessor-version":[{"id":44184,"href":"https:\/\/infonews.az\/index.php?rest_route=\/wp\/v2\/posts\/44182\/revisions\/44184"}],"wp:featuredmedia":[{"embeddable":true,"href":"https:\/\/infonews.az\/index.php?rest_route=\/wp\/v2\/media\/44183"}],"wp:attachment":[{"href":"https:\/\/infonews.az\/index.php?rest_route=%2Fwp%2Fv2%2Fmedia&parent=44182"}],"wp:term":[{"taxonomy":"category","embeddable":true,"href":"https:\/\/infonews.az\/index.php?rest_route=%2Fwp%2Fv2%2Fcategories&post=44182"},{"taxonomy":"post_tag","embeddable":true,"href":"https:\/\/infonews.az\/index.php?rest_route=%2Fwp%2Fv2%2Ftags&post=44182"}],"curies":[{"name":"wp","href":"https:\/\/api.w.org\/{rel}","templated":true}]}}