{"id":44199,"date":"2024-05-22T13:06:08","date_gmt":"2024-05-22T09:06:08","guid":{"rendered":"https:\/\/infonews.az\/?p=44199"},"modified":"2024-05-25T13:18:07","modified_gmt":"2024-05-25T09:18:07","slug":"isl%c9%99m%c9%99y%c9%99n-s%c9%99xsl%c9%99r-ucun-d%c9%99fn-muavin%c9%99ti-veril%c9%99-bil%c9%99r","status":"publish","type":"post","link":"https:\/\/infonews.az\/?p=44199","title":{"rendered":"\u0130\u015fl\u0259m\u0259y\u0259n \u015f\u0259xsl\u0259r \u00fc\u00e7\u00fcn d\u0259fn m\u00fcavin\u0259ti veril\u0259 bil\u0259r"},"content":{"rendered":"<blockquote><p>\u018fm\u0259k v\u0259 \u018fhalinin Sosial M\u00fcdafi\u0259si Nazirliyi pensiya\u00e7\u0131lara, i\u015fl\u0259y\u0259n v\u0259 dig\u0259r \u015f\u0259xsl\u0259r\u0259 d\u0259fn m\u00fcavin\u0259ti verir.<\/p><\/blockquote>\n<p><a href=\"https:\/\/infonews.az\/\"><strong>\u201c\u0130NFONEWS\u201d<\/strong><\/a> x\u0259b\u0259r verir ki, bunu Milli M\u0259clisin \u018fm\u0259k v\u0259 sosial siyas\u0259t komit\u0259sinin iclas\u0131nda \u0259m\u0259k v\u0259 \u0259halinin sosial m\u00fcdafi\u0259si naziri Sahil Babayev deyib.<\/p>\n<p>&nbsp;<\/p>\n<div id=\"AinsyndicationPlayerId1716627553\" class=\"inpage\" data-viewable=\"1\">\n<div class=\"inpage-wrap\">\n<div class=\"smrt-info\"><i class=\"smrt-l\"><\/i><\/p>\n<div class=\"smrt-wrap\">\n<div class=\"smrt-back\">\u201cYaln\u0131z i\u015fl\u0259y\u0259m\u0259y\u0259n, h\u0259r hans\u0131 f\u0259rdi hesabda \u00f6d\u0259ni\u015fi olmayan \u015f\u0259xsl\u0259r\u0259 h\u0259min v\u0259sait \u00f6d\u0259nilmir. Bu m\u0259s\u0259l\u0259ni d\u0259f\u0259l\u0259rl\u0259 Milli M\u0259clisd\u0259 g\u00fcnd\u0259m\u0259 g\u0259tiribl\u0259r. S\u0131rf maliyy\u0259 t\u0259minat\u0131 bax\u0131m\u0131ndan Maliyy\u0259 Nazirliyi il\u0259 n\u00f6vb\u0259ti m\u0259rh\u0259l\u0259d\u0259 m\u00fczakir\u0259l\u0259rimiz olacaq. Maliyy\u0259 t\u0259minat\u0131 olaca\u011f\u0131 t\u0259qdird\u0259 bunu s\u00fcr\u0259tli\u015f\u0259kild\u0259 t\u0259min ed\u0259 bil\u0259c\u0259yik\u201d, &#8211; dey\u0259 nazir bildirib.<\/div>\n<\/div>\n<\/div>\n<\/div>\n<\/div>\n<p>Qeyd ed\u0259k ki, iclasda komit\u0259 s\u0259dri Musa Quliyev b\u0259zi kateqoriyadan olan v\u0259t\u0259nda\u015flara d\u0259fn m\u00fcavin\u0259tl\u0259rinin verilm\u0259sini t\u0259klif edib.<\/p>\n","protected":false},"excerpt":{"rendered":"<p>\u018fm\u0259k v\u0259 \u018fhalinin Sosial M\u00fcdafi\u0259si Nazirliyi pensiya\u00e7\u0131lara, i\u015fl\u0259y\u0259n v\u0259 dig\u0259r \u015f\u0259xsl\u0259r\u0259 d\u0259fn m\u00fcavin\u0259ti verir. \u201c\u0130NFONEWS\u201d x\u0259b\u0259r verir ki, bunu Milli M\u0259clisin \u018fm\u0259k v\u0259 sosial siyas\u0259t komit\u0259sinin iclas\u0131nda \u0259m\u0259k v\u0259 \u0259halinin&hellip; <\/p>\n","protected":false},"author":30,"featured_media":44200,"comment_status":"open","ping_status":"open","sticky":false,"template":"","format":"standard","meta":{"_mi_skip_tracking":false,"_monsterinsights_sitenote_active":false,"_monsterinsights_sitenote_note":"","_monsterinsights_sitenote_category":0,"footnotes":""},"categories":[11,7],"tags":[9564,13660,32,4734,53,5001],"aioseo_notices":[],"_links":{"self":[{"href":"https:\/\/infonews.az\/index.php?rest_route=\/wp\/v2\/posts\/44199"}],"collection":[{"href":"https:\/\/infonews.az\/index.php?rest_route=\/wp\/v2\/posts"}],"about":[{"href":"https:\/\/infonews.az\/index.php?rest_route=\/wp\/v2\/types\/post"}],"author":[{"embeddable":true,"href":"https:\/\/infonews.az\/index.php?rest_route=\/wp\/v2\/users\/30"}],"replies":[{"embeddable":true,"href":"https:\/\/infonews.az\/index.php?rest_route=%2Fwp%2Fv2%2Fcomments&post=44199"}],"version-history":[{"count":1,"href":"https:\/\/infonews.az\/index.php?rest_route=\/wp\/v2\/posts\/44199\/revisions"}],"predecessor-version":[{"id":44201,"href":"https:\/\/infonews.az\/index.php?rest_route=\/wp\/v2\/posts\/44199\/revisions\/44201"}],"wp:featuredmedia":[{"embeddable":true,"href":"https:\/\/infonews.az\/index.php?rest_route=\/wp\/v2\/media\/44200"}],"wp:attachment":[{"href":"https:\/\/infonews.az\/index.php?rest_route=%2Fwp%2Fv2%2Fmedia&parent=44199"}],"wp:term":[{"taxonomy":"category","embeddable":true,"href":"https:\/\/infonews.az\/index.php?rest_route=%2Fwp%2Fv2%2Fcategories&post=44199"},{"taxonomy":"post_tag","embeddable":true,"href":"https:\/\/infonews.az\/index.php?rest_route=%2Fwp%2Fv2%2Ftags&post=44199"}],"curies":[{"name":"wp","href":"https:\/\/api.w.org\/{rel}","templated":true}]}}