{"id":44249,"date":"2024-05-23T12:25:44","date_gmt":"2024-05-23T08:25:44","guid":{"rendered":"https:\/\/infonews.az\/?p=44249"},"modified":"2024-05-26T12:37:52","modified_gmt":"2024-05-26T08:37:52","slug":"birinci-qarabag-muharib%c9%99sind%c9%99-itkin-dusmus-30-il-sonra-kimliyi-mu%c9%99yy%c9%99n-edil%c9%99n-s%c9%99hidin-qaliqlari-sumqayitda-d%c9%99fn-olunub","status":"publish","type":"post","link":"https:\/\/infonews.az\/?p=44249","title":{"rendered":"Birinci Qaraba\u011f m\u00fcharib\u0259sind\u0259 itkin d\u00fc\u015fm\u00fc\u015f, 30 il sonra kimliyi m\u00fc\u0259yy\u0259n edil\u0259n \u015f\u0259hidin qal\u0131qlar\u0131 Sumqay\u0131tda d\u0259fn olunub"},"content":{"rendered":"<blockquote><p>Birinci Qaraba\u011f m\u00fcharib\u0259sind\u0259 itkin d\u00fc\u015fm\u00fc\u015f, 30 ild\u0259n sonra d\u0259fn yeri v\u0259 kimliyi m\u00fc\u0259yy\u0259n edil\u0259n \u015f\u0259hid \u018fl\u0259kb\u0259rov Cavid Fazil o\u011flunun qal\u0131qlar\u0131 torpa\u011fa tap\u015f\u0131r\u0131l\u0131b.<\/p><\/blockquote>\n<p><a href=\"https:\/\/infonews.az\/\"><strong>\u201c\u0130NFONEWS\u201d<\/strong><\/a>\u00a0 APA-ya istinad\u0259n x\u0259b\u0259r verir ki, \u015f\u0259hid Cavid \u018fl\u0259kb\u0259rovla Sumqay\u0131tda vida m\u0259rasimi ke\u00e7irilib.<\/p>\n<p>&nbsp;<\/p>\n<p>Daha sonra \u015f\u0259hidin qal\u0131qlar\u0131 Sumqay\u0131t \u015e\u0259hidl\u0259r xiyaban\u0131nda d\u0259fn edilib.<\/p>\n<p>Qeyd ed\u0259k ki, \u018fl\u0259kb\u0259rov Cavid Fazil o\u011flu 1975-ci il aprelin 25-d\u0259 Qubadl\u0131 rayonunun Novlu k\u0259ndind\u0259 anadan olub.\u00a01993-c\u00fc ild\u0259 Millli Ordu s\u0131ralar\u0131nda h\u0259qiqi h\u0259rbi xidm\u0259td\u0259 olub. K\u0259lb\u0259c\u0259rd\u0259, Murovda\u011f v\u0259 \u0259traf y\u00fcks\u0259klikl\u0259r u\u011frunda d\u00f6y\u00fc\u015fl\u0259rd\u0259 i\u015ftirak edib. 1994-c\u00fc il fevral\u0131n 16-da Murovda\u011f y\u00fcks\u0259kliyind\u0259\u00a0itkin d\u00fc\u015f\u00fcb.<\/p>\n<p>G\u0259nc\u0259 \u015f\u0259h\u0259rind\u0259ki \u015e\u0259hidl\u0259r xiyaban\u0131nda nam\u0259lum \u015f\u0259hid kimi d\u0259fn olunub.<\/p>\n","protected":false},"excerpt":{"rendered":"<p>Birinci Qaraba\u011f m\u00fcharib\u0259sind\u0259 itkin d\u00fc\u015fm\u00fc\u015f, 30 ild\u0259n sonra d\u0259fn yeri v\u0259 kimliyi m\u00fc\u0259yy\u0259n edil\u0259n \u015f\u0259hid \u018fl\u0259kb\u0259rov Cavid Fazil o\u011flunun qal\u0131qlar\u0131 torpa\u011fa tap\u015f\u0131r\u0131l\u0131b. \u201c\u0130NFONEWS\u201d\u00a0 APA-ya istinad\u0259n x\u0259b\u0259r verir ki, \u015f\u0259hid Cavid&hellip; <\/p>\n","protected":false},"author":30,"featured_media":44250,"comment_status":"open","ping_status":"open","sticky":false,"template":"","format":"standard","meta":{"_mi_skip_tracking":false,"_monsterinsights_sitenote_active":false,"_monsterinsights_sitenote_note":"","_monsterinsights_sitenote_category":0,"footnotes":""},"categories":[330,11],"tags":[555,13682,13683,8224],"aioseo_notices":[],"_links":{"self":[{"href":"https:\/\/infonews.az\/index.php?rest_route=\/wp\/v2\/posts\/44249"}],"collection":[{"href":"https:\/\/infonews.az\/index.php?rest_route=\/wp\/v2\/posts"}],"about":[{"href":"https:\/\/infonews.az\/index.php?rest_route=\/wp\/v2\/types\/post"}],"author":[{"embeddable":true,"href":"https:\/\/infonews.az\/index.php?rest_route=\/wp\/v2\/users\/30"}],"replies":[{"embeddable":true,"href":"https:\/\/infonews.az\/index.php?rest_route=%2Fwp%2Fv2%2Fcomments&post=44249"}],"version-history":[{"count":1,"href":"https:\/\/infonews.az\/index.php?rest_route=\/wp\/v2\/posts\/44249\/revisions"}],"predecessor-version":[{"id":44251,"href":"https:\/\/infonews.az\/index.php?rest_route=\/wp\/v2\/posts\/44249\/revisions\/44251"}],"wp:featuredmedia":[{"embeddable":true,"href":"https:\/\/infonews.az\/index.php?rest_route=\/wp\/v2\/media\/44250"}],"wp:attachment":[{"href":"https:\/\/infonews.az\/index.php?rest_route=%2Fwp%2Fv2%2Fmedia&parent=44249"}],"wp:term":[{"taxonomy":"category","embeddable":true,"href":"https:\/\/infonews.az\/index.php?rest_route=%2Fwp%2Fv2%2Fcategories&post=44249"},{"taxonomy":"post_tag","embeddable":true,"href":"https:\/\/infonews.az\/index.php?rest_route=%2Fwp%2Fv2%2Ftags&post=44249"}],"curies":[{"name":"wp","href":"https:\/\/api.w.org\/{rel}","templated":true}]}}