{"id":44353,"date":"2024-05-29T07:38:19","date_gmt":"2024-05-29T03:38:19","guid":{"rendered":"https:\/\/infonews.az\/?p=44353"},"modified":"2024-05-29T08:43:39","modified_gmt":"2024-05-29T04:43:39","slug":"isvecr%c9%99d%c9%99-az%c9%99rbaycanin-must%c9%99qillik-gunu-t%c9%99nt%c9%99n%c9%99li-s%c9%99kild%c9%99-qeyd-edilib","status":"publish","type":"post","link":"https:\/\/infonews.az\/?p=44353","title":{"rendered":"\u0130sve\u00e7r\u0259d\u0259 Az\u0259rbaycan\u0131n M\u00fcst\u0259qillik G\u00fcn\u00fc t\u0259nt\u0259n\u0259li \u015f\u0259kild\u0259 qeyd edilib"},"content":{"rendered":"<p class=\"entry-title\"><span style=\"color: #ffffff;\">\u0130sve\u00e7r\u0259d\u0259 Az\u0259rbaycan\u0131n M\u00fcst\u0259qillik G\u00fcn\u00fc t\u0259nt\u0259n\u0259li \u015f\u0259kild\u0259 qeyd edilib<\/span><\/p>\n<blockquote><p>Az\u0259rbaycan\u0131n \u0130sve\u00e7r\u0259nin Bern \u015f\u0259h\u0259rind\u0259ki s\u0259firliyind\u0259 28 May &#8211; M\u00fcst\u0259qillik G\u00fcn\u00fcn\u0259 h\u0259sr olunmu\u015f r\u0259smi q\u0259bul ke\u00e7irilib.<\/p><\/blockquote>\n<p><a href=\"https:\/\/infonews.az\/?p=44353\"><span style=\"color: #333399;\"><strong>&#8220;\u0130NFONEWS&#8221;<\/strong><\/span><\/a> x\u0259b\u0259r verir ki, q\u0259bulda \u0130sve\u00e7r\u0259d\u0259 f\u0259aliyy\u0259t g\u00f6st\u0259r\u0259n diplomatik korpusun, d\u00f6vl\u0259t qurumlar\u0131n\u0131n, siyasi, m\u0259d\u0259ni, i\u015fg\u00fczar dair\u0259l\u0259rin, Az\u0259rbaycan diasporas\u0131n\u0131n v\u0259 yerli ictimaiyy\u0259tin n\u00fcmay\u0259nd\u0259l\u0259ri i\u015ftirak edibl\u0259r.<\/p>\n<p>Az\u0259rbaycan\u0131n \u0130sve\u00e7r\u0259 Konfederasiyas\u0131 v\u0259 Lixten\u015fteyn Knyazl\u0131\u011f\u0131ndak\u0131 s\u0259firi Fuad \u0130sg\u0259nd\u0259rov 106 il \u0259vv\u0259l may\u0131n 28-d\u0259 \u015e\u0259rqd\u0259, m\u00fcs\u0259lman d\u00fcnyas\u0131nda ilk parlamentli demokratik d\u00f6vl\u0259t &#8211; Az\u0259rbaycan Xalq C\u00fcmhuriyy\u0259tinin quruldu\u011funu bildirib.<\/p>\n<p>S\u0259fir Xalq C\u00fcmhuriyy\u0259tinin ke\u00e7diyi yoldan s\u00f6z a\u00e7\u0131b, m\u00fcs\u0259lman d\u00fcnyas\u0131nda ilk demokratik \u00f6lk\u0259 olan Az\u0259rbaycan Demokratik Respublikas\u0131n\u0131n tarixi \u0259h\u0259miyy\u0259tind\u0259n, 23 ayl\u0131q d\u00f6vr\u00fc \u0259rzind\u0259 qazand\u0131\u011f\u0131 u\u011furlardan, onun m\u00fcst\u0259qillik yolundak\u0131 m\u00fcbariz\u0259sind\u0259n dan\u0131\u015f\u0131b.<\/p>\n<p>S\u0259fir qeyd edib ki, Ulu \u00d6nd\u0259rin \u00f6lk\u0259d\u0259 apard\u0131\u011f\u0131 k\u00f6kl\u00fc islahatlar v\u0259 d\u0259qiq m\u00fc\u0259yy\u0259n edilmi\u015f strategiya Az\u0259rbaycan\u0131 dinamik inki\u015fafa malik m\u00fcasir d\u00f6vl\u0259t\u0259 \u00e7evirdi.<\/p>\n<p>Prezident \u0130lham \u018fliyevin siyas\u0259ti n\u0259tic\u0259sind\u0259 \u00f6lk\u0259miz beyn\u0259lxalq arenada layiqli yerini tutub.<\/p>\n<p>Az\u0259rbaycan\u0131n regionda davaml\u0131 s\u00fclh v\u0259 inki\u015faf \u00fc\u00e7\u00fcn \u00e7al\u0131\u015fd\u0131\u011f\u0131n\u0131 dey\u0259n F.\u0130sg\u0259nd\u0259rov suverenliyimizin b\u0259rpas\u0131n\u0131n b\u00fct\u00fcn Qafqaz regionunda yeni reall\u0131qlar yaratd\u0131\u011f\u0131n\u0131 deyib.<\/p>\n<p>S\u0259fir Az\u0259rbaycan-\u0130sve\u00e7r\u0259 m\u00fcnasib\u0259tl\u0259rinin u\u011furla inki\u015faf etdiyini, m\u00fcxt\u0259lif sah\u0259l\u0259r \u00fczr\u0259 f\u0259al dialoqun apar\u0131ld\u0131\u011f\u0131n\u0131, bir \u00e7ox \u0130sve\u00e7r\u0259 \u015firk\u0259tl\u0259rinin Az\u0259rbaycanda f\u0259aliyy\u0259t g\u00f6st\u0259rdiyini diqq\u0259t\u0259 \u00e7atd\u0131r\u0131b.<\/p>\n<p>T\u0259dbirin b\u0259dii hiss\u0259si konsert proqram\u0131 il\u0259 davam edib.<\/p>\n","protected":false},"excerpt":{"rendered":"<p>\u0130sve\u00e7r\u0259d\u0259 Az\u0259rbaycan\u0131n M\u00fcst\u0259qillik G\u00fcn\u00fc t\u0259nt\u0259n\u0259li \u015f\u0259kild\u0259 qeyd edilib Az\u0259rbaycan\u0131n \u0130sve\u00e7r\u0259nin Bern \u015f\u0259h\u0259rind\u0259ki s\u0259firliyind\u0259 28 May &#8211; M\u00fcst\u0259qillik G\u00fcn\u00fcn\u0259 h\u0259sr olunmu\u015f r\u0259smi q\u0259bul ke\u00e7irilib. &#8220;\u0130NFONEWS&#8221; x\u0259b\u0259r verir ki, q\u0259bulda \u0130sve\u00e7r\u0259d\u0259 f\u0259aliyy\u0259t&hellip; <\/p>\n","protected":false},"author":14,"featured_media":44354,"comment_status":"open","ping_status":"open","sticky":false,"template":"","format":"standard","meta":{"_mi_skip_tracking":false,"_monsterinsights_sitenote_active":false,"_monsterinsights_sitenote_note":"","_monsterinsights_sitenote_category":0,"footnotes":""},"categories":[5373,6,11],"tags":[13704,13706,15,5223],"aioseo_notices":[],"_links":{"self":[{"href":"https:\/\/infonews.az\/index.php?rest_route=\/wp\/v2\/posts\/44353"}],"collection":[{"href":"https:\/\/infonews.az\/index.php?rest_route=\/wp\/v2\/posts"}],"about":[{"href":"https:\/\/infonews.az\/index.php?rest_route=\/wp\/v2\/types\/post"}],"author":[{"embeddable":true,"href":"https:\/\/infonews.az\/index.php?rest_route=\/wp\/v2\/users\/14"}],"replies":[{"embeddable":true,"href":"https:\/\/infonews.az\/index.php?rest_route=%2Fwp%2Fv2%2Fcomments&post=44353"}],"version-history":[{"count":1,"href":"https:\/\/infonews.az\/index.php?rest_route=\/wp\/v2\/posts\/44353\/revisions"}],"predecessor-version":[{"id":44355,"href":"https:\/\/infonews.az\/index.php?rest_route=\/wp\/v2\/posts\/44353\/revisions\/44355"}],"wp:featuredmedia":[{"embeddable":true,"href":"https:\/\/infonews.az\/index.php?rest_route=\/wp\/v2\/media\/44354"}],"wp:attachment":[{"href":"https:\/\/infonews.az\/index.php?rest_route=%2Fwp%2Fv2%2Fmedia&parent=44353"}],"wp:term":[{"taxonomy":"category","embeddable":true,"href":"https:\/\/infonews.az\/index.php?rest_route=%2Fwp%2Fv2%2Fcategories&post=44353"},{"taxonomy":"post_tag","embeddable":true,"href":"https:\/\/infonews.az\/index.php?rest_route=%2Fwp%2Fv2%2Ftags&post=44353"}],"curies":[{"name":"wp","href":"https:\/\/api.w.org\/{rel}","templated":true}]}}