{"id":44356,"date":"2024-05-29T08:54:30","date_gmt":"2024-05-29T04:54:30","guid":{"rendered":"https:\/\/infonews.az\/?p=44356"},"modified":"2024-05-29T08:54:30","modified_gmt":"2024-05-29T04:54:30","slug":"vasinqton-meri-28-may-must%c9%99qillik-gunu-il%c9%99-bagli-b%c9%99yannam%c9%99-imzalayib","status":"publish","type":"post","link":"https:\/\/infonews.az\/?p=44356","title":{"rendered":"Va\u015finqton meri 28 May &#8211; M\u00fcst\u0259qillik G\u00fcn\u00fc il\u0259 ba\u011fl\u0131 B\u0259yannam\u0259 imzalay\u0131b"},"content":{"rendered":"<p><span style=\"color: #ffffff;\">Va\u015finqton meri 28 May &#8211; M\u00fcst\u0259qillik G\u00fcn\u00fc il\u0259 ba\u011fl\u0131 B\u0259yannam\u0259 imzalay\u0131b<\/span><\/p>\n<p><img loading=\"lazy\" decoding=\"async\" class=\"aligncenter size-full wp-image-44358\" src=\"https:\/\/infonews.az\/wp-content\/uploads\/2024\/05\/6jpg-1716912407.jpg\" alt=\"\" width=\"800\" height=\"1035\" srcset=\"https:\/\/infonews.az\/wp-content\/uploads\/2024\/05\/6jpg-1716912407.jpg 800w, https:\/\/infonews.az\/wp-content\/uploads\/2024\/05\/6jpg-1716912407-232x300.jpg 232w, https:\/\/infonews.az\/wp-content\/uploads\/2024\/05\/6jpg-1716912407-791x1024.jpg 791w, https:\/\/infonews.az\/wp-content\/uploads\/2024\/05\/6jpg-1716912407-768x994.jpg 768w\" sizes=\"(max-width: 800px) 100vw, 800px\" \/><\/p>\n<blockquote><p><strong>AB\u015e-\u0131n paytaxt\u0131 Va\u015finqton \u015f\u0259h\u0259rinin meri Myuriel Bouzer Az\u0259rbaycan Demokratik Respublikas\u0131n\u0131n yaranmas\u0131n\u0131n 106-ci illiyi il\u0259 \u0259laq\u0259dar B\u0259yannam\u0259 imzalay\u0131b.<\/strong><\/p><\/blockquote>\n<p><a href=\"https:\/\/infonews.az\/?p=44356\"><span style=\"color: #333399;\"><strong>&#8220;\u0130NFONEWS&#8221; <\/strong><\/span><\/a>x\u0259b\u0259r verir ki, b\u0259yannam\u0259d\u0259 1918-ci il 28 may tarixind\u0259 qad\u0131nlara se\u00e7ki h\u00fcquqlar\u0131n\u0131 t\u0259min edildiyi M\u00fcs\u0259lman \u015e\u0259rqind\u0259 ilk d\u00fcny\u0259vi parlamentli respublika olan Az\u0259rbaycan Demokratik Respublikas\u0131n\u0131n quruldu\u011fu bildirilib.<\/p>\n<p>Eyni zamanda Az\u0259rbaycan Demokratik Respublikas\u0131n\u0131n yaranmas\u0131 m\u00fcnasib\u0259til\u0259 d\u00fcnyada 50 milyondan \u00e7ox az\u0259rbaycanl\u0131n\u0131n M\u00fcst\u0259qillik G\u00fcn\u00fcn\u00fc qeyd etdiyi vur\u011fulan\u0131b.<\/p>\n<p>Bundan ba\u015fqa B\u0259yannam\u0259d\u0259 bu il Az\u0259rbaycan\u0131n m\u00fcst\u0259qilliyinin b\u0259rpas\u0131ndan otuz \u00fc\u00e7 il v\u0259 AB\u015e il\u0259 Az\u0259rbaycan aras\u0131nda diplomatik \u0259laq\u0259l\u0259rin qurulmas\u0131ndan otuz iki il ke\u00e7diyi qeyd olunub.<\/p>\n<p>Mer Bouzer imzalad\u0131\u011f\u0131 B\u0259yannam\u0259d\u0259 Va\u015finqtonda Az\u0259rbaycan S\u0259firliyinin m\u00f6vcudlu\u011fu v\u0259 Az\u0259rbaycan icmas\u0131n\u0131n \u015f\u0259h\u0259rin t\u0259hsil v\u0259 m\u0259d\u0259niyy\u0259t m\u00fcxt\u0259lifliyin\u0259 verdiyi t\u00f6hf\u0259l\u0259rl\u0259 \u00e7ox z\u0259nginl\u0259\u015fdikl\u0259rini qeyd edib.<\/p>\n<p>Qeyd ed\u0259k ki, Va\u015finqton meri t\u0259r\u0259find\u0259n h\u0259r il 28 may tarixind\u0259 B\u0259yannam\u0259 imzalamas\u0131 art\u0131q \u0259n\u0259n\u0259y\u0259 \u00e7evrilib.<\/p>\n","protected":false},"excerpt":{"rendered":"<p>Va\u015finqton meri 28 May &#8211; M\u00fcst\u0259qillik G\u00fcn\u00fc il\u0259 ba\u011fl\u0131 B\u0259yannam\u0259 imzalay\u0131b AB\u015e-\u0131n paytaxt\u0131 Va\u015finqton \u015f\u0259h\u0259rinin meri Myuriel Bouzer Az\u0259rbaycan Demokratik Respublikas\u0131n\u0131n yaranmas\u0131n\u0131n 106-ci illiyi il\u0259 \u0259laq\u0259dar B\u0259yannam\u0259 imzalay\u0131b. &#8220;\u0130NFONEWS&#8221; x\u0259b\u0259r&hellip; <\/p>\n","protected":false},"author":14,"featured_media":44357,"comment_status":"open","ping_status":"open","sticky":false,"template":"","format":"standard","meta":{"_mi_skip_tracking":false,"_monsterinsights_sitenote_active":false,"_monsterinsights_sitenote_note":"","_monsterinsights_sitenote_category":0,"footnotes":""},"categories":[9,6,11],"tags":[8539,13704,13499,13707],"aioseo_notices":[],"_links":{"self":[{"href":"https:\/\/infonews.az\/index.php?rest_route=\/wp\/v2\/posts\/44356"}],"collection":[{"href":"https:\/\/infonews.az\/index.php?rest_route=\/wp\/v2\/posts"}],"about":[{"href":"https:\/\/infonews.az\/index.php?rest_route=\/wp\/v2\/types\/post"}],"author":[{"embeddable":true,"href":"https:\/\/infonews.az\/index.php?rest_route=\/wp\/v2\/users\/14"}],"replies":[{"embeddable":true,"href":"https:\/\/infonews.az\/index.php?rest_route=%2Fwp%2Fv2%2Fcomments&post=44356"}],"version-history":[{"count":1,"href":"https:\/\/infonews.az\/index.php?rest_route=\/wp\/v2\/posts\/44356\/revisions"}],"predecessor-version":[{"id":44359,"href":"https:\/\/infonews.az\/index.php?rest_route=\/wp\/v2\/posts\/44356\/revisions\/44359"}],"wp:featuredmedia":[{"embeddable":true,"href":"https:\/\/infonews.az\/index.php?rest_route=\/wp\/v2\/media\/44357"}],"wp:attachment":[{"href":"https:\/\/infonews.az\/index.php?rest_route=%2Fwp%2Fv2%2Fmedia&parent=44356"}],"wp:term":[{"taxonomy":"category","embeddable":true,"href":"https:\/\/infonews.az\/index.php?rest_route=%2Fwp%2Fv2%2Fcategories&post=44356"},{"taxonomy":"post_tag","embeddable":true,"href":"https:\/\/infonews.az\/index.php?rest_route=%2Fwp%2Fv2%2Ftags&post=44356"}],"curies":[{"name":"wp","href":"https:\/\/api.w.org\/{rel}","templated":true}]}}