{"id":44370,"date":"2024-05-29T15:52:48","date_gmt":"2024-05-29T11:52:48","guid":{"rendered":"https:\/\/infonews.az\/?p=44370"},"modified":"2024-05-29T15:52:48","modified_gmt":"2024-05-29T11:52:48","slug":"qahir%c9%99d%c9%99-28-may-az%c9%99rbaycanin-must%c9%99qillik-gunu-qeyd-edilib","status":"publish","type":"post","link":"https:\/\/infonews.az\/?p=44370","title":{"rendered":"Qahir\u0259d\u0259 28 May &#8211; Az\u0259rbaycan\u0131n M\u00fcst\u0259qillik G\u00fcn\u00fc qeyd edilib"},"content":{"rendered":"<p><span style=\"color: #ffffff;\">Qahir\u0259d\u0259 28 May &#8211; Az\u0259rbaycan\u0131n M\u00fcst\u0259qillik G\u00fcn\u00fc qeyd edilib<\/span><\/p>\n<blockquote><p>Az\u0259rbaycan Respublikas\u0131n\u0131n Misir \u018fr\u0259b Respublikas\u0131ndak\u0131 s\u0259firliyi 28 May &#8211; M\u00fcst\u0259qillik G\u00fcn\u00fc m\u00fcnasib\u0259til\u0259 Qahir\u0259nin \u201cSofitel Gazerah\u201d otelind\u0259 r\u0259smi q\u0259bul t\u0259\u015fkil edib. T\u0259dbird\u0259 \u018fr\u0259b D\u00f6vl\u0259tl\u0259ri Liqas\u0131n\u0131n sabiq Ba\u015f katibi A. Musa, Misirin sabiq Ba\u015f naziri E. \u015earaf, bu \u00f6lk\u0259nin ictimai-siyasi xadiml\u0259ri, dini konfederasiyalar\u0131n n\u00fcmay\u0259nd\u0259l\u0259ri, Misir Parlamentinin yuxar\u0131 v\u0259 a\u015fa\u011f\u0131 palatalar\u0131n\u0131n \u00fczvl\u0259ri, nazirlikl\u0259rin t\u0259msil\u00e7il\u0259ri, i\u015f adamlar\u0131, jurnalistl\u0259r, m\u00fcxt\u0259lif universitetl\u0259rin r\u0259hb\u0259r v\u0259 m\u00fc\u0259llim hey\u0259ti, Az\u0259rbaycan diasporunun \u00fczvl\u0259ri i\u015ftirak edibl\u0259r.<\/p><\/blockquote>\n<p><a href=\"https:\/\/infonews.az\/?p=44370\"><span style=\"color: #333399;\"><strong>&#8220;\u0130NFONEWS&#8221;<\/strong> <\/span><\/a>&#8211; un s\u0259firlikd\u0259n \u0259ld\u0259 etdiyi m\u0259lumat\u0131nda bildirilib ki, t\u0259dbird\u0259 \u00e7\u0131x\u0131\u015f ed\u0259n Az\u0259rbaycan\u0131n Misird\u0259ki s\u0259firi Elxan Poluxov Az\u0259rbaycan Xalq C\u00fcmhuriyy\u0259tinin yaranmas\u0131 tarixi haqq\u0131nda m\u0259lumat verib. O, 1918-ci il may\u0131n 28-d\u0259 m\u00fcs\u0259lman \u015e\u0259rqind\u0259 elan edilmi\u015f ilk demokratik respublikan\u0131n milli d\u00f6vl\u0259t\u00e7ilik tarixind\u0259 silinm\u0259z izl\u0259r qoydu\u011funu, xalq\u0131m\u0131z\u0131n g\u0259l\u0259c\u0259yi \u00fc\u00e7\u00fcn etibarl\u0131 z\u0259min haz\u0131rlad\u0131\u011f\u0131n\u0131 vur\u011fulay\u0131b. S\u0259fir 2024-c\u00fc ilin m\u00fcst\u0259qilliyimizin 106-ci ild\u00f6n\u00fcm\u00fcn\u00fc il\u0259 yana\u015f\u0131, Az\u0259rbaycan\u0131n Misird\u0259 diplomatik n\u00fcmay\u0259nd\u0259liyinin a\u00e7\u0131lmas\u0131n\u0131n 30 illiyin\u0259 t\u0259sad\u00fcf etdiyini diqq\u0259t\u0259 \u00e7atd\u0131r\u0131b, bununla \u0259laq\u0259dar s\u0259firliyimiz t\u0259r\u0259find\u0259n bir s\u0131ra t\u0259dbirl\u0259rin ke\u00e7irilm\u0259sinin n\u0259z\u0259rd\u0259 tutuldu\u011funu bildirib.<\/p>\n<p>S\u0259fir vur\u011fulay\u0131b ki, Prezident \u0130lham \u018fliyevin r\u0259hb\u0259rliyi il\u0259 xalq\u0131m\u0131z bu il ilk d\u0259f\u0259 olaraq \u0259lam\u0259tdar tarixi \u2013 milli bayram\u0131 Az\u0259rbaycan Respublikas\u0131n\u0131n b\u00fct\u00fcn \u0259razil\u0259ri \u00fcz\u0259rind\u0259 tam b\u0259rpa olunmu\u015f suverenlik \u015f\u0259raitind\u0259 qeyd edir.<\/p>\n<p>Misirl\u0259 Az\u0259rbaycan aras\u0131nda dostluq m\u00fcnasib\u0259tl\u0259rin\u0259 toxunan E.Poluxov bu \u0259laq\u0259l\u0259rin \u00e7ox\u0259srlik tarix\u0259 malik oldu\u011funu qeyd edib, son ill\u0259r y\u00fcks\u0259k s\u0259viyy\u0259d\u0259 qar\u015f\u0131l\u0131ql\u0131 s\u0259f\u0259rl\u0259rin h\u0259yata ke\u00e7irildiyini xat\u0131rlad\u0131b. O \u0259lav\u0259 edib ki, bu s\u0259f\u0259rl\u0259r \u00f6lk\u0259l\u0259rimiz aras\u0131nda \u0259laq\u0259l\u0259rin daha da d\u0259rinl\u0259\u015fm\u0259si \u00fc\u00e7\u00fcn yeni imkanlar yarad\u0131r. S\u0259fir, h\u0259m\u00e7inin Misir il\u0259 Az\u0259rbaycan aras\u0131nda regional v\u0259 beyn\u0259lxalq miqyasda \u0259m\u0259kda\u015fl\u0131q m\u0259s\u0259l\u0259l\u0259rin\u0259 toxunaraq qeyd edib ki, cari ild\u0259 Az\u0259rbaycan COP29 iqlim konfrans\u0131na ev sahibliyi ed\u0259c\u0259k. O, bu m\u00fch\u00fcm t\u0259dbirin y\u00fcks\u0259k s\u0259viyy\u0259d\u0259 t\u0259\u015fkil edil\u0259c\u0259yini \u0259minlikl\u0259 s\u00f6yl\u0259yib v\u0259 \u0259lav\u0259 edib ki, Misir t\u0259r\u0259fi il\u0259 bu vacib t\u0259dbirin t\u0259\u015fkili m\u0259s\u0259l\u0259sind\u0259 t\u0259cr\u00fcb\u0259 m\u00fcbadil\u0259si apar\u0131l\u0131r. \u201cBu \u0259m\u0259kda\u015fl\u0131q \u00f6lk\u0259l\u0259rimiz aras\u0131nda t\u0259r\u0259fda\u015fl\u0131\u011f\u0131n y\u00fcks\u0259k s\u0259viyy\u0259sini n\u00fcmayi\u015f etdirir\u201d, -dey\u0259 diplomat qeyd edib.<\/p>\n<p>Sonra t\u0259dbird\u0259 i\u015ftirak ed\u0259n qonaqlara dig\u0259r m\u0259tb\u0259xl\u0259rl\u0259 yana\u015f\u0131, Az\u0259rbaycan \u015firniyyatlar\u0131 da t\u0259qdim edilib, Az\u0259rbaycan musiqisi s\u0259sl\u0259ndirilib.<\/p>\n<p>T\u0259dbir bir \u00e7ox yerli m\u0259tbuat orqanlar\u0131 t\u0259r\u0259find\u0259n geni\u015f i\u015f\u0131qland\u0131r\u0131l\u0131b.<\/p>\n<p><img loading=\"lazy\" decoding=\"async\" class=\"aligncenter size-full wp-image-44372\" src=\"https:\/\/infonews.az\/wp-content\/uploads\/2024\/05\/17169819336290326487_1200x630.jpg\" alt=\"\" width=\"945\" height=\"630\" srcset=\"https:\/\/infonews.az\/wp-content\/uploads\/2024\/05\/17169819336290326487_1200x630.jpg 945w, https:\/\/infonews.az\/wp-content\/uploads\/2024\/05\/17169819336290326487_1200x630-300x200.jpg 300w, https:\/\/infonews.az\/wp-content\/uploads\/2024\/05\/17169819336290326487_1200x630-768x512.jpg 768w\" sizes=\"(max-width: 945px) 100vw, 945px\" \/><\/p>\n","protected":false},"excerpt":{"rendered":"<p>Qahir\u0259d\u0259 28 May &#8211; Az\u0259rbaycan\u0131n M\u00fcst\u0259qillik G\u00fcn\u00fc qeyd edilib Az\u0259rbaycan Respublikas\u0131n\u0131n Misir \u018fr\u0259b Respublikas\u0131ndak\u0131 s\u0259firliyi 28 May &#8211; M\u00fcst\u0259qillik G\u00fcn\u00fc m\u00fcnasib\u0259til\u0259 Qahir\u0259nin \u201cSofitel Gazerah\u201d otelind\u0259 r\u0259smi q\u0259bul t\u0259\u015fkil edib. T\u0259dbird\u0259&hellip; <\/p>\n","protected":false},"author":14,"featured_media":44371,"comment_status":"open","ping_status":"open","sticky":false,"template":"","format":"standard","meta":{"_mi_skip_tracking":false,"_monsterinsights_sitenote_active":false,"_monsterinsights_sitenote_note":"","_monsterinsights_sitenote_category":0,"footnotes":""},"categories":[4,6,11],"tags":[13704,3901,15,4403],"aioseo_notices":[],"_links":{"self":[{"href":"https:\/\/infonews.az\/index.php?rest_route=\/wp\/v2\/posts\/44370"}],"collection":[{"href":"https:\/\/infonews.az\/index.php?rest_route=\/wp\/v2\/posts"}],"about":[{"href":"https:\/\/infonews.az\/index.php?rest_route=\/wp\/v2\/types\/post"}],"author":[{"embeddable":true,"href":"https:\/\/infonews.az\/index.php?rest_route=\/wp\/v2\/users\/14"}],"replies":[{"embeddable":true,"href":"https:\/\/infonews.az\/index.php?rest_route=%2Fwp%2Fv2%2Fcomments&post=44370"}],"version-history":[{"count":1,"href":"https:\/\/infonews.az\/index.php?rest_route=\/wp\/v2\/posts\/44370\/revisions"}],"predecessor-version":[{"id":44373,"href":"https:\/\/infonews.az\/index.php?rest_route=\/wp\/v2\/posts\/44370\/revisions\/44373"}],"wp:featuredmedia":[{"embeddable":true,"href":"https:\/\/infonews.az\/index.php?rest_route=\/wp\/v2\/media\/44371"}],"wp:attachment":[{"href":"https:\/\/infonews.az\/index.php?rest_route=%2Fwp%2Fv2%2Fmedia&parent=44370"}],"wp:term":[{"taxonomy":"category","embeddable":true,"href":"https:\/\/infonews.az\/index.php?rest_route=%2Fwp%2Fv2%2Fcategories&post=44370"},{"taxonomy":"post_tag","embeddable":true,"href":"https:\/\/infonews.az\/index.php?rest_route=%2Fwp%2Fv2%2Ftags&post=44370"}],"curies":[{"name":"wp","href":"https:\/\/api.w.org\/{rel}","templated":true}]}}