{"id":44384,"date":"2024-05-30T12:49:36","date_gmt":"2024-05-30T08:49:36","guid":{"rendered":"https:\/\/infonews.az\/?p=44384"},"modified":"2024-05-30T15:54:49","modified_gmt":"2024-05-30T11:54:49","slug":"az%c9%99rbaycan-milli-xalca-muzeyinin-yeni-direktoru-t%c9%99yin-olundu","status":"publish","type":"post","link":"https:\/\/infonews.az\/?p=44384","title":{"rendered":"Az\u0259rbaycan Milli Xal\u00e7a Muzeyinin yeni direktoru t\u0259yin olundu"},"content":{"rendered":"<p><span style=\"color: #ffffff;\">Az\u0259rbaycan Milli Xal\u00e7a Muzeyinin yeni direktoru t\u0259yin olundu<\/span><\/p>\n<blockquote><p><strong>\u018fm\u0259kdar m\u0259d\u0259niyy\u0259t i\u015f\u00e7isi, s\u0259n\u0259t\u015f\u00fcnas \u018fmin\u0259 M\u0259likova Az\u0259rbaycan Milli Xal\u00e7a Muzeyinin yeni direktoru t\u0259yin olunub.<\/strong><\/p><\/blockquote>\n<p><a href=\"https:\/\/infonews.az\/?p=44384\"><span style=\"color: #333399;\"><strong>&#8220;\u0130NFONEWS&#8221;<\/strong><\/span><\/a> x\u0259b\u0259r verir ki, bu bar\u0259d\u0259 m\u0259d\u0259niyy\u0259t naziri Adil K\u0259rimli bununla ba\u011fl\u0131 m\u00fcvafiq \u0259mr imzalay\u0131b.<\/p>\n<p>Qeyd ed\u0259k ki, \u018fmin\u0259 Zakir q\u0131z\u0131 M\u0259likova 2000-ci ild\u0259 Jurnalistika ixtisas\u0131 \u00fczr\u0259 bakalavr, 2007-ci ild\u0259 iqtisadiyyat v\u0259 menecment ixtisas\u0131 \u00fczr\u0259 magistratura pill\u0259l\u0259rini bitirib. 2016-c\u0131 ild\u0259n s\u0259n\u0259t\u015f\u00fcnasl\u0131q \u00fczr\u0259 f\u0259ls\u0259f\u0259 doktorudur.<\/p>\n<p>1999-2009-cu ill\u0259rd\u0259 Muzey M\u0259rk\u0259zinin Beyn\u0259lxalq \u0259laq\u0259l\u0259r v\u0259 m\u0259d\u0259ni inki\u015faf \u015f\u00f6b\u0259sinin m\u00fcdiri, 2009-2018-ci ill\u0259rd\u0259 Az\u0259rbaycan Milli \u0130nc\u0259s\u0259n\u0259t Muzeyinin Beyn\u0259lxalq \u0259laq\u0259l\u0259r \u015f\u00f6b\u0259sinin m\u00fcdiri, direktor m\u00fcavini v\u0259zif\u0259l\u0259rind\u0259 i\u015fl\u0259yib. 2018-ci ild\u0259 &#8220;\u0130\u00e7\u0259ri\u015f\u0259h\u0259r&#8221; Muzey M\u0259rk\u0259zinin direktoru t\u0259yin edilib.<\/p>\n<p>\u018f.M\u0259likova 2023-c\u00fc ild\u0259n son t\u0259yinatad\u0259k Heyd\u0259r \u018fliyev M\u0259rk\u0259zi T\u0259dbirl\u0259rin v\u0259 s\u0259rgil\u0259rin t\u0259\u015fkili departamentinin direktoru v\u0259zif\u0259sind\u0259 \u00e7al\u0131\u015f\u0131b.<\/p>\n","protected":false},"excerpt":{"rendered":"<p>Az\u0259rbaycan Milli Xal\u00e7a Muzeyinin yeni direktoru t\u0259yin olundu \u018fm\u0259kdar m\u0259d\u0259niyy\u0259t i\u015f\u00e7isi, s\u0259n\u0259t\u015f\u00fcnas \u018fmin\u0259 M\u0259likova Az\u0259rbaycan Milli Xal\u00e7a Muzeyinin yeni direktoru t\u0259yin olunub. &#8220;\u0130NFONEWS&#8221; x\u0259b\u0259r verir ki, bu bar\u0259d\u0259 m\u0259d\u0259niyy\u0259t naziri&hellip; <\/p>\n","protected":false},"author":14,"featured_media":44385,"comment_status":"open","ping_status":"open","sticky":false,"template":"","format":"standard","meta":{"_mi_skip_tracking":false,"_monsterinsights_sitenote_active":false,"_monsterinsights_sitenote_note":"","_monsterinsights_sitenote_category":0,"footnotes":""},"categories":[4,10,11],"tags":[13140,13712,15],"aioseo_notices":[],"_links":{"self":[{"href":"https:\/\/infonews.az\/index.php?rest_route=\/wp\/v2\/posts\/44384"}],"collection":[{"href":"https:\/\/infonews.az\/index.php?rest_route=\/wp\/v2\/posts"}],"about":[{"href":"https:\/\/infonews.az\/index.php?rest_route=\/wp\/v2\/types\/post"}],"author":[{"embeddable":true,"href":"https:\/\/infonews.az\/index.php?rest_route=\/wp\/v2\/users\/14"}],"replies":[{"embeddable":true,"href":"https:\/\/infonews.az\/index.php?rest_route=%2Fwp%2Fv2%2Fcomments&post=44384"}],"version-history":[{"count":1,"href":"https:\/\/infonews.az\/index.php?rest_route=\/wp\/v2\/posts\/44384\/revisions"}],"predecessor-version":[{"id":44386,"href":"https:\/\/infonews.az\/index.php?rest_route=\/wp\/v2\/posts\/44384\/revisions\/44386"}],"wp:featuredmedia":[{"embeddable":true,"href":"https:\/\/infonews.az\/index.php?rest_route=\/wp\/v2\/media\/44385"}],"wp:attachment":[{"href":"https:\/\/infonews.az\/index.php?rest_route=%2Fwp%2Fv2%2Fmedia&parent=44384"}],"wp:term":[{"taxonomy":"category","embeddable":true,"href":"https:\/\/infonews.az\/index.php?rest_route=%2Fwp%2Fv2%2Fcategories&post=44384"},{"taxonomy":"post_tag","embeddable":true,"href":"https:\/\/infonews.az\/index.php?rest_route=%2Fwp%2Fv2%2Ftags&post=44384"}],"curies":[{"name":"wp","href":"https:\/\/api.w.org\/{rel}","templated":true}]}}