{"id":44498,"date":"2024-06-06T10:12:07","date_gmt":"2024-06-06T06:12:07","guid":{"rendered":"https:\/\/infonews.az\/?p=44498"},"modified":"2024-06-06T10:12:07","modified_gmt":"2024-06-06T06:12:07","slug":"sans-regionlara-d%c9%99st%c9%99k-ictimai-birliyind%c9%99n-yeni-layihe","status":"publish","type":"post","link":"https:\/\/infonews.az\/?p=44498","title":{"rendered":"\u201c\u015eans\u201d Regionlara D\u0259st\u0259k \u0130ctimai Birliyind\u0259n YEN\u0130 LAY\u0130H\u018f"},"content":{"rendered":"<p><span style=\"color: #ffffff;\">\u201c\u015eans\u201d Regionlara D\u0259st\u0259k \u0130ctimai Birliyind\u0259n YEN\u0130 LAY\u0130H\u018f<\/span><\/p>\n<p><a href=\"https:\/\/infonews.az\/?p=44498\"><span style=\"color: #333399;\"><strong>&#8220;\u0130NFONEWS&#8221;<\/strong><\/span><\/a> &#8211; un \u0259ld\u0259 etdiyi m\u0259lumat\u0131na g\u00f6r\u0259, \u201c\u015eans\u201d Regionlara D\u0259st\u0259k \u0130ctimai Birliyinin s\u0259dri Natiq Heyd\u0259rov bildirib ki,\u00a0\u00a0Az\u0259rbaycan m\u00f6ht\u0259\u015f\u0259m Z\u0259f\u0259rini qazansa da postm\u00fcharib\u0259 d\u00f6vr\u00fcnd\u0259 QHT-l\u0259rin kifay\u0259t q\u0259d\u0259r g\u00f6r\u0259c\u0259yi i\u015fl\u0259r var.\u00a0 \u0130\u015f\u011fal\u0131ndan azad olunan \u0259razil\u0259rimizd\u0259 d\u00fc\u015fm\u0259n t\u0259r\u0259fi xeyli sayda minalar basd\u0131r\u0131b. D\u00fc\u015fm\u0259nin bu t\u0259xribatlar\u0131 n\u0259tic\u0259sind\u0259 bu vaxta q\u0259d\u0259r dinc \u0259halimizd\u0259n x\u0259sar\u0259t alanlar, d\u00fcnyas\u0131n d\u0259yi\u015f\u0259nl\u0259r var. \u0130\u015f\u011faldan azad olunmu\u015f bir \u00e7ox \u0259razil\u0259rd\u0259 oldu\u011fu kimi, K\u0259lb\u0259c\u0259r rayonunda da\u00a0 g\u00f6zl\u0259nilm\u0259y\u0259n yerl\u0259rd\u0259 erm\u0259nil\u0259rin basd\u0131rd\u0131qlar\u0131 bu minalar g\u00fcnahs\u0131z insan\u0131n can\u0131n\u0131 al\u0131b. Erm\u0259nil\u0259r b\u00fct\u00fcn h\u00fcquq v\u0259 insanl\u0131q qaydalar\u0131n\u0131 pozaraq bel\u0259 iyr\u0259nc \u0259m\u0259ll\u0259r\u0259 \u0259l at\u0131blar. Baxmayaraq ki, \u00a0Az\u0259rbaycan\u00a0 d\u00f6vl\u0259tinin m\u00fcvafiq qurumlar\u0131\u00a0 minat\u0259mizl\u0259m\u0259 i\u015fl\u0259rini\u00a0 b\u00fct\u00fcn vasit\u0259l\u0259rd\u0259n istifad\u0259 ed\u0259r\u0259k davam etdirir. D\u00fc\u015f\u00fcn\u00fcr\u00fck ki, bu i\u015fd\u0259 QHT-nin potensial\u0131ndan yararlanmaq effektli vasit\u0259l\u0259rd\u0259n biri olacaq. Biz regionlarda \u00e7al\u0131\u015fan QHT olaraq \u0259hali aras\u0131nda geni\u015f\u00a0 maarif\u00e7ilik i\u015fi aparmaq g\u00fcc\u00fcnd\u0259yik.<\/p>\n<p>QHT s\u0259dri onu da\u00a0 qeyd etdi ki, Az\u0259rbaycan Respublikas\u0131n\u0131n QHT-y\u0259 D\u00f6vl\u0259t D\u0259st\u0259yi Agentliyinin d\u0259st\u0259yi \u201c\u015eans\u201d Regionlara D\u0259st\u0259k \u0130ctimai Birliyinin \u00a0\u201cMina t\u0259hl\u00fck\u0259si bar\u0259d\u0259 maarifl\u0259ndirm\u0259\u201d \u00a0layih\u0259si \u00e7\u0259r\u00e7iv\u0259sind\u0259 \u00a0\u201cMina t\u0259hl\u00fck\u0259sind\u0259n nec\u0259 qorunmaq olar &#8221; adl\u0131 video\u00e7arx haz\u0131rlama\u011f\u0131 planla\u015fd\u0131r\u0131r\u0131q. Y\u00fcks\u0259k s\u0259viyy\u0259d\u0259 haz\u0131rlanacaq \u00a0bel\u0259 video\u00e7arx\u0131n \u00a0auditoriyas\u0131 geni\u015f olacaq. \u00a0Ke\u00e7mi\u015f m\u0259cburi k\u00f6\u00e7k\u00fcn olan K\u0259lb\u0259c\u0259r sakinl\u0259rinin d\u00fcnyag\u00f6r\u00fc\u015f\u00fcn\u0259, h\u0259yata bax\u0131\u015f\u0131na, mina t\u0259hl\u00fck\u0259sind\u0259n nec\u0259 qorunmaqla ba\u011fl\u0131 maarifl\u0259nm\u0259sind\u0259 bel\u0259 video\u00e7arxlar\u0131n \u0259h\u0259miyy\u0259ti b\u00f6y\u00fck olacaq.<\/p>\n<p><img loading=\"lazy\" decoding=\"async\" class=\"aligncenter wp-image-44500 size-thumbnail\" src=\"https:\/\/infonews.az\/wp-content\/uploads\/2024\/06\/4jpg-1717651685-150x150.jpg\" alt=\"\" width=\"150\" height=\"150\" \/><\/p>\n","protected":false},"excerpt":{"rendered":"<p>\u201c\u015eans\u201d Regionlara D\u0259st\u0259k \u0130ctimai Birliyind\u0259n YEN\u0130 LAY\u0130H\u018f &#8220;\u0130NFONEWS&#8221; &#8211; un \u0259ld\u0259 etdiyi m\u0259lumat\u0131na g\u00f6r\u0259, \u201c\u015eans\u201d Regionlara D\u0259st\u0259k \u0130ctimai Birliyinin s\u0259dri Natiq Heyd\u0259rov bildirib ki,\u00a0\u00a0Az\u0259rbaycan m\u00f6ht\u0259\u015f\u0259m Z\u0259f\u0259rini qazansa da postm\u00fcharib\u0259 d\u00f6vr\u00fcnd\u0259&hellip; <\/p>\n","protected":false},"author":14,"featured_media":44499,"comment_status":"open","ping_status":"open","sticky":false,"template":"","format":"standard","meta":{"_mi_skip_tracking":false,"_monsterinsights_sitenote_active":false,"_monsterinsights_sitenote_note":"","_monsterinsights_sitenote_category":0,"footnotes":""},"categories":[4,4263,11],"tags":[13747,15,165,13748],"aioseo_notices":[],"_links":{"self":[{"href":"https:\/\/infonews.az\/index.php?rest_route=\/wp\/v2\/posts\/44498"}],"collection":[{"href":"https:\/\/infonews.az\/index.php?rest_route=\/wp\/v2\/posts"}],"about":[{"href":"https:\/\/infonews.az\/index.php?rest_route=\/wp\/v2\/types\/post"}],"author":[{"embeddable":true,"href":"https:\/\/infonews.az\/index.php?rest_route=\/wp\/v2\/users\/14"}],"replies":[{"embeddable":true,"href":"https:\/\/infonews.az\/index.php?rest_route=%2Fwp%2Fv2%2Fcomments&post=44498"}],"version-history":[{"count":1,"href":"https:\/\/infonews.az\/index.php?rest_route=\/wp\/v2\/posts\/44498\/revisions"}],"predecessor-version":[{"id":44501,"href":"https:\/\/infonews.az\/index.php?rest_route=\/wp\/v2\/posts\/44498\/revisions\/44501"}],"wp:featuredmedia":[{"embeddable":true,"href":"https:\/\/infonews.az\/index.php?rest_route=\/wp\/v2\/media\/44499"}],"wp:attachment":[{"href":"https:\/\/infonews.az\/index.php?rest_route=%2Fwp%2Fv2%2Fmedia&parent=44498"}],"wp:term":[{"taxonomy":"category","embeddable":true,"href":"https:\/\/infonews.az\/index.php?rest_route=%2Fwp%2Fv2%2Fcategories&post=44498"},{"taxonomy":"post_tag","embeddable":true,"href":"https:\/\/infonews.az\/index.php?rest_route=%2Fwp%2Fv2%2Ftags&post=44498"}],"curies":[{"name":"wp","href":"https:\/\/api.w.org\/{rel}","templated":true}]}}