{"id":44515,"date":"2024-06-10T11:28:59","date_gmt":"2024-06-10T07:28:59","guid":{"rendered":"https:\/\/infonews.az\/?p=44515"},"modified":"2024-06-10T13:34:29","modified_gmt":"2024-06-10T09:34:29","slug":"adini-c%c9%99kir%c9%99m-kitabinin-t%c9%99qdimati-g%c9%99nc-sair-intiqam-yasar","status":"publish","type":"post","link":"https:\/\/infonews.az\/?p=44515","title":{"rendered":"\u201cAd\u0131n\u0131 \u00e7\u0259kir\u0259m\u201d kitab\u0131n\u0131n t\u0259qdimat\u0131 &#8211; g\u0259nc \u015fair \u0130ntiqam Ya\u015far"},"content":{"rendered":"<p><span style=\"color: #ffffff;\">\u201cAd\u0131n\u0131 \u00e7\u0259kir\u0259m\u201d kitab\u0131n\u0131n t\u0259qdimat\u0131 &#8211; g\u0259nc \u015fair \u0130ntiqam Ya\u015far<\/span><\/p>\n<blockquote><p>Beyn\u0259lxalq Mu\u011fam M\u0259rk\u0259zind\u0259 \u015fair, D\u00fcnya G\u0259nc T\u00fcrk Yazarlar Birliyinin ba\u015fqan\u0131 \u0130ntiqam Ya\u015far\u0131n yeni \u00e7ap olunmu\u015f &#8220;Ad\u0131n\u0131 \u00e7\u0259kir\u0259m&#8221; \u015feirl\u0259r kitab\u0131n\u0131n imza v\u0259 t\u0259qdimat m\u0259rasimi olub.<\/p><\/blockquote>\n<p><a href=\"https:\/\/infonews.az\/?p=44515\"><span style=\"color: #333399;\"><strong>&#8220;\u0130NFONEWS&#8221;<\/strong><\/span><\/a> x\u0259b\u0259r verir ki, Milli M\u0259clisin M\u0259d\u0259niyy\u0259t komit\u0259sinin eksperti, \u015fair \u018fkb\u0259r Qo\u015fal\u0131n\u0131n moderatorlu\u011fu il\u0259 ger\u00e7\u0259kl\u0259\u015f\u0259n t\u0259dbird\u0259 tan\u0131nm\u0131\u015f \u0259d\u0259biyyat-ictimaiyy\u0259t n\u00fcmay\u0259nd\u0259l\u0259ri, oxucular, m\u0259tbuat n\u00fcmay\u0259nd\u0259l\u0259ri i\u015ftirak edib.<\/p>\n<p>T\u0259dbird\u0259 \u018f.Qo\u015fal\u0131 \u0130ntiqam Ya\u015far\u0131n yarad\u0131c\u0131l\u0131\u011f\u0131 v\u0259 f\u0259aliyy\u0259ti bar\u0259d\u0259 i\u015ftirak\u00e7\u0131lara geni\u015f m\u0259lumat verib.<\/p>\n<p>T\u0259qdimat m\u0259rasimind\u0259 \u201cUlduz\u201d jurnal\u0131n\u0131n ba\u015f redaktoru, \u015fair Qulu A\u011fs\u0259s, Milli M\u0259clisin deputat\u0131 V\u00fcqar \u0130sg\u0259nd\u0259rov, Az\u0259rbaycan \u018fd\u0259biyyat\u0131 Fondunun ba\u015f direktoru, yaz\u0131\u00e7\u0131 Varis Yol\u00e7uyev, Sumqay\u0131t \u015f\u0259h\u0259r \u018fli K\u0259rim ad\u0131na Poeziya evinin direktoru \u015fair \u0130brahim \u0130lyasl\u0131, D\u00fcnya G\u0259nc T\u00fcrk Yazarlar Birliyinin M\u0259sl\u0259h\u0259t \u015euras\u0131n\u0131n \u00fczv\u00fc \u015fair R\u0259smiyy\u0259 Sabir, Bak\u0131 Slavyan Universitetinin professoru, t\u0259rc\u00fcm\u0259\u00e7i Flora Naci, tan\u0131nm\u0131\u015f alim Yazg\u00fcl Abd\u0131yeva, filologiya elml\u0259ri doktoru T\u0259ran\u0259 Turan R\u0259himli, AYB-nin Sumqay\u0131t b\u00f6lm\u0259sinin s\u0259dri, \u015fair G\u00fclnar\u0259 C\u0259mal\u0259ddin, tan\u0131nm\u0131\u015f yaz\u0131\u00e7\u0131 K\u0259nan Hac\u0131, \u015fairl\u0259r S\u00fcleyman Abdulla, Polad \u0130brahimo\u011flu, \u015eahin Q\u0259dir, Ulucay Akif, S\u0259ddam La\u00e7\u0131n, \u0259d\u0259biyyat\u015f\u00fcnas alim Yeqzar C\u0259f\u0259rli v\u0259 ba\u015fqalar\u0131 \u00e7\u0131x\u0131\u015f ed\u0259r\u0259k \u0130ntiqam Ya\u015far\u0131n \u00f6z\u00fcn\u0259m\u0259xsus yarad\u0131c\u0131l\u0131q axtar\u0131\u015flar\u0131ndan dan\u0131\u015f\u0131b v\u0259 ona u\u011furlar arzulay\u0131blar.<\/p>\n<p>Qira\u0259t\u00e7il\u0259r M\u00fc\u015ffiq\u0259 Bal\u0259ddinq\u0131z\u0131 v\u0259 Ayna S\u0259s m\u00fc\u0259llifin \u015feirl\u0259rini s\u0259sl\u0259ndiribl\u0259r.<\/p>\n<p>T\u0259dbirin sonunda m\u00fc\u0259llif yeni \u00e7ap olunmu\u015f kitab\u0131ndan \u015feirl\u0259r oxuyub v\u0259 i\u015ftirak\u00e7\u0131lar \u00fc\u00e7\u00fcn kitablar\u0131 imzalay\u0131b.<\/p>\n<p><img loading=\"lazy\" decoding=\"async\" class=\"aligncenter size-full wp-image-44517\" src=\"https:\/\/infonews.az\/wp-content\/uploads\/2024\/06\/17180036116373412409_1200x630.jpg\" alt=\"\" width=\"944\" height=\"630\" srcset=\"https:\/\/infonews.az\/wp-content\/uploads\/2024\/06\/17180036116373412409_1200x630.jpg 944w, https:\/\/infonews.az\/wp-content\/uploads\/2024\/06\/17180036116373412409_1200x630-300x200.jpg 300w, https:\/\/infonews.az\/wp-content\/uploads\/2024\/06\/17180036116373412409_1200x630-768x513.jpg 768w\" sizes=\"(max-width: 944px) 100vw, 944px\" \/><\/p>\n","protected":false},"excerpt":{"rendered":"<p>\u201cAd\u0131n\u0131 \u00e7\u0259kir\u0259m\u201d kitab\u0131n\u0131n t\u0259qdimat\u0131 &#8211; g\u0259nc \u015fair \u0130ntiqam Ya\u015far Beyn\u0259lxalq Mu\u011fam M\u0259rk\u0259zind\u0259 \u015fair, D\u00fcnya G\u0259nc T\u00fcrk Yazarlar Birliyinin ba\u015fqan\u0131 \u0130ntiqam Ya\u015far\u0131n yeni \u00e7ap olunmu\u015f &#8220;Ad\u0131n\u0131 \u00e7\u0259kir\u0259m&#8221; \u015feirl\u0259r kitab\u0131n\u0131n imza v\u0259&hellip; <\/p>\n","protected":false},"author":14,"featured_media":44516,"comment_status":"open","ping_status":"open","sticky":false,"template":"","format":"standard","meta":{"_mi_skip_tracking":false,"_monsterinsights_sitenote_active":false,"_monsterinsights_sitenote_note":"","_monsterinsights_sitenote_category":0,"footnotes":""},"categories":[4,10,11],"tags":[9247,13751,15,13752],"aioseo_notices":[],"_links":{"self":[{"href":"https:\/\/infonews.az\/index.php?rest_route=\/wp\/v2\/posts\/44515"}],"collection":[{"href":"https:\/\/infonews.az\/index.php?rest_route=\/wp\/v2\/posts"}],"about":[{"href":"https:\/\/infonews.az\/index.php?rest_route=\/wp\/v2\/types\/post"}],"author":[{"embeddable":true,"href":"https:\/\/infonews.az\/index.php?rest_route=\/wp\/v2\/users\/14"}],"replies":[{"embeddable":true,"href":"https:\/\/infonews.az\/index.php?rest_route=%2Fwp%2Fv2%2Fcomments&post=44515"}],"version-history":[{"count":1,"href":"https:\/\/infonews.az\/index.php?rest_route=\/wp\/v2\/posts\/44515\/revisions"}],"predecessor-version":[{"id":44518,"href":"https:\/\/infonews.az\/index.php?rest_route=\/wp\/v2\/posts\/44515\/revisions\/44518"}],"wp:featuredmedia":[{"embeddable":true,"href":"https:\/\/infonews.az\/index.php?rest_route=\/wp\/v2\/media\/44516"}],"wp:attachment":[{"href":"https:\/\/infonews.az\/index.php?rest_route=%2Fwp%2Fv2%2Fmedia&parent=44515"}],"wp:term":[{"taxonomy":"category","embeddable":true,"href":"https:\/\/infonews.az\/index.php?rest_route=%2Fwp%2Fv2%2Fcategories&post=44515"},{"taxonomy":"post_tag","embeddable":true,"href":"https:\/\/infonews.az\/index.php?rest_route=%2Fwp%2Fv2%2Ftags&post=44515"}],"curies":[{"name":"wp","href":"https:\/\/api.w.org\/{rel}","templated":true}]}}