{"id":44524,"date":"2024-06-10T15:14:14","date_gmt":"2024-06-10T11:14:14","guid":{"rendered":"https:\/\/infonews.az\/?p=44524"},"modified":"2024-06-10T15:14:14","modified_gmt":"2024-06-10T11:14:14","slug":"regionlarda-kob-fest-s%c9%99rgi-satis-yarmarkalari-keciril%c9%99c%c9%99k","status":"publish","type":"post","link":"https:\/\/infonews.az\/?p=44524","title":{"rendered":"Regionlarda \u201cKOB Fest\u201d s\u0259rgi-sat\u0131\u015f yarmarkalar\u0131 ke\u00e7iril\u0259c\u0259k"},"content":{"rendered":"<p class=\"entry-title\"><span style=\"color: #ffffff;\">Regionlarda \u201cKOB Fest\u201d s\u0259rgi-sat\u0131\u015f yarmarkalar\u0131 ke\u00e7iril\u0259c\u0259k<\/span><\/p>\n<blockquote><p>Milli Yaylaq Festival\u0131 \u00e7\u0259r\u00e7iv\u0259sind\u0259 ke\u00e7iril\u0259c\u0259k \u201cKOB Fest\u201d s\u0259rgi-sat\u0131\u015f yarmarkas\u0131nda m\u0259hsul v\u0259 xidm\u0259tl\u0259rini t\u0259qdim etm\u0259k ist\u0259y\u0259n KOB-lardan m\u00fcraci\u0259tl\u0259rin q\u0259buluna ba\u015flan\u0131l\u0131b.<\/p><\/blockquote>\n<p><a href=\"https:\/\/infonews.az\/?p=44524\"><span style=\"color: #333399;\"><strong>&#8220;\u0130NFONEWS&#8221;<\/strong><\/span><\/a> &#8211; un Ki\u00e7ik v\u0259 Orta Biznesin \u0130nki\u015faf\u0131 Agentliyind\u0259n (KOB\u0130A) \u0259ld\u0259 etdiyi m\u0259lumat\u0131nda bildirilib ki, mikro v\u0259 ki\u00e7ik sahibkarlar\u0131n m\u0259hsul v\u0259 xidm\u0259tl\u0259rinin sat\u0131\u015f\u0131na d\u0259st\u0259k m\u0259qs\u0259dil\u0259 cari il \u0259rzind\u0259 \u00f6lk\u0259 regionlar\u0131nda s\u0259rgi-sat\u0131\u015f yarmarkalar\u0131 \u2013 \u201cKOB Fest\u201dl\u0259r ke\u00e7iril\u0259c\u0259k.<\/p>\n<p>KOB\u0130A-n\u0131n t\u0259\u015fkilat\u00e7\u0131l\u0131\u011f\u0131 il\u0259 ke\u00e7iril\u0259c\u0259k \u201cKOB Fest\u201din m\u0259qs\u0259di KOB subyektl\u0259rinin istehsal etdiyi m\u0259hsul v\u0259 xidm\u0259tl\u0259rin geni\u015f istehlak\u00e7\u0131 auditoriyas\u0131na tan\u0131d\u0131lmas\u0131 v\u0259 sat\u0131\u015f\u0131na d\u0259st\u0259k olmaq, istehlak\u00e7\u0131lar\u0131 KOB-lar\u0131n m\u0259hsul v\u0259 xidm\u0259tl\u0259rind\u0259n istifad\u0259y\u0259 t\u0259\u015fviq etm\u0259kl\u0259 ki\u00e7ik sahibkarlar\u0131n inki\u015faf\u0131n\u0131 d\u0259st\u0259kl\u0259m\u0259kdir. S\u0259rgi-sat\u0131\u015f yarmarkalar\u0131 h\u0259m\u00e7inin, h\u0259ssas \u0259hali qrupuna aid sahibkarl\u0131q subyektl\u0259rinin v\u0259 s\u0259n\u0259tkarlar\u0131n sat\u0131\u015f imkanlar\u0131n\u0131 art\u0131rma\u011f\u0131, istehsal\u00e7\u0131lar\u0131 v\u0259 istehlak\u00e7\u0131lar\u0131 bir platformada g\u00f6r\u00fc\u015fd\u00fcrm\u0259yi, KOB-lar v\u0259 t\u0259chizat\u00e7\u0131 \u015firk\u0259tl\u0259r aras\u0131nda i\u015fg\u00fczar \u0259laq\u0259l\u0259rin qurulmas\u0131n\u0131 h\u0259d\u0259fl\u0259yir. Yarmarkalarda m\u0259hsul v\u0259 xidm\u0259tl\u0259rini t\u0259qdim ed\u0259c\u0259k mikro v\u0259 ki\u00e7ik sahibkarlar\u0131n i\u015ftirak\u0131 \u00fc\u00e7\u00fcn \u00f6d\u0259ni\u015f n\u0259z\u0259rd\u0259 tutulmur, b\u00fct\u00fcn x\u0259rcl\u0259r d\u00f6vl\u0259t d\u0259st\u0259yi hesab\u0131na qar\u015f\u0131lanacaq.<\/p>\n<p>Yarmarkalar \u00e7\u0259r\u00e7iv\u0259sind\u0259 m\u0259d\u0259ni-\u0259yl\u0259nc\u0259li proqram, yarad\u0131c\u0131 \u015f\u0259xsl\u0259r v\u0259 s\u0259n\u0259tkarlar t\u0259r\u0259find\u0259n master-klasslar da t\u0259\u015fkil olunacaq.<\/p>\n<p>\u201cKOB Fest\u201dl\u0259rd\u0259 i\u015ftirak etm\u0259k ist\u0259y\u0259n KOB-lar\u0131, el\u0259c\u0259 d\u0259 ictimaiyy\u0259ti m\u0259lumatland\u0131rmaq m\u0259qs\u0259dil\u0259 \u0259vv\u0259lc\u0259d\u0259n yarmarkan\u0131n ke\u00e7iril\u0259c\u0259yi \u015f\u0259h\u0259r v\u0259 rayonlar bar\u0259d\u0259 mediada, agentliyin sayt\u0131nda v\u0259 sosial \u015f\u0259b\u0259k\u0259l\u0259rd\u0259ki s\u0259hif\u0259l\u0259rind\u0259 elanlar veril\u0259c\u0259k.<\/p>\n<p>H\u0259m\u00e7inin iyulun 5-7-d\u0259 G\u00f6yg\u00f6l rayonunun \u0259razisind\u0259 yerl\u0259\u015f\u0259n Hac\u0131k\u0259nd Xan Yayla\u011f\u0131nda ke\u00e7iril\u0259c\u0259k Milli Yaylaq Festival\u0131 \u00e7\u0259r\u00e7iv\u0259sind\u0259 \u201cKOB Fest\u201d s\u0259rgi-sat\u0131\u015f yarmarkas\u0131 t\u0259\u015fkil olunacaq. Yarmarkada m\u0259hsul v\u0259 xidm\u0259tl\u0259rini t\u0259qdim etm\u0259k ist\u0259y\u0259n KOB subyektl\u0259ri, yarad\u0131c\u0131 \u015f\u0259xsl\u0259r v\u0259 s\u0259n\u0259tkarlar iyunun 28-d\u0259k agentliyin sayt\u0131ndak\u0131 m\u00fcvafiq forman\u0131 doldurmaqla m\u00fcraci\u0259t ed\u0259 bil\u0259rl\u0259r:\u00a0<a href=\"https:\/\/smb.gov.az\/az\/contact-form\/exhibition-form\/1\" target=\"_blank\" rel=\"noopener\">https:\/\/smb.gov.az\/az\/contact-form\/exhibition-form\/1<\/a>\u00a0(\u201c\u0130\u015ftirak etm\u0259k ist\u0259diyiniz t\u0259dbir\u201d b\u00f6l\u00fcm\u00fcnd\u0259 \u201cKOB Fest \u2013 G\u00f6yg\u00f6l\u201d qeyd olunmal\u0131d\u0131r).<\/p>\n","protected":false},"excerpt":{"rendered":"<p>Regionlarda \u201cKOB Fest\u201d s\u0259rgi-sat\u0131\u015f yarmarkalar\u0131 ke\u00e7iril\u0259c\u0259k Milli Yaylaq Festival\u0131 \u00e7\u0259r\u00e7iv\u0259sind\u0259 ke\u00e7iril\u0259c\u0259k \u201cKOB Fest\u201d s\u0259rgi-sat\u0131\u015f yarmarkas\u0131nda m\u0259hsul v\u0259 xidm\u0259tl\u0259rini t\u0259qdim etm\u0259k ist\u0259y\u0259n KOB-lardan m\u00fcraci\u0259tl\u0259rin q\u0259buluna ba\u015flan\u0131l\u0131b. &#8220;\u0130NFONEWS&#8221; &#8211; un Ki\u00e7ik v\u0259&hellip; <\/p>\n","protected":false},"author":14,"featured_media":44525,"comment_status":"open","ping_status":"open","sticky":false,"template":"","format":"standard","meta":{"_mi_skip_tracking":false,"_monsterinsights_sitenote_active":false,"_monsterinsights_sitenote_note":"","_monsterinsights_sitenote_category":0,"footnotes":""},"categories":[4,2,11],"tags":[13754,15,1121,13755],"aioseo_notices":[],"_links":{"self":[{"href":"https:\/\/infonews.az\/index.php?rest_route=\/wp\/v2\/posts\/44524"}],"collection":[{"href":"https:\/\/infonews.az\/index.php?rest_route=\/wp\/v2\/posts"}],"about":[{"href":"https:\/\/infonews.az\/index.php?rest_route=\/wp\/v2\/types\/post"}],"author":[{"embeddable":true,"href":"https:\/\/infonews.az\/index.php?rest_route=\/wp\/v2\/users\/14"}],"replies":[{"embeddable":true,"href":"https:\/\/infonews.az\/index.php?rest_route=%2Fwp%2Fv2%2Fcomments&post=44524"}],"version-history":[{"count":1,"href":"https:\/\/infonews.az\/index.php?rest_route=\/wp\/v2\/posts\/44524\/revisions"}],"predecessor-version":[{"id":44526,"href":"https:\/\/infonews.az\/index.php?rest_route=\/wp\/v2\/posts\/44524\/revisions\/44526"}],"wp:featuredmedia":[{"embeddable":true,"href":"https:\/\/infonews.az\/index.php?rest_route=\/wp\/v2\/media\/44525"}],"wp:attachment":[{"href":"https:\/\/infonews.az\/index.php?rest_route=%2Fwp%2Fv2%2Fmedia&parent=44524"}],"wp:term":[{"taxonomy":"category","embeddable":true,"href":"https:\/\/infonews.az\/index.php?rest_route=%2Fwp%2Fv2%2Fcategories&post=44524"},{"taxonomy":"post_tag","embeddable":true,"href":"https:\/\/infonews.az\/index.php?rest_route=%2Fwp%2Fv2%2Ftags&post=44524"}],"curies":[{"name":"wp","href":"https:\/\/api.w.org\/{rel}","templated":true}]}}