{"id":44593,"date":"2024-06-14T08:05:18","date_gmt":"2024-06-14T04:05:18","guid":{"rendered":"https:\/\/infonews.az\/?p=44593"},"modified":"2024-06-14T09:10:02","modified_gmt":"2024-06-14T05:10:02","slug":"milli-xalca-muzeyind%c9%99-muxt%c9%99lifliyin-goz%c9%99lliyi-sergi","status":"publish","type":"post","link":"https:\/\/infonews.az\/?p=44593","title":{"rendered":"Milli Xal\u00e7a Muzeyind\u0259 \u201cM\u00fcxt\u0259lifliyin g\u00f6z\u0259lliyi\u201d &#8211; S\u018fRG\u0130"},"content":{"rendered":"<p><span style=\"color: #ffffff;\">Milli Xal\u00e7a Muzeyind\u0259 \u201cM\u00fcxt\u0259lifliyin g\u00f6z\u0259lliyi\u201d &#8211; S\u018fRG\u0130 <\/span><\/p>\n<p><img loading=\"lazy\" decoding=\"async\" class=\"aligncenter wp-image-44595 size-medium\" src=\"https:\/\/infonews.az\/wp-content\/uploads\/2024\/06\/1718301449750014068_1200x630-300x198.jpg\" alt=\"\" width=\"300\" height=\"198\" srcset=\"https:\/\/infonews.az\/wp-content\/uploads\/2024\/06\/1718301449750014068_1200x630-300x198.jpg 300w, https:\/\/infonews.az\/wp-content\/uploads\/2024\/06\/1718301449750014068_1200x630-768x507.jpg 768w, https:\/\/infonews.az\/wp-content\/uploads\/2024\/06\/1718301449750014068_1200x630.jpg 955w\" sizes=\"(max-width: 300px) 100vw, 300px\" \/><\/p>\n<p><img loading=\"lazy\" decoding=\"async\" class=\"aligncenter wp-image-44596 size-medium\" src=\"https:\/\/infonews.az\/wp-content\/uploads\/2024\/06\/xalca-muzeyi-sergi-696x464-1-300x200.jpg\" alt=\"\" width=\"300\" height=\"200\" srcset=\"https:\/\/infonews.az\/wp-content\/uploads\/2024\/06\/xalca-muzeyi-sergi-696x464-1-300x200.jpg 300w, https:\/\/infonews.az\/wp-content\/uploads\/2024\/06\/xalca-muzeyi-sergi-696x464-1.jpg 696w\" sizes=\"(max-width: 300px) 100vw, 300px\" \/><\/p>\n<blockquote><p>\u0130yunun 13-d\u0259 Milli Xal\u00e7a Muzeyind\u0259 Monteneqro xalq\u0131n\u0131n milli-m\u0259d\u0259ni \u00f6z\u00fcn\u0259m\u0259xsuslu\u011funu, d\u00fcnyag\u00f6r\u00fc\u015f\u00fcn\u00fc, h\u0259yat t\u0259rzini, etnik, dini x\u00fcsusiyy\u0259tl\u0259rini t\u0259c\u0259ss\u00fcm etdir\u0259n s\u0259rgi a\u00e7\u0131l\u0131b.<\/p><\/blockquote>\n<p><a href=\"https:\/\/infonews.az\/?p=44593\"><span style=\"color: #333399;\"><strong>&#8220;\u0130NFONEWS&#8221;<\/strong> <\/span><\/a>x\u0259b\u0259r verir ki, s\u0259rgi Az\u0259rbaycan Respublikas\u0131 M\u0259d\u0259niyy\u0259t Nazirliyinin, Monteneqro M\u0259d\u0259niyy\u0259t v\u0259 Media Nazirliyinin d\u0259st\u0259yi, Az\u0259rbaycan Milli Xal\u00e7a Muzeyi v\u0259 Monteneqro Milli Muzeyinin t\u0259\u015fkilat\u00e7\u0131l\u0131\u011f\u0131 il\u0259 realla\u015f\u0131b.<\/p>\n<p>T\u0259dbird\u0259 \u00e7\u0131x\u0131\u015f ed\u0259n Milli Xal\u00e7a Muzeyinin direktoru \u018fmin\u0259 M\u0259likova bildirib ki, t\u0259\u015fkil olunan \u201cM\u00fcxt\u0259lifliyin g\u00f6z\u0259lliyi\u201d adl\u0131 s\u0259rgid\u0259 Monteneqronun XIX\u2013XX \u0259sr milli geyiml\u0259ri n\u00fcmayi\u015f olunur. Monteneqro Milli Muzeyi, Monteneqro Etnoqrafiya Muzeyi, Kral Nikola Muzeyi, Monteneqro Tarix Muzeyinin kolleksiyalar\u0131ndan se\u00e7ilmi\u015f 170-d\u0259n \u00e7ox eksponat Monteneqronun z\u0259ngin milli-m\u0259d\u0259ni irsini n\u00fcmayi\u015f etdirir.<\/p>\n<p>Balkan yar\u0131madas\u0131n\u0131n \u0259n ki\u00e7ik d\u00f6vl\u0259ti olan Monteneqro, eyni zamanda, \u0259n z\u0259ngin \u0259n\u0259n\u0259vi m\u0259d\u0259niyy\u0259t\u0259 malik \u00f6lk\u0259l\u0259rd\u0259ndir. Burada q\u0259dim Balkan, Roma, Bizans, yunan, slavyan irsi, h\u0259tta t\u00fcrk v\u0259 islam m\u0259d\u0259ni irsi orqanik \u015f\u0259kild\u0259 birl\u0259\u015fmi\u015f, vahid ortaq \u0259n\u0259n\u0259vi m\u0259d\u0259niyy\u0259t yaranm\u0131\u015fd\u0131r. Adriatik d\u0259nizi h\u00f6vz\u0259si, Aral\u0131q d\u0259nizi h\u00f6vz\u0259si v\u0259 \u015e\u0259rq m\u0259d\u0259niyy\u0259tinin elementl\u0259ri \u0259srl\u0259r boyu Monteneqro geyiml\u0259rind\u0259 birl\u0259\u015f\u0259r\u0259k unikal m\u0259d\u0259niyy\u0259tin yaranmas\u0131na s\u0259b\u0259b olmu\u015fdur.<\/p>\n<p>Onun s\u00f6zl\u0259rin\u0259 g\u00f6r\u0259, s\u0259rgid\u0259 t\u0259qdim edil\u0259n geyim n\u00fcmun\u0259l\u0259ri Monteneqronun m\u0259d\u0259ni \u00f6z\u0259llikl\u0259rinin z\u0259nginliyini tam ifad\u0259 etm\u0259kl\u0259 yana\u015f\u0131, eyni zamanda, tolerantl\u0131q \u0259n\u0259n\u0259l\u0259rini n\u00fcmayi\u015f etdirir: \u201c\u018fmin\u0259m ki, az\u0259rbaycanl\u0131 ziyar\u0259t\u00e7il\u0259r s\u0259rgid\u0259 olark\u0259n t\u0259\u0259cc\u00fcb v\u0259 do\u011fmal\u0131qla Monteneqronun geyiml\u0259ri s\u0131ras\u0131nda \u201cdolama\u201d, \u201cl\u0259bbad\u0259\u201d v\u0259 sair\u0259 geyiml\u0259rin adlar\u0131 il\u0259 rastla\u015facaq. M\u0259d\u0259ni, etnik v\u0259 dini m\u00fcxt\u0259liflik, bu m\u00fcxt\u0259lifliyin qorunub saxlan\u0131lmas\u0131 v\u0259 inki\u015faf etdirilm\u0259si Monteneqro \u0259n\u0259n\u0259vi m\u0259d\u0259niyy\u0259tini unudulmaz edir\u201d.<\/p>\n<p>Direktor, h\u0259m\u00e7inin qeyd edib ki, Az\u0259rbaycanla Monteneqro aras\u0131nda diplomatik \u0259laq\u0259l\u0259r 2008-ci ild\u0259 qurulmu\u015f v\u0259 durmadan inki\u015faf edir. H\u0259r iki d\u00f6vl\u0259tin r\u0259smil\u0259ri d\u0259f\u0259l\u0259rl\u0259 g\u00f6r\u00fc\u015fm\u00fc\u015f, \u00f6lk\u0259l\u0259rimiz aras\u0131nda m\u00fcxt\u0259lif s\u0259pkili m\u00fcqavil\u0259l\u0259r imzalanm\u0131\u015fd\u0131r. Lakin ilk d\u0259f\u0259dir ki, bu f\u00fcsunkar Avropa \u00f6lk\u0259si &#8211; Monteneqronun \u0259n\u0259n\u0259vi m\u0259d\u0259niyy\u0259tini n\u00fcmayi\u015f etdir\u0259n s\u0259rgi Az\u0259rbaycanda t\u0259\u015fkil olunur.<\/p>\n<p>\u018fmin\u0259 M\u0259likova s\u0259rginin t\u0259\u015fkilind\u0259 b\u00fct\u00fcn \u0259m\u0259yi olan insanlara, \u0259m\u0259kda\u015flara d\u0259rin t\u0259\u015f\u0259kk\u00fcr\u00fcn\u00fc bildirib.<\/p>\n<p>Milli M\u0259clisin deputat\u0131, akademik Rafael H\u00fcseynov qeyd edib ki, eksponatlar\u0131 seyr etdikc\u0259 xalqlar\u0131m\u0131z aras\u0131nda z\u00f6vq, d\u00fc\u015f\u00fcnc\u0259 ortaql\u0131\u011f\u0131, duy\u011fu eyniliyini hiss edirik. Bu g\u00fcn Az\u0259rbaycan v\u0259t\u0259nda\u015flar\u0131 Monteneqroya, Monteneqro v\u0259t\u0259nda\u015flar\u0131 is\u0259 Az\u0259rbaycana azad g\u0259lib-ged\u0259 bilir. \u018flb\u0259tt\u0259, bunun arxas\u0131nda diplomatik \u0259laq\u0259l\u0259r, siyasi m\u00fcnasib\u0259tl\u0259rl\u0259 yana\u015f\u0131, h\u0259m d\u0259 xalqlar\u0131m\u0131z\u0131n m\u0259n\u0259vi c\u0259h\u0259td\u0259n bir-birin\u0259 yax\u0131nl\u0131\u011f\u0131 durur. M\u0259n Monteneqrodan g\u0259l\u0259n qonaqlara v\u0259 Milli Xal\u00e7a Muzeyin\u0259 t\u0259\u015f\u0259kk\u00fcr edir\u0259m ki, bu s\u0259rgini t\u0259\u015fkil edibl\u0259r. Bu eksponatlar yaln\u0131z m\u0259d\u0259niyy\u0259tin bir hiss\u0259sini n\u00fcmayi\u015f etdirmir, h\u0259m d\u0259 Monteneqro xalq\u0131n\u0131n milli-m\u0259n\u0259vi z\u0259nginliyini paytaxt\u0131m\u0131z\u0131n sakinl\u0259rin\u0259 v\u0259 qonaqlar\u0131na yax\u0131ndan tan\u0131dacaq. \u00dc\u00e7 ay davam ed\u0259c\u0259k s\u0259rgi m\u00fcdd\u0259tind\u0259 Xal\u00e7a Muzeyini ziyar\u0259t ed\u0259nl\u0259r Monteneqro xalq\u0131n\u0131, onun m\u0259d\u0259niyy\u0259tini, tarixi \u0259n\u0259n\u0259sini daha da yax\u0131ndan tan\u0131yacaq v\u0259 sev\u0259c\u0259k.<\/p>\n<p>Monteneqro Milli Muzeyinin direktoru, r\u0259ssam Yak\u015fa \u00c7alasan \u00e7\u0131x\u0131\u015f\u0131nda bildirib ki, Monteneqro xalq\u0131na m\u0259xsus z\u0259ngin m\u0259d\u0259ni irsin bir hiss\u0259sini dost Az\u0259rbaycanda t\u0259qdim etm\u0259k m\u0259qs\u0259dil\u0259 a\u00e7\u0131lan bu s\u0259rgi m\u00fcxt\u0259lif m\u0259d\u0259niyy\u0259tl\u0259rin bir-birin\u0259 qar\u0131\u015fmas\u0131n\u0131n z\u0259nginliyi kimi \u015f\u0259rh oluna bil\u0259r.<\/p>\n<p>Monteneqronun z\u0259ngin v\u0259 b\u0259nz\u0259rsiz m\u0259d\u0259ni m\u00fchitind\u0259 milli geyiml\u0259r \u00f6z \u00e7oxsayl\u0131 \u0259h\u0259miyy\u0259ti v\u0259 rolu il\u0259 \u0259n\u0259n\u0259vi h\u0259yat v\u0259 m\u0259d\u0259niyy\u0259tin qiym\u0259tli yarad\u0131c\u0131l\u0131\u011f\u0131n\u0131 t\u0259msil edir. Ke\u00e7mi\u015fd\u0259 yaranan v\u0259 formala\u015fan, m\u0259nims\u0259nil\u0259n v\u0259 inki\u015faf ed\u0259n d\u0259y\u0259rl\u0259rin, bilik v\u0259 \u0259n\u0259n\u0259l\u0259rin m\u0259hsulu olaraq, \u0259razid\u0259 \u0259srl\u0259r boyu toplanm\u0131\u015f xalq m\u0259i\u015f\u0259tin\u0259 v\u0259 yarad\u0131c\u0131l\u0131\u011f\u0131na \u015fahidlik edir.<\/p>\n<p>Monteneqro Tarix Muzeyinin direktoru Filip Kuzman \u00e7\u0131x\u0131\u015f\u0131 zaman\u0131 qeyd edib ki, Monteneqro \u0259razisind\u0259 \u00e7oxlu sayda m\u00fcxt\u0259lif geyiml\u0259r\u0259 rast g\u0259lm\u0259k t\u0259\u0259cc\u00fcbl\u00fc deyil. Onlar\u0131n \u00f6z\u00fcn\u0259m\u0259xsus estetik ifad\u0259si, x\u00fcsusi formalar, r\u0259ngl\u0259r, ornamentl\u0259r, b\u0259z\u0259kl\u0259r v\u0259 detallar vasit\u0259sil\u0259 ifad\u0259 olunur. Bu geyiml\u0259rd\u0259 \u0259razid\u0259 ya\u015fayan xalq v\u0259 etnik icmalar\u0131n m\u0259d\u0259ni, milli v\u0259 dini x\u00fcsusiyy\u0259tl\u0259ri t\u0259qdim olunur.<\/p>\n<p>O bildirib ki, m\u0259d\u0259niyy\u0259t v\u0259 \u0259n\u0259n\u0259 b\u00fct\u00fcn xalqlar\u0131n v\u0259 m\u0259d\u0259niyy\u0259tl\u0259rin m\u0259n\u0259vi-tarixi kimliyini birl\u0259\u015fdir\u0259n \u00fcmumb\u0259\u015f\u0259ri ba\u011flant\u0131d\u0131r. Bu, insanlar\u0131 v\u0259 \u00f6lk\u0259l\u0259ri birl\u0259\u015fdir\u0259n, biz\u0259 ba\u015fqa v\u0259 f\u0259rqli d\u00fcnyan\u0131 daha yax\u015f\u0131 anlama\u011fa imkan ver\u0259n bir \u0259laq\u0259dir: \u201cM\u0259d\u0259ni d\u0259y\u0259rl\u0259ri b\u00fct\u00fcn \u00f6z\u0259llikl\u0259ri il\u0259 yana\u015f\u0131, dig\u0259r xalqlarda v\u0259 m\u0259d\u0259niyy\u0259tl\u0259rd\u0259 tapd\u0131\u011f\u0131m\u0131z ox\u015farl\u0131qlarla da t\u0259bli\u011f etm\u0259k, \u015f\u00fcbh\u0259siz ki, insanlar aras\u0131nda \u00fcnsiyy\u0259tin \u0259n yax\u015f\u0131 v\u0259 \u0259n g\u00f6z\u0259l yoludur. Ad\u0259t-\u0259n\u0259n\u0259l\u0259r\u0259 qar\u015f\u0131l\u0131ql\u0131 h\u00f6rm\u0259t h\u0259r k\u0259s\u0259 a\u00e7\u0131q olmaq \u00fc\u00e7\u00fcn ilkin \u015f\u0259rtdir. Bundan \u0259lav\u0259, m\u0259d\u0259niyy\u0259tl\u0259raras\u0131 dialoqu v\u0259 \u0259m\u0259kda\u015fl\u0131\u011f\u0131 inki\u015faf etdirm\u0259k v\u0259 d\u0259y\u0259rl\u0259ndirm\u0259k, unikal v\u0259 \u00fcmumi m\u0259d\u0259ni v\u0259 tarixi irsimizin qiym\u0259tli v\u0259 \u0259v\u0259zsiz hiss\u0259sini t\u0259\u015fkil ed\u0259n b\u00fct\u00fcn bu d\u0259y\u0259rl\u0259rin inki\u015faf\u0131n\u0131 v\u0259 t\u0259bli\u011fini t\u0259\u015fviq etm\u0259k bizim v\u0259zif\u0259mizdir\u201d.<\/p>\n<p>\u00c7\u0131x\u0131\u015flardan sonra qonaqlar s\u0259rgi il\u0259 tan\u0131\u015f olublar.<\/p>\n<p>Monteneqronun z\u0259ngin milli-m\u0259d\u0259ni irsinin t\u0259bli\u011fi m\u0259qs\u0259dil\u0259 t\u0259\u015fkil edil\u0259n s\u0259rgi avqustun 31-d\u0259k ictimaiyy\u0259t\u0259 a\u00e7\u0131q olacaq.<\/p>\n","protected":false},"excerpt":{"rendered":"<p>Milli Xal\u00e7a Muzeyind\u0259 \u201cM\u00fcxt\u0259lifliyin g\u00f6z\u0259lliyi\u201d &#8211; S\u018fRG\u0130 \u0130yunun 13-d\u0259 Milli Xal\u00e7a Muzeyind\u0259 Monteneqro xalq\u0131n\u0131n milli-m\u0259d\u0259ni \u00f6z\u00fcn\u0259m\u0259xsuslu\u011funu, d\u00fcnyag\u00f6r\u00fc\u015f\u00fcn\u00fc, h\u0259yat t\u0259rzini, etnik, dini x\u00fcsusiyy\u0259tl\u0259rini t\u0259c\u0259ss\u00fcm etdir\u0259n s\u0259rgi a\u00e7\u0131l\u0131b. &#8220;\u0130NFONEWS&#8221; x\u0259b\u0259r verir ki,&hellip; <\/p>\n","protected":false},"author":14,"featured_media":44594,"comment_status":"open","ping_status":"open","sticky":false,"template":"","format":"standard","meta":{"_mi_skip_tracking":false,"_monsterinsights_sitenote_active":false,"_monsterinsights_sitenote_note":"","_monsterinsights_sitenote_category":0,"footnotes":""},"categories":[4,10,11],"tags":[13786,13140,13712,15,13785,4077],"aioseo_notices":[],"_links":{"self":[{"href":"https:\/\/infonews.az\/index.php?rest_route=\/wp\/v2\/posts\/44593"}],"collection":[{"href":"https:\/\/infonews.az\/index.php?rest_route=\/wp\/v2\/posts"}],"about":[{"href":"https:\/\/infonews.az\/index.php?rest_route=\/wp\/v2\/types\/post"}],"author":[{"embeddable":true,"href":"https:\/\/infonews.az\/index.php?rest_route=\/wp\/v2\/users\/14"}],"replies":[{"embeddable":true,"href":"https:\/\/infonews.az\/index.php?rest_route=%2Fwp%2Fv2%2Fcomments&post=44593"}],"version-history":[{"count":1,"href":"https:\/\/infonews.az\/index.php?rest_route=\/wp\/v2\/posts\/44593\/revisions"}],"predecessor-version":[{"id":44597,"href":"https:\/\/infonews.az\/index.php?rest_route=\/wp\/v2\/posts\/44593\/revisions\/44597"}],"wp:featuredmedia":[{"embeddable":true,"href":"https:\/\/infonews.az\/index.php?rest_route=\/wp\/v2\/media\/44594"}],"wp:attachment":[{"href":"https:\/\/infonews.az\/index.php?rest_route=%2Fwp%2Fv2%2Fmedia&parent=44593"}],"wp:term":[{"taxonomy":"category","embeddable":true,"href":"https:\/\/infonews.az\/index.php?rest_route=%2Fwp%2Fv2%2Fcategories&post=44593"},{"taxonomy":"post_tag","embeddable":true,"href":"https:\/\/infonews.az\/index.php?rest_route=%2Fwp%2Fv2%2Ftags&post=44593"}],"curies":[{"name":"wp","href":"https:\/\/api.w.org\/{rel}","templated":true}]}}