{"id":44598,"date":"2024-06-14T10:17:44","date_gmt":"2024-06-14T06:17:44","guid":{"rendered":"https:\/\/infonews.az\/?p=44598"},"modified":"2024-06-14T10:23:56","modified_gmt":"2024-06-14T06:23:56","slug":"bir-%c9%99dal%c9%99t-t%c9%99rafdari-g%c9%99lib-cixa-deyil%c9%99nd%c9%99-senin-yerin-gorunecek","status":"publish","type":"post","link":"https:\/\/infonews.az\/?p=44598","title":{"rendered":"\u201cBir \u0259dal\u0259t t\u0259rafdar\u0131 g\u0259lib \u00e7\u0131xa\u201d deyil\u0259nd\u0259 &#8211; S\u018fN\u0130N YER\u0130N G\u00d6R\u00dcN\u018fC\u018fK!"},"content":{"rendered":"<p><span style=\"color: #ffffff;\">\u201cBir \u0259dal\u0259t t\u0259rafdar\u0131 g\u0259lib \u00e7\u0131xa\u201d deyil\u0259nd\u0259 &#8211; S\u018fN\u0130N YER\u0130N G\u00d6R\u00dcN\u018fC\u018fK! <\/span><\/p>\n<blockquote><p>G\u0259r\u0259k he\u00e7 k\u0259s bunu unutmas\u0131n ki, 1993-c\u00fc ild\u0259 Az\u0259rbaycan par\u00e7alanmaq, bir \u00f6lk\u0259 kimi, m\u00fcst\u0259qil d\u00f6vl\u0259t m\u0259hv olmaq t\u0259hl\u00fck\u0259si qar\u015f\u0131s\u0131nda idi. Az\u0259rbaycanda v\u0259t\u0259nda\u015f m\u00fcharib\u0259si ba\u015f vermi\u015fdi&#8230; 1993-c\u00fc ild\u0259 Az\u0259rbaycan yan\u0131rd\u0131.<\/p><\/blockquote>\n<p style=\"text-align: right;\"><em><strong>\u00dcmummilli lider Heyd\u0259r \u018fL\u0130YEV<\/strong><\/em><\/p>\n<p><a href=\"https:\/\/infonews.az\/?p=44598\"><span style=\"color: #333399;\"><strong>&#8220;\u0130NFONEWS&#8221;<\/strong><\/span><\/a> t\u0259qdim edir:<\/p>\n<p>&nbsp;<\/p>\n<p>D\u00fcnya durmaz bir m\u0259qamda,<\/p>\n<p>d\u00f6n\u0259r, haldan-hala d\u00fc\u015f\u0259r,<\/p>\n<p>Yorulanda karvanba\u015f\u0131<\/p>\n<p>i\u015fi daldan-dala d\u00fc\u015f\u0259r.<\/p>\n<p>Ayaqlar\u0131 dola\u015fanda<\/p>\n<p>Ba\u015f\u0131 gil\u00fc-qala d\u00fc\u015f\u0259r,<\/p>\n<p>Bir xilaskar sora\u011f\u0131yla<\/p>\n<p>\u00e7\u0131rp\u0131nanda arzu, dil\u0259k<\/p>\n<p><em>S\u0259nin yerin g\u00f6r\u00fcn\u0259c\u0259k!!!<\/em><\/p>\n<p>&nbsp;<\/p>\n<p>T\u0259r\u0259zinin a\u011f\u0131r g\u00f6z\u00fc<\/p>\n<p>\u015f\u0259r\u0259 do\u011fru \u0259yil\u0259nd\u0259,<\/p>\n<p>Haqla nahaq sava\u015f\u0131nda<\/p>\n<p>haqq\u0131n haqq\u0131 yenil\u0259nd\u0259,<\/p>\n<p>\u201cBir \u0259dal\u0259t t\u0259rafdar\u0131<\/p>\n<p>g\u0259lib \u00e7\u0131xa\u201d deyil\u0259nd\u0259,<\/p>\n<p>Qar\u0131\u015fanda bir-birin\u0259<\/p>\n<p>insan, \u015feytan, iblis, m\u0259l\u0259k,<\/p>\n<p><em>S\u0259nin yerin g\u00f6r\u00fcn\u0259c\u0259k!!!<\/em><\/p>\n<p>&nbsp;<\/p>\n<p>Ke\u00e7ir tarix, gedir zaman,<\/p>\n<p>d\u00f6vran \u0259ld\u0259n-\u0259l\u0259 d\u00fc\u015f\u00fcr<\/p>\n<p>canlara v\u0259lv\u0259l\u0259 d\u00fc\u015f\u00fcr.<\/p>\n<p>Yada h\u0259r vaxt Ustad d\u00fc\u015f\u00fcr,<\/p>\n<p>Ozan d\u00fc\u015f\u00fcr, D\u0259d\u0259 d\u00fc\u015f\u00fcr,<\/p>\n<p>\u00d6z h\u00f6km\u00fcn\u00fc h\u0259ft\u0259d\u0259 bir<\/p>\n<p>D\u0259yi\u015f\u0259nd\u0259 \u00e7\u0259rxi-f\u0259l\u0259k<\/p>\n<p><em>S\u0259rin yerin g\u00f6r\u00fcn\u0259c\u0259k!!!<\/em><\/p>\n<p>&nbsp;<\/p>\n<p>H\u0259r y\u00fcz ilin ba\u015f\u0131nda da,<\/p>\n<p>h\u0259r ilin d\u00f6rd f\u0259slind\u0259 d\u0259,<\/p>\n<p>H\u0259r il s\u0259nin ad g\u00fcn\u00fcnd\u0259,<\/p>\n<p>may g\u00fcn\u00fcnd\u0259,<\/p>\n<p>S\u0259nin biz\u0259 ulu nem\u0259t,<\/p>\n<p>\u0130lahinin pay g\u00fcn\u00fcnd\u0259,<\/p>\n<p>Az\u0259rbaycan ba\u015fdan-ba\u015fa<\/p>\n<p>a\u00e7\u0131landa \u00e7i\u00e7\u0259k-\u00e7i\u00e7\u0259k,<\/p>\n<p>D\u00fcnya dadl\u0131, d\u00fcnya g\u00f6z\u0259l,<\/p>\n<p>d\u00fcnya \u015firin g\u00f6r\u00fcn\u0259c\u0259k,<\/p>\n<p><em>S\u0259nin yerin g\u00f6r\u00fcn\u0259c\u0259k!!! <\/em><\/p>\n<p><em>S\u0259nin yerin g\u00f6r\u00fcn\u0259c\u0259k!!! <\/em><\/p>\n<p><em>S\u0259nin yerin g\u00f6r\u00fcn\u0259c\u0259k!!!<\/em><\/p>\n<p><img loading=\"lazy\" decoding=\"async\" class=\"size-full wp-image-44601 alignleft\" src=\"https:\/\/infonews.az\/wp-content\/uploads\/2024\/06\/Heyder_liyev_v\u0259_Z\u0259limxan_Yaqub.jpg\" alt=\"\" width=\"220\" height=\"149\" \/><\/p>\n<p>&nbsp;<\/p>\n<p>&nbsp;<\/p>\n<p>&nbsp;<\/p>\n<p>&nbsp;<\/p>\n<p>&nbsp;<\/p>\n<p><em><strong>Z\u0259limxan YAQUB<\/strong><\/em><\/p>\n","protected":false},"excerpt":{"rendered":"<p>\u201cBir \u0259dal\u0259t t\u0259rafdar\u0131 g\u0259lib \u00e7\u0131xa\u201d deyil\u0259nd\u0259 &#8211; S\u018fN\u0130N YER\u0130N G\u00d6R\u00dcN\u018fC\u018fK! G\u0259r\u0259k he\u00e7 k\u0259s bunu unutmas\u0131n ki, 1993-c\u00fc ild\u0259 Az\u0259rbaycan par\u00e7alanmaq, bir \u00f6lk\u0259 kimi, m\u00fcst\u0259qil d\u00f6vl\u0259t m\u0259hv olmaq t\u0259hl\u00fck\u0259si qar\u015f\u0131s\u0131nda idi.&hellip; <\/p>\n","protected":false},"author":14,"featured_media":27834,"comment_status":"open","ping_status":"open","sticky":false,"template":"","format":"standard","meta":{"_mi_skip_tracking":false,"_monsterinsights_sitenote_active":false,"_monsterinsights_sitenote_note":"","_monsterinsights_sitenote_category":0,"footnotes":""},"categories":[5373,4,11],"tags":[8642,7445,15,9594],"aioseo_notices":[],"_links":{"self":[{"href":"https:\/\/infonews.az\/index.php?rest_route=\/wp\/v2\/posts\/44598"}],"collection":[{"href":"https:\/\/infonews.az\/index.php?rest_route=\/wp\/v2\/posts"}],"about":[{"href":"https:\/\/infonews.az\/index.php?rest_route=\/wp\/v2\/types\/post"}],"author":[{"embeddable":true,"href":"https:\/\/infonews.az\/index.php?rest_route=\/wp\/v2\/users\/14"}],"replies":[{"embeddable":true,"href":"https:\/\/infonews.az\/index.php?rest_route=%2Fwp%2Fv2%2Fcomments&post=44598"}],"version-history":[{"count":3,"href":"https:\/\/infonews.az\/index.php?rest_route=\/wp\/v2\/posts\/44598\/revisions"}],"predecessor-version":[{"id":44602,"href":"https:\/\/infonews.az\/index.php?rest_route=\/wp\/v2\/posts\/44598\/revisions\/44602"}],"wp:featuredmedia":[{"embeddable":true,"href":"https:\/\/infonews.az\/index.php?rest_route=\/wp\/v2\/media\/27834"}],"wp:attachment":[{"href":"https:\/\/infonews.az\/index.php?rest_route=%2Fwp%2Fv2%2Fmedia&parent=44598"}],"wp:term":[{"taxonomy":"category","embeddable":true,"href":"https:\/\/infonews.az\/index.php?rest_route=%2Fwp%2Fv2%2Fcategories&post=44598"},{"taxonomy":"post_tag","embeddable":true,"href":"https:\/\/infonews.az\/index.php?rest_route=%2Fwp%2Fv2%2Ftags&post=44598"}],"curies":[{"name":"wp","href":"https:\/\/api.w.org\/{rel}","templated":true}]}}