{"id":44608,"date":"2024-06-14T13:25:07","date_gmt":"2024-06-14T09:25:07","guid":{"rendered":"https:\/\/infonews.az\/?p=44608"},"modified":"2024-06-14T13:25:07","modified_gmt":"2024-06-14T09:25:07","slug":"dask%c9%99ndd%c9%99-m%c9%99nim-az%c9%99rbaycanim-m%c9%99d%c9%99niyy%c9%99t-gunl%c9%99ri-basa-catdi","status":"publish","type":"post","link":"https:\/\/infonews.az\/?p=44608","title":{"rendered":"Da\u015fk\u0259ndd\u0259 \u201cM\u0259nim Az\u0259rbaycan\u0131m\u201d m\u0259d\u0259niyy\u0259t g\u00fcnl\u0259ri ba\u015fa \u00e7atd\u0131"},"content":{"rendered":"<p><span style=\"color: #ffffff;\">Da\u015fk\u0259ndd\u0259 \u201cM\u0259nim Az\u0259rbaycan\u0131m\u201d m\u0259d\u0259niyy\u0259t g\u00fcnl\u0259ri ba\u015fa \u00e7atd\u0131<\/span><\/p>\n<blockquote><p>Az\u0259rbaycan Respublikas\u0131 M\u0259d\u0259niyy\u0259t Nazirliyinin t\u0259\u015fkilat\u00e7\u0131l\u0131\u011f\u0131 il\u0259 \u00d6zb\u0259kistan\u0131n paytaxt\u0131 Da\u015fk\u0259ndd\u0259 ke\u00e7iril\u0259n Az\u0259rbaycan M\u0259d\u0259niyy\u0259ti G\u00fcnl\u0259rinin ba\u011flan\u0131\u015f konserti olub.<\/p><\/blockquote>\n<p><a href=\"https:\/\/infonews.az\/?p=44608\"><span style=\"color: #333399;\"><strong>&#8220;\u0130NFONEWS&#8221;<\/strong><\/span><\/a> &#8211; un Nazirlikd\u0259n \u0259ld\u0259 etdiyi m\u0259lumat\u0131nda bildirilib ki, iyunun 13-d\u0259 Muqimi ad\u0131na Musiqili Dram Teatr\u0131nda Az\u0259rbaycan D\u00f6vl\u0259t R\u0259qs Ansambl\u0131n\u0131n &#8220;M\u0259nim Az\u0259rbaycan\u0131m&#8221; adl\u0131 konserti ke\u00e7irilib. Konserti qarda\u015f \u00f6lk\u0259nin m\u0259d\u0259niyy\u0259t v\u0259 inc\u0259s\u0259n\u0259t xadiml\u0259ri, ictimaiyy\u0259t n\u00fcmay\u0259nd\u0259l\u0259ri izl\u0259yibl\u0259r.<\/p>\n<p>Az\u0259rbaycan r\u0259qs s\u0259n\u0259tinin \u0259n se\u00e7kin \u00f6rn\u0259kl\u0259rinin t\u0259qdim olundu\u011fu gec\u0259d\u0259 \u0259sl an\u015flaq ya\u015fan\u0131b. R\u0259qqaslar\u0131m\u0131z\u0131n y\u00fcks\u0259k pe\u015f\u0259karl\u0131qla ifa etdiyi &#8220;S\u00fcita&#8221;, &#8220;Qaval&#8221;, &#8220;Qaza\u011f\u0131&#8221;, &#8220;Yayl\u0131qla r\u0259qs&#8221;, &#8220;Na\u011fara&#8221;, &#8220;\u015eal\u0131&#8221;, &#8220;Qayta\u011f\u0131&#8221;, &#8220;Toy&#8221;, &#8220;Q\u0131l\u0131ncla r\u0259qs&#8221;, &#8220;\u00c7ay\u00e7\u0131&#8221; v\u0259 &#8220;V\u0259t\u0259n&#8221; r\u0259qsl\u0259ri, el\u0259c\u0259 d\u0259 musiqi n\u00f6mr\u0259si tama\u015fa\u00e7\u0131lar\u0131n s\u00fcr\u0259kli alq\u0131\u015flar\u0131 il\u0259 qar\u015f\u0131lan\u0131b.<\/p>\n<p>Da\u015fk\u0259ndd\u0259 be\u015f g\u00fcn davam ed\u0259n Az\u0259rbaycan M\u0259d\u0259niyy\u0259ti G\u00fcnl\u0259rinin m\u00f6ht\u0259\u015f\u0259m final\u0131 olan konsert i\u015ftirak\u00e7\u0131lar\u0131n yadda\u015f\u0131nda silinm\u0259z iz qoyan s\u0259n\u0259t \u015f\u00f6l\u0259ni kimi tarix\u0259 yaz\u0131l\u0131b.<\/p>\n<p><img loading=\"lazy\" decoding=\"async\" class=\"aligncenter size-full wp-image-44610\" src=\"https:\/\/infonews.az\/wp-content\/uploads\/2024\/06\/491c3495-0f04-42f4-8147-db6842214308.jpeg\" alt=\"\" width=\"1280\" height=\"879\" srcset=\"https:\/\/infonews.az\/wp-content\/uploads\/2024\/06\/491c3495-0f04-42f4-8147-db6842214308.jpeg 1280w, https:\/\/infonews.az\/wp-content\/uploads\/2024\/06\/491c3495-0f04-42f4-8147-db6842214308-300x206.jpeg 300w, https:\/\/infonews.az\/wp-content\/uploads\/2024\/06\/491c3495-0f04-42f4-8147-db6842214308-1024x703.jpeg 1024w, https:\/\/infonews.az\/wp-content\/uploads\/2024\/06\/491c3495-0f04-42f4-8147-db6842214308-768x527.jpeg 768w\" sizes=\"(max-width: 1280px) 100vw, 1280px\" \/><\/p>\n","protected":false},"excerpt":{"rendered":"<p>Da\u015fk\u0259ndd\u0259 \u201cM\u0259nim Az\u0259rbaycan\u0131m\u201d m\u0259d\u0259niyy\u0259t g\u00fcnl\u0259ri ba\u015fa \u00e7atd\u0131 Az\u0259rbaycan Respublikas\u0131 M\u0259d\u0259niyy\u0259t Nazirliyinin t\u0259\u015fkilat\u00e7\u0131l\u0131\u011f\u0131 il\u0259 \u00d6zb\u0259kistan\u0131n paytaxt\u0131 Da\u015fk\u0259ndd\u0259 ke\u00e7iril\u0259n Az\u0259rbaycan M\u0259d\u0259niyy\u0259ti G\u00fcnl\u0259rinin ba\u011flan\u0131\u015f konserti olub. &#8220;\u0130NFONEWS&#8221; &#8211; un Nazirlikd\u0259n \u0259ld\u0259 etdiyi m\u0259lumat\u0131nda&hellip; <\/p>\n","protected":false},"author":14,"featured_media":44609,"comment_status":"open","ping_status":"open","sticky":false,"template":"","format":"standard","meta":{"_mi_skip_tracking":false,"_monsterinsights_sitenote_active":false,"_monsterinsights_sitenote_note":"","_monsterinsights_sitenote_category":0,"footnotes":""},"categories":[4,10,11],"tags":[13787,13788,972,15,13789],"aioseo_notices":[],"_links":{"self":[{"href":"https:\/\/infonews.az\/index.php?rest_route=\/wp\/v2\/posts\/44608"}],"collection":[{"href":"https:\/\/infonews.az\/index.php?rest_route=\/wp\/v2\/posts"}],"about":[{"href":"https:\/\/infonews.az\/index.php?rest_route=\/wp\/v2\/types\/post"}],"author":[{"embeddable":true,"href":"https:\/\/infonews.az\/index.php?rest_route=\/wp\/v2\/users\/14"}],"replies":[{"embeddable":true,"href":"https:\/\/infonews.az\/index.php?rest_route=%2Fwp%2Fv2%2Fcomments&post=44608"}],"version-history":[{"count":1,"href":"https:\/\/infonews.az\/index.php?rest_route=\/wp\/v2\/posts\/44608\/revisions"}],"predecessor-version":[{"id":44611,"href":"https:\/\/infonews.az\/index.php?rest_route=\/wp\/v2\/posts\/44608\/revisions\/44611"}],"wp:featuredmedia":[{"embeddable":true,"href":"https:\/\/infonews.az\/index.php?rest_route=\/wp\/v2\/media\/44609"}],"wp:attachment":[{"href":"https:\/\/infonews.az\/index.php?rest_route=%2Fwp%2Fv2%2Fmedia&parent=44608"}],"wp:term":[{"taxonomy":"category","embeddable":true,"href":"https:\/\/infonews.az\/index.php?rest_route=%2Fwp%2Fv2%2Fcategories&post=44608"},{"taxonomy":"post_tag","embeddable":true,"href":"https:\/\/infonews.az\/index.php?rest_route=%2Fwp%2Fv2%2Ftags&post=44608"}],"curies":[{"name":"wp","href":"https:\/\/api.w.org\/{rel}","templated":true}]}}