{"id":44638,"date":"2024-06-20T13:04:04","date_gmt":"2024-06-20T09:04:04","guid":{"rendered":"https:\/\/infonews.az\/?p=44638"},"modified":"2024-06-20T13:04:04","modified_gmt":"2024-06-20T09:04:04","slug":"birlikd%c9%99-yeni-strateji-h%c9%99d%c9%99fl%c9%99r%c9%99-dogru-turk-dunyasi","status":"publish","type":"post","link":"https:\/\/infonews.az\/?p=44638","title":{"rendered":"Birlikd\u0259 yeni strateji h\u0259d\u0259fl\u0259r\u0259 do\u011fru &#8211; T\u00fcrk D\u00fcnyas\u0131"},"content":{"rendered":"<p><span style=\"color: #ffffff;\">Birlikd\u0259 yeni strateji h\u0259d\u0259fl\u0259r\u0259 do\u011fru &#8211; T\u00fcrk D\u00fcnyas\u0131<\/span><\/p>\n<blockquote><p>Az\u0259rbaycan\u0131n m\u0259d\u0259niyy\u0259t paytaxt\u0131 v\u0259 m\u0259n\u0259viyyat m\u0259b\u0259di olan \u015eu\u015fa bu g\u00fcnl\u0259rd\u0259 n\u00f6vb\u0259ti d\u0259f\u0259 T\u00fcrk d\u00fcnyas\u0131na qucaq a\u00e7d\u0131. Yeni Az\u0259rbaycan Partiyas\u0131n\u0131n t\u0259\u015fkilat\u00e7\u0131l\u0131\u011f\u0131 il\u0259 \u015eu\u015fada ke\u00e7iril\u0259n v\u0259 T\u00fcrk D\u00f6vl\u0259tl\u0259ri T\u0259\u015fkilat\u0131na (TDT) \u00fczv v\u0259 m\u00fc\u015fahid\u0259\u00e7i \u00f6lk\u0259l\u0259rin hakim partiya r\u0259hb\u0259rl\u0259ri d\u0259 daxil olmaqla, 300-d\u0259k n\u00fcmay\u0259nd\u0259nin i\u015ftirak etdiyi \u201cT\u00fcrk D\u00f6vl\u0259tl\u0259ri T\u0259\u015fkilat\u0131: geosiyasi reall\u0131qlar v\u0259 qlobal kataklizml\u0259r fonunda yeni strateji h\u0259d\u0259fl\u0259r\u0259 do\u011fru\u201d m\u00f6vzusunda beyn\u0259lxalq konfrans maraql\u0131 m\u00fczakir\u0259l\u0259rl\u0259 yadda qald\u0131. \u018fn \u0259sas\u0131 bu konfrans bir daha bel\u0259 bir h\u0259qiq\u0259ti ortaya qoydu ki, t\u00fcrk d\u00f6vl\u0259tl\u0259rinin h\u0259r zaman v\u0259 ist\u0259nil\u0259n m\u0259s\u0259l\u0259d\u0259 h\u0259mr\u0259ylik n\u00fcmayi\u015f etdirm\u0259l\u0259ri tarixi z\u0259rur\u0259tdir.<\/p><\/blockquote>\n<p><a href=\"https:\/\/infonews.az\/?p=44638\"><span style=\"color: #333399;\"><strong>&#8220;\u0130NFONEWS&#8221;<\/strong><\/span> <\/a>x\u0259b\u0259r verir ki, bu fikirl\u0259r T\u00fcrk M\u0259d\u0259niyy\u0259ti v\u0259 \u0130rsi Fondunun m\u0259tbuat v\u0259 ictimaiyy\u0259tl\u0259 \u0259laq\u0259l\u0259r \u00fczr\u0259 m\u0259sul \u015f\u0259xsi G\u00fcnel Yaz\u0131n \u201cT\u00fcrk d\u00fcnyas\u0131: Birlikd\u0259 yeni strateji h\u0259d\u0259fl\u0259r\u0259 do\u011fru\u201d s\u0259rl\u00f6vh\u0259li m\u0259qal\u0259sind\u0259 yer al\u0131b. M\u0259qal\u0259ni t\u0259qdim edirik.<\/p>\n<p><strong>Konfrans\u0131n \u015eu\u015fada ke\u00e7irilm\u0259si r\u0259mzi m\u0259na da\u015f\u0131d\u0131<\/strong><\/p>\n<p>\u018fvv\u0259lc\u0259 onu qeyd edim ki, bu t\u0259dbirin Az\u0259rbaycan\u0131n m\u0259d\u0259niyy\u0259t be\u015fiyi, 2024-c\u00fc ilin \u201c\u0130slam d\u00fcnyas\u0131n\u0131n m\u0259d\u0259niyy\u0259t paytaxt\u0131\u201d elan edilmi\u015f \u015eu\u015fa \u015f\u0259h\u0259rind\u0259 t\u0259\u015fkil edilm\u0259sinin r\u0259mzi m\u0259nas\u0131 vard\u0131. \u0130lk n\u00f6vb\u0259d\u0259 ona g\u00f6r\u0259 ki, \u015eu\u015fa yaln\u0131z Az\u0259rbaycan \u00fc\u00e7\u00fcn deyil, b\u00fct\u00f6vl\u00fckd\u0259 T\u00fcrk d\u00fcnyas\u0131 \u00fc\u00e7\u00fcn m\u00fcst\u0259sna \u0259h\u0259miyy\u0259t k\u0259sb ed\u0259n \u015f\u0259h\u0259rdir. V\u0259t\u0259n m\u00fcharib\u0259sind\u0259 \u015eu\u015fan\u0131n azad edilm\u0259si t\u0259kc\u0259 Az\u0259rbaycanda deyil, b\u00fct\u00fcn t\u00fcrk d\u00f6vl\u0259tl\u0259rind\u0259 b\u00f6y\u00fck co\u015fqu v\u0259 sevincl\u0259 qar\u015f\u0131lanm\u0131\u015fd\u0131. 2023-c\u00fc ild\u0259 is\u0259 \u201cT\u00fcrk d\u00fcnyas\u0131n\u0131n m\u0259d\u0259niyy\u0259t paytaxt\u0131\u201d elan olunmas\u0131 \u015eu\u015fan\u0131n T\u00fcrk d\u00fcnyas\u0131ndak\u0131 yerinin t\u0259c\u0259ss\u00fcm\u00fc idi.<\/p>\n<p>Bununla yana\u015f\u0131, 3 il \u0259vv\u0259l, iyunun 15-d\u0259 \u015eu\u015fada Az\u0259rbaycanla T\u00fcrkiy\u0259 aras\u0131ndak\u0131 m\u00fcnasib\u0259tl\u0259ri tamamil\u0259 yeni, strateji m\u00fctt\u0259fiqlik m\u0259rh\u0259l\u0259sin\u0259 y\u00fcks\u0259ld\u0259n tarixi \u015eu\u015fa B\u0259yannam\u0259si imzalan\u0131b. M\u0259hz bu B\u0259yannam\u0259 n\u00fcmun\u0259y\u0259 \u00e7evril\u0259r\u0259k, haz\u0131rda dig\u0259r t\u00fcrk d\u00f6vl\u0259tl\u0259ri aras\u0131ndak\u0131 \u0259laq\u0259l\u0259rin yeni m\u0259rh\u0259l\u0259y\u0259 y\u00fcks\u0259ldilm\u0259sind\u0259 mayak rolunu oynay\u0131r. \u0130yunun \u0259vv\u0259lind\u0259 T\u00dcRKPA n\u00fcmay\u0259nd\u0259 hey\u0259tini q\u0259bul ed\u0259n zaman Prezident \u0130lham \u018fliyev bu m\u0259s\u0259l\u0259y\u0259 toxunaraq, Az\u0259rbaycan-T\u00fcrkiy\u0259 m\u00fctt\u0259fiqliyinin timsal\u0131nda \u00fcmumilikd\u0259 T\u00fcrk d\u00fcnyas\u0131n\u0131n birliyinin vacibliyin\u0259 diqq\u0259t \u00e7\u0259kdi: \u201cBax\u0131n, T\u00fcrkiy\u0259 v\u0259 Az\u0259rbaycan 2021-ci ild\u0259 \u015eu\u015fa B\u0259yannam\u0259sini imzalam\u0131\u015flar v\u0259 r\u0259smi m\u00fctt\u0259fiq olmu\u015flar. Y\u0259ni bu m\u00fctt\u0259fiqlik \u0259n y\u00fcks\u0259k \u0259m\u0259kda\u015fl\u0131q format\u0131d\u0131r. H\u0259r zaman b\u00fct\u00fcn m\u0259s\u0259l\u0259l\u0259rd\u0259 bir-birimizin yan\u0131nday\u0131q. Bir m\u0259s\u0259l\u0259 \u00e7\u0131xan kimi, nec\u0259 dey\u0259rl\u0259r, avtomatik rejimd\u0259, g\u00f6z\u00fcyumulu bir-birimizin yan\u0131nday\u0131q. Bu birlik b\u00fct\u00fcn T\u00fcrk d\u00fcnyas\u0131nda olmal\u0131d\u0131r v\u0259 ondan sonra he\u00e7 kim bizim i\u015fimiz\u0259 m\u00fcdaxil\u0259 ed\u0259 bilm\u0259z\u201d.<\/p>\n<p>Bu m\u0259nada \u201cT\u00fcrk D\u00f6vl\u0259tl\u0259ri T\u0259\u015fkilat\u0131: geosiyasi reall\u0131qlar v\u0259 qlobal kataklizml\u0259r fonunda yeni strateji h\u0259d\u0259fl\u0259r\u0259 do\u011fru\u201d m\u00f6vzusunda konfrans\u0131n m\u0259hz \u015eu\u015fa B\u0259yannam\u0259sinin imzaland\u0131\u011f\u0131 tarixd\u0259 ke\u00e7irilm\u0259si t\u00fcrk d\u00f6vl\u0259tl\u0259rinin birliyinin daha da m\u00f6hk\u0259ml\u0259ndirilm\u0259si bax\u0131m\u0131ndan r\u0259mzi m\u0259na da\u015f\u0131d\u0131.<\/p>\n<p><strong>Qlobal kataklizml\u0259r fonunda h\u0259mr\u0259yliyin n\u00fcmayi\u015f etdirilm\u0259si z\u0259rur\u0259tdir<\/strong><\/p>\n<p>Q\u0259dim T\u00fcrk d\u00fcnyas\u0131n\u0131n v\u0259 bu d\u00fcnyan\u0131n t\u0259rkib hiss\u0259si olan ayr\u0131-ayr\u0131 t\u00fcrk xalqlar\u0131n\u0131n, t\u00fcrk d\u00f6vl\u0259tl\u0259rinin \u00f6z m\u00f6vcudluqlar\u0131n\u0131 qoruyub-saxlamas\u0131n\u0131, onlar\u0131n inki\u015faf\u0131n\u0131 \u015f\u0259rtl\u0259ndir\u0259n \u0259n m\u00fch\u00fcm amill\u0259rd\u0259n biri t\u00fcrk\u00e7\u00fcl\u00fck m\u0259fkur\u0259sidir. D\u00fcnyada xalqlar\u0131n, mill\u0259tl\u0259rin h\u0259r hans\u0131 ideologiya \u0259traf\u0131nda birl\u0259\u015fm\u0259si il\u0259 ba\u011fl\u0131 m\u00fcxt\u0259lif n\u00fcmun\u0259l\u0259r var. T\u00fcrk xalqlar\u0131n\u0131 birl\u0259\u015fdir\u0259n d\u0259y\u0259rl\u0259r eyni soy-k\u00f6k\u0259, eyni tarix\u0259 malik olmalar\u0131, eyni dild\u0259 dan\u0131\u015fmalar\u0131d\u0131r. \u0130lk n\u00f6vb\u0259d\u0259, t\u00fcrk\u00e7\u00fcl\u00fck m\u0259fkur\u0259si haz\u0131rda T\u00fcrk d\u00fcnyas\u0131n\u0131 birl\u0259\u015fdir\u0259n \u0259sas amildir. T\u0259sad\u00fcfi deyil ki, \u0259sas\u0131 h\u0259l\u0259 2009-cu ild\u0259 Nax\u00e7\u0131vanda qoyulan T\u00fcrk D\u00f6vl\u0259tl\u0259ri T\u0259\u015fkilat\u0131nda (TDT) \u00fczv v\u0259 m\u00fc\u015fahid\u0259\u00e7i d\u00f6vl\u0259tl\u0259ri birl\u0259\u015fdir\u0259n \u0259sas amil t\u00fcrk\u00e7\u00fcl\u00fck m\u0259fkur\u0259sidir. Bu prinsip \u00fcz\u0259rind\u0259 formala\u015fan TDT haz\u0131rda t\u00fcrk d\u00fcnyas\u0131n\u0131 birl\u0259\u015fdir\u0259n v\u0259 d\u00fcnyaya tan\u0131dan siyasi platformad\u0131r.<\/p>\n<p>Lakin b\u0259\u015f\u0259riyy\u0259t el\u0259 bir d\u00f6vr\u0259 g\u0259lib \u00e7at\u0131b ki, indi t\u00fcrk d\u00f6vl\u0259tl\u0259ri \u00f6z maraq m\u0259nafel\u0259rini layiqinc\u0259 t\u0259min etm\u0259k \u00fc\u00e7\u00fcn \u0259vv\u0259lkind\u0259n d\u0259 g\u00fccl\u00fc h\u0259mr\u0259ylik n\u00fcmayi\u015f etdirm\u0259lidirl\u0259r v\u0259 bu tarixi z\u0259rur\u0259tdir. \u00c7\u00fcnki art\u0131q a\u015f\u0131nmaya m\u0259ruz qalm\u0131\u015f beyn\u0259lxalq h\u00fcquq bu g\u00fcn sad\u0259c\u0259 g\u00fcc m\u0259rk\u0259zl\u0259rinin \u0259lind\u0259 t\u0259zyiq al\u0259ti rolu oynay\u0131r v\u0259 he\u00e7 bir halda dig\u0259r d\u00f6vl\u0259tl\u0259rin m\u0259nafel\u0259rini qorumur. Bunun n\u0259tic\u0259si kimi qlobal kataklizml\u0259r beyn\u0259lxalq m\u00fcnasib\u0259tl\u0259r sisteminin geosiyasi reall\u0131qlar\u0131ndan birin\u0259 \u00e7evrilib. Beyn\u0259lxalq h\u00fcquq is\u0259 d\u00fcnyada s\u00fclh\u00fc v\u0259 sabitliyi kataklizml\u0259rd\u0259n qorumaq iqtidar\u0131nda deyil.<\/p>\n<p><img decoding=\"async\" class=\"aligncenter\" src=\"https:\/\/azertag.az\/store\/manual\/2024_06_20_6673ecb6e7b4f.jpeg\" alt=\"\" width=\"600\" \/><\/p>\n<p>X\u00fcsusil\u0259 qeyd edilm\u0259lidir ki, xarici g\u00fcc m\u0259rk\u0259zl\u0259rinin t\u0259siri il\u0259 d\u00fcnyan\u0131n m\u00fcxt\u0259lif regionlar\u0131nda \u00e7oxsayl\u0131 qar\u015f\u0131durmalar\u0131n \u2013 etnik v\u0259 dini z\u0259mind\u0259 m\u00fcnaqi\u015f\u0259l\u0259rin, siyasi qar\u015f\u0131durmalar\u0131n ba\u015f verm\u0259si, xaos v\u0259 anarxiya m\u00fchitinin yaranmas\u0131 ayr\u0131-ayr\u0131 d\u00f6vl\u0259tl\u0259r\u0259 v\u0259 b\u00fct\u00f6vl\u00fckd\u0259 beyn\u0259lxalq t\u0259hl\u00fck\u0259sizliy\u0259 ciddi t\u0259hdidl\u0259r yaratmaqdad\u0131r. Prezident \u0130lham \u018fliyev \u201cT\u00fcrk D\u00f6vl\u0259tl\u0259ri T\u0259\u015fkilat\u0131: geosiyasi reall\u0131qlar v\u0259 qlobal kataklizml\u0259r fonunda yeni strateji h\u0259d\u0259fl\u0259r\u0259 do\u011fru\u201d m\u00f6vzusunda konfrans\u0131n\u0131n i\u015ftirak\u00e7\u0131lar\u0131na m\u0259ktubunda haql\u0131 olaraq qeyd edir ki, beyn\u0259lxalq h\u00fcquq normalar\u0131n\u0131n kobudcas\u0131na pozuldu\u011fu v\u0259 ikili standartlara \u0259saslanan selektiv yana\u015fmalar\u0131n ba\u015f qald\u0131rd\u0131\u011f\u0131 bel\u0259 bir \u015f\u0259raitd\u0259 milli maraqlar\u0131n qorunmas\u0131na h\u0259d\u0259fl\u0259nmi\u015f v\u0259 m\u00f6vcud \u00e7a\u011f\u0131r\u0131\u015flara cavab ver\u0259n siyas\u0259tin h\u0259yata ke\u00e7irilm\u0259si m\u00fcst\u0259qil d\u00f6vl\u0259tl\u0259rin qar\u015f\u0131s\u0131nda duran ba\u015fl\u0131ca v\u0259zif\u0259l\u0259rd\u0259ndir.<\/p>\n<p>Yeni strateji h\u0259d\u0259fl\u0259r\u0259 do\u011fru inamla ir\u0259lil\u0259y\u0259r\u0259k d\u00fcnya siyas\u0259tind\u0259 y\u00fcks\u0259l\u0259n g\u00fcc m\u0259rk\u0259zin\u0259 \u00e7evril\u0259n, beyn\u0259lxalq n\u00fcfuzu v\u0259 geosiyasi t\u0259sir imkanlar\u0131 artmaqda olan t\u00fcrk d\u00f6vl\u0259tl\u0259ri d\u0259 analoji \u00e7a\u011f\u0131r\u0131\u015flarla \u00fcz-\u00fcz\u0259dirl\u0259r. Ona g\u00f6r\u0259 d\u0259 qeyd olunan qlobal probleml\u0259r v\u0259 kataklizml\u0259r fonunda T\u00fcrk d\u00fcnyas\u0131n\u0131n birliyi daha vacibdir. TDT is\u0259 bu qlobal prosesl\u0259rd\u0259n u\u011furla v\u0259 s\u00fcr\u0259tl\u0259 \u00e7\u0131xmaq v\u0259 itkil\u0259ri minimuma endirm\u0259k yolunda bir k\u00f6rp\u00fc rolunu oynay\u0131r. Bu t\u0259\u015fkilatda t\u0259msil olunan t\u00fcrk d\u00f6vl\u0259tl\u0259rinin s\u0131x h\u0259mr\u0259ylik \u015f\u0259raitind\u0259 dostluq v\u0259 qarda\u015fl\u0131q prinsipl\u0259rin\u0259, qar\u015f\u0131l\u0131ql\u0131 anla\u015fmaya, b\u0259rab\u0259rh\u00fcquqlu t\u0259r\u0259fda\u015fl\u0131\u011fa v\u0259 \u00e7ox\u015fax\u0259li \u0259m\u0259kda\u015fl\u0131\u011fa \u0259saslanan m\u00fcnasib\u0259tl\u0259ri h\u0259m milli v\u0259 regional s\u0259viyy\u0259d\u0259, h\u0259m d\u0259 qlobal miqyasda sabitliy\u0259, t\u0259hl\u00fck\u0259sizliy\u0259 v\u0259 inki\u015fafa xidm\u0259t ed\u0259n \u00e7ox \u00f6n\u0259mli amildir. TDT-n\u0131n d\u00f6vl\u0259t ba\u015f\u00e7\u0131lar\u0131n\u0131n t\u00fcrk inteqrasiyas\u0131n\u0131 daim inki\u015faf etdirm\u0259k, m\u00f6hk\u0259ml\u0259ndirm\u0259k v\u0259 d\u0259rinl\u0259\u015fdirm\u0259k istiqam\u0259tind\u0259 m\u0259qs\u0259dy\u00f6nl\u00fc t\u0259\u015f\u0259bb\u00fcsl\u0259ri d\u0259 t\u0259qdir\u0259layiqdir.<\/p>\n<p>TDT-nin qlobal kataklizml\u0259r fonunda yeni strateji h\u0259d\u0259fl\u0259r\u0259 do\u011fru ir\u0259lil\u0259m\u0259si h\u0259l\u0259 2021-ci ilin noyabr\u0131nda \u0130stanbulda ke\u00e7iril\u0259n t\u00fcrk d\u00f6vl\u0259t ba\u015f\u00e7\u0131lar\u0131n\u0131n 8-ci Zirv\u0259 g\u00f6r\u00fc\u015f\u00fcnd\u0259 q\u0259bul edil\u0259n \u201cT\u00fcrk D\u00fcnyas\u0131 \u2013 2040\u201d adl\u0131 s\u0259n\u0259dinin d\u0259 \u0259sas prioritetidir. TDT-nin strateji s\u0259n\u0259di bu c\u00fcml\u0259 il\u0259 ba\u015flay\u0131r: \u201cD\u00fcnya miqyas\u0131nda s\u00fcr\u0259tli d\u0259yi\u015fiklikl\u0259ri v\u0259 onlar\u0131n \u00fcz\u0259rimizd\u0259ki t\u0259sirl\u0259rini tan\u0131maq v\u0259 \u0259l\u0259 almaq \u00fc\u00e7\u00fcn strateji bir vizionu vacib ed\u0259n bir d\u00f6vrd\u0259 ya\u015famaqday\u0131q\u201d. B\u0259li, d\u00fcnyada ya\u015fanan hadis\u0259l\u0259r, prosesl\u0259r beyn\u0259lxalq, regional v\u0259 qit\u0259l\u0259raras\u0131 m\u0259nada strateji bax\u0131\u015fa sahib olma z\u0259rur\u0259tini yarad\u0131b.<\/p>\n<p><strong>TDT \u00e7\u0259r\u00e7iv\u0259sind\u0259 \u0259m\u0259kda\u015fl\u0131q d\u0259rinl\u0259\u015fdiril\u0259c\u0259k<\/strong><\/p>\n<p>B\u00fct\u00fcn bunlara nail olmaq \u00fc\u00e7\u00fcn t\u00fcrk d\u00f6vl\u0259tl\u0259rinin qar\u015f\u0131s\u0131nda \u00e7ox m\u00fch\u00fcm v\u0259zif\u0259l\u0259r durur. Haz\u0131rk\u0131 \u015f\u0259raitd\u0259 bu, ilk n\u00f6vb\u0259d\u0259, iqtisadi \u0259laq\u0259l\u0259rin g\u00fccl\u0259ndirilm\u0259sind\u0259 \u00f6z\u00fcn\u00fc g\u00f6st\u0259r\u0259 bil\u0259r. M\u0259s\u0259l\u0259n, t\u00fcrk d\u00f6vl\u0259tl\u0259rinin yerl\u0259\u015fdiyi co\u011frafiyan\u0131n n\u0259qliyyat v\u0259 tranzit potensial\u0131ndan d\u00fczg\u00fcn istifad\u0259 edilm\u0259si strateji \u0259h\u0259miyy\u0259t k\u0259sb edir. \u00c7ind\u0259n Avropaya v\u0259 \u0259ksin\u0259 \u0259n s\u0259m\u0259r\u0259li n\u0259qliyyat yollar t\u00fcrk co\u011frafiyas\u0131ndan ke\u00e7ir v\u0259 bu bax\u0131mdan n\u0259qliyyat d\u0259hlizl\u0259rinin inki\u015faf\u0131 v\u0259 logistika infrastrukturunun yarad\u0131lmas\u0131 t\u00fcrk d\u00f6vl\u0259tl\u0259rinin \u00fcmumi maraqlar\u0131na cavab verir. 4,5 milyon kv.km. \u0259razini \u0259hat\u0259 ed\u0259n T\u00fcrk co\u011frafiyas\u0131nda yerin \u00fcst\u00fc kimi alt\u0131 da z\u0259ngindir. Bel\u0259 ki, t\u00fcrk d\u00f6vl\u0259tl\u0259ri b\u00f6y\u00fck ehtiyatlara malik neft-qaz, h\u0259m\u00e7inin dig\u0259r t\u0259bii s\u0259rv\u0259tl\u0259r\u0259 malikdirl\u0259r. Bu is\u0259 T\u00fcrk D\u00f6vl\u0259tl\u0259ri T\u0259\u015fkilat\u0131n\u0131n t\u0259kc\u0259 regional deyil, beyn\u0259lxalq \u0259h\u0259miyy\u0259tini d\u0259 son d\u0259r\u0259c\u0259 art\u0131r\u0131r, qurumun iqtisadi v\u0259 siyasi inki\u015faf\u0131n\u0131 \u015f\u0259rtl\u0259ndirir. Onu da qeyd edim ki, haz\u0131rda TDT \u00fczvl\u0259rinin iqtisadi potensial\u0131 2 trilyon dollara \u00e7at\u0131r v\u0259 iqtisadi sferadak\u0131 \u0259m\u0259kda\u015fl\u0131\u011f\u0131n d\u0259rinl\u0259\u015fdirilm\u0259sinin v\u0259 strateji v\u0259zif\u0259l\u0259rin u\u011furla h\u0259yata ke\u00e7irilm\u0259sinin n\u0259tic\u0259si olaraq TDT qlobal iqtisadi g\u00fcc m\u0259rk\u0259zin\u0259 \u00e7evril\u0259 bil\u0259r.<\/p>\n<p>He\u00e7 \u015f\u00fcbh\u0259siz, TDT-da bir araya g\u0259l\u0259n \u00f6lk\u0259l\u0259rin siyasi partiyalar\u0131n\u0131n qar\u015f\u0131l\u0131ql\u0131 faydal\u0131 \u0259m\u0259kda\u015fl\u0131\u011f\u0131 da m\u00fc\u015ft\u0259r\u0259k m\u0259qs\u0259dl\u0259rin h\u0259yata ke\u00e7irilm\u0259sind\u0259 \u0259h\u0259miyy\u0259tli rol oynay\u0131r. Qeyd edim ki, TDT \u00e7\u0259r\u00e7iv\u0259sind\u0259 partiyalararas\u0131 \u0259m\u0259kda\u015fl\u0131q qarda\u015f t\u00fcrk d\u00f6vl\u0259tl\u0259rinin vahid d\u00f6vl\u0259tl\u0259raras\u0131 birliyinin daha da m\u00f6hk\u0259ml\u0259nm\u0259sin\u0259 xidm\u0259t edir. Geosiyasi reall\u0131qlar v\u0259 qlobal kataklizml\u0259r fonunda is\u0259 TDT-y\u0259 \u00fczv \u00f6lk\u0259l\u0259rin hakim partiyalar\u0131n\u0131 ikit\u0259r\u0259fli \u0259m\u0259kda\u015fl\u0131\u011f\u0131 g\u00fccl\u0259ndirm\u0259l\u0259ri z\u0259rur\u0259tdir. \u015e\u00fcbh\u0259siz ki, partiya diplomatiyas\u0131ndan istifad\u0259 edilm\u0259si bundan sonra da davam etdiril\u0259c\u0259k v\u0259 bu, T\u00fcrk d\u00fcnyas\u0131n\u0131n \u00f6z m\u0259fkur\u0259sini, ideologiyas\u0131n\u0131, \u0259m\u0259kda\u015fl\u0131q imkanlar\u0131n\u0131 y\u00fcks\u0259ltm\u0259si istiqam\u0259tind\u0259 faydal\u0131 olacaq.<\/p>\n<p>\u015eu\u015fada ke\u00e7iril\u0259n beyn\u0259lxalq konfrans \u00e7\u0259r\u00e7iv\u0259sind\u0259 t\u0259\u015fkil olunan \u201cT\u00fcrk D\u00f6vl\u0259tl\u0259ri T\u0259\u015fkilat\u0131: qlobal t\u0259hl\u00fck\u0259sizliy\u0259 regional t\u00f6hf\u0259\u201d, \u201cOrtaq d\u0259y\u0259rl\u0259rl\u0259 m\u00fcasirliyin v\u0259hd\u0259ti: partiya diplomatiyas\u0131 yeni dialoq platformas\u0131 kimi\u201d v\u0259 \u201cT\u00fcrk D\u00fcnyas\u0131-2040: g\u0259l\u0259c\u0259y\u0259 konseptual bax\u0131\u015f\u201d m\u00f6vzular\u0131nda \u00fc\u00e7 plenar sessiyada bu m\u0259s\u0259l\u0259l\u0259r \u0259trafl\u0131 m\u00fczakir\u0259 edildi, t\u0259klifl\u0259r, t\u0259\u015f\u0259bb\u00fcsl\u0259r s\u0259sl\u0259ndirildi. S\u0259sl\u0259n\u0259n fikirl\u0259r bel\u0259 bir ortaq m\u0259xr\u0259cd\u0259 k\u0259si\u015fdi ki, t\u00fcrk d\u00f6vl\u0259tl\u0259rinin qlobal kataklizml\u0259rin \u00f6hd\u0259sind\u0259n birlikd\u0259 g\u0259lm\u0259l\u0259rinin v\u0259 bu prosesd\u0259n g\u00fccl\u00fc \u00e7\u0131xmalar\u0131n\u0131n \u0259sas yolu TDT \u00e7\u0259r\u00e7iv\u0259sind\u0259 \u0259m\u0259kda\u015fl\u0131\u011f\u0131n daha da d\u0259rinl\u0259\u015fdirilm\u0259sidir.<\/p>\n<p>\u015e\u00fcbh\u0259siz ki, \u015eu\u015fada ke\u00e7iril\u0259n konfrans t\u00fcrk d\u00f6vl\u0259tl\u0259ri aras\u0131nda \u00e7ox\u015fax\u0259li m\u00fcnasib\u0259tl\u0259rin inki\u015faf\u0131na, T\u00fcrk d\u00fcnyas\u0131nda birliyin daha da m\u00f6hk\u0259ml\u0259nm\u0259sin\u0259, yeni h\u0259d\u0259fl\u0259rin realla\u015fmas\u0131na d\u0259y\u0259rli t\u00f6hf\u0259l\u0259r ver\u0259c\u0259k. Bu konfrans \u0259laq\u0259l\u0259ri m\u00f6hk\u0259ml\u0259ndirm\u0259y\u0259, geosiyasi reall\u0131qlara v\u0259 qlobal kataklizml\u0259r\u0259 qar\u015f\u0131 effektiv m\u00fcbariz\u0259 aparma\u011fa k\u00f6m\u0259k ed\u0259c\u0259k, yeni strateji m\u0259qs\u0259dl\u0259r \u00fc\u00e7\u00fcn ba\u015flan\u011f\u0131c n\u00f6qt\u0259si olacaq.<\/p>\n","protected":false},"excerpt":{"rendered":"<p>Birlikd\u0259 yeni strateji h\u0259d\u0259fl\u0259r\u0259 do\u011fru &#8211; T\u00fcrk D\u00fcnyas\u0131 Az\u0259rbaycan\u0131n m\u0259d\u0259niyy\u0259t paytaxt\u0131 v\u0259 m\u0259n\u0259viyyat m\u0259b\u0259di olan \u015eu\u015fa bu g\u00fcnl\u0259rd\u0259 n\u00f6vb\u0259ti d\u0259f\u0259 T\u00fcrk d\u00fcnyas\u0131na qucaq a\u00e7d\u0131. Yeni Az\u0259rbaycan Partiyas\u0131n\u0131n t\u0259\u015fkilat\u00e7\u0131l\u0131\u011f\u0131 il\u0259 \u015eu\u015fada&hellip; <\/p>\n","protected":false},"author":14,"featured_media":44639,"comment_status":"open","ping_status":"open","sticky":false,"template":"","format":"standard","meta":{"_mi_skip_tracking":false,"_monsterinsights_sitenote_active":false,"_monsterinsights_sitenote_note":"","_monsterinsights_sitenote_category":0,"footnotes":""},"categories":[4,6,11],"tags":[15,260,12660],"aioseo_notices":[],"_links":{"self":[{"href":"https:\/\/infonews.az\/index.php?rest_route=\/wp\/v2\/posts\/44638"}],"collection":[{"href":"https:\/\/infonews.az\/index.php?rest_route=\/wp\/v2\/posts"}],"about":[{"href":"https:\/\/infonews.az\/index.php?rest_route=\/wp\/v2\/types\/post"}],"author":[{"embeddable":true,"href":"https:\/\/infonews.az\/index.php?rest_route=\/wp\/v2\/users\/14"}],"replies":[{"embeddable":true,"href":"https:\/\/infonews.az\/index.php?rest_route=%2Fwp%2Fv2%2Fcomments&post=44638"}],"version-history":[{"count":1,"href":"https:\/\/infonews.az\/index.php?rest_route=\/wp\/v2\/posts\/44638\/revisions"}],"predecessor-version":[{"id":44640,"href":"https:\/\/infonews.az\/index.php?rest_route=\/wp\/v2\/posts\/44638\/revisions\/44640"}],"wp:featuredmedia":[{"embeddable":true,"href":"https:\/\/infonews.az\/index.php?rest_route=\/wp\/v2\/media\/44639"}],"wp:attachment":[{"href":"https:\/\/infonews.az\/index.php?rest_route=%2Fwp%2Fv2%2Fmedia&parent=44638"}],"wp:term":[{"taxonomy":"category","embeddable":true,"href":"https:\/\/infonews.az\/index.php?rest_route=%2Fwp%2Fv2%2Fcategories&post=44638"},{"taxonomy":"post_tag","embeddable":true,"href":"https:\/\/infonews.az\/index.php?rest_route=%2Fwp%2Fv2%2Ftags&post=44638"}],"curies":[{"name":"wp","href":"https:\/\/api.w.org\/{rel}","templated":true}]}}