{"id":44660,"date":"2024-06-21T12:19:27","date_gmt":"2024-06-21T08:19:27","guid":{"rendered":"https:\/\/infonews.az\/?p=44660"},"modified":"2024-06-21T12:19:27","modified_gmt":"2024-06-21T08:19:27","slug":"c%c9%99brayilda-mina-partlayib-anama-%c9%99m%c9%99kdasi-h%c9%99lak-olub","status":"publish","type":"post","link":"https:\/\/infonews.az\/?p=44660","title":{"rendered":"C\u0259bray\u0131lda mina partlay\u0131b &#8211; ANAMA \u0259m\u0259kda\u015f\u0131 h\u0259lak olub"},"content":{"rendered":"<p><span style=\"color: #ffffff;\">C\u0259bray\u0131lda mina partlay\u0131b &#8211; ANAMA \u0259m\u0259kda\u015f\u0131 h\u0259lak olub <\/span><\/p>\n<blockquote><p>C\u0259bray\u0131l rayonunda sursat partlay\u0131\u015f\u0131 hadis\u0259si ba\u015f verib, ANAMA \u0259m\u0259kda\u015f\u0131 h\u0259lak olub.<\/p><\/blockquote>\n<p><a href=\"https:\/\/infonews.az\/?p=44660\"><span style=\"color: #333399;\"><strong>&#8220;\u0130NFONEWS&#8221;<\/strong><\/span><\/a> Daxili \u0130\u015fl\u0259r Nazirliyi, Ba\u015f Prokurorluq v\u0259 Minat\u0259mizl\u0259m\u0259 Agentliyinin (ANAMA) m\u0259tbuat xidm\u0259tinin m\u0259lumat\u0131na istinad\u0259n x\u0259b\u0259r verir ki, i\u015f\u011faldan azad edilmi\u015f C\u0259bray\u0131l rayonu \u0259razisind\u0259 iyunun 21-d\u0259 sursat partlay\u0131\u015f\u0131 hadis\u0259si ba\u015f verib.<\/p>\n<p>\u018frazid\u0259 icra edil\u0259n minat\u0259mizl\u0259m\u0259 prosesi zaman\u0131 ba\u015f ver\u0259n partlay\u0131\u015f n\u0259tic\u0259sind\u0259 Agentliyin \u0259m\u0259kda\u015f\u0131 1980-ci il t\u0259v\u0259ll\u00fcdl\u00fc \u0130sayev Raqif Deputat o\u011flu h\u0259yat\u0131n\u0131 itirib. Hadis\u0259 zaman\u0131 m\u00fcxt\u0259lif d\u0259r\u0259c\u0259li b\u0259d\u0259n x\u0259sar\u0259tl\u0259ri alan \u0259m\u0259kda\u015flar rayon x\u0259st\u0259xanas\u0131na t\u0259xliy\u0259 edilib. V\u0259ziyy\u0259tl\u0259ri q\u0259na\u0259tb\u0259x\u015fdir.<\/p>\n<p>Haz\u0131rda prokurorluq \u0259m\u0259kda\u015flar\u0131 t\u0259r\u0259find\u0259n hadis\u0259 yeri m\u00fcayin\u0259 olunur. Faktla ba\u011fl\u0131 C\u0259bray\u0131l Rayon Prokurorlu\u011funda ara\u015fd\u0131rma apar\u0131l\u0131r.<\/p>\n","protected":false},"excerpt":{"rendered":"<p>C\u0259bray\u0131lda mina partlay\u0131b &#8211; ANAMA \u0259m\u0259kda\u015f\u0131 h\u0259lak olub C\u0259bray\u0131l rayonunda sursat partlay\u0131\u015f\u0131 hadis\u0259si ba\u015f verib, ANAMA \u0259m\u0259kda\u015f\u0131 h\u0259lak olub. &#8220;\u0130NFONEWS&#8221; Daxili \u0130\u015fl\u0259r Nazirliyi, Ba\u015f Prokurorluq v\u0259 Minat\u0259mizl\u0259m\u0259 Agentliyinin (ANAMA) m\u0259tbuat&hellip; <\/p>\n","protected":false},"author":14,"featured_media":15296,"comment_status":"open","ping_status":"open","sticky":false,"template":"","format":"standard","meta":{"_mi_skip_tracking":false,"_monsterinsights_sitenote_active":false,"_monsterinsights_sitenote_note":"","_monsterinsights_sitenote_category":0,"footnotes":""},"categories":[5373,5,11],"tags":[397,4307,15],"aioseo_notices":[],"_links":{"self":[{"href":"https:\/\/infonews.az\/index.php?rest_route=\/wp\/v2\/posts\/44660"}],"collection":[{"href":"https:\/\/infonews.az\/index.php?rest_route=\/wp\/v2\/posts"}],"about":[{"href":"https:\/\/infonews.az\/index.php?rest_route=\/wp\/v2\/types\/post"}],"author":[{"embeddable":true,"href":"https:\/\/infonews.az\/index.php?rest_route=\/wp\/v2\/users\/14"}],"replies":[{"embeddable":true,"href":"https:\/\/infonews.az\/index.php?rest_route=%2Fwp%2Fv2%2Fcomments&post=44660"}],"version-history":[{"count":1,"href":"https:\/\/infonews.az\/index.php?rest_route=\/wp\/v2\/posts\/44660\/revisions"}],"predecessor-version":[{"id":44661,"href":"https:\/\/infonews.az\/index.php?rest_route=\/wp\/v2\/posts\/44660\/revisions\/44661"}],"wp:featuredmedia":[{"embeddable":true,"href":"https:\/\/infonews.az\/index.php?rest_route=\/wp\/v2\/media\/15296"}],"wp:attachment":[{"href":"https:\/\/infonews.az\/index.php?rest_route=%2Fwp%2Fv2%2Fmedia&parent=44660"}],"wp:term":[{"taxonomy":"category","embeddable":true,"href":"https:\/\/infonews.az\/index.php?rest_route=%2Fwp%2Fv2%2Fcategories&post=44660"},{"taxonomy":"post_tag","embeddable":true,"href":"https:\/\/infonews.az\/index.php?rest_route=%2Fwp%2Fv2%2Ftags&post=44660"}],"curies":[{"name":"wp","href":"https:\/\/api.w.org\/{rel}","templated":true}]}}