{"id":44745,"date":"2024-06-27T13:51:28","date_gmt":"2024-06-27T09:51:28","guid":{"rendered":"https:\/\/infonews.az\/?p=44745"},"modified":"2024-06-27T14:04:58","modified_gmt":"2024-06-27T10:04:58","slug":"iqlim-d%c9%99yisikliyi-il%c9%99-mubariz%c9%99d%c9%99-az%c9%99rbaycan-unep-in-icraci-direktoru","status":"publish","type":"post","link":"https:\/\/infonews.az\/?p=44745","title":{"rendered":"&#8220;\u0130qlim d\u0259yi\u015fikliyi il\u0259 m\u00fcbariz\u0259d\u0259 Az\u0259rbaycan&#8230;&#8221;- UNEP-in icra\u00e7\u0131 direktoru"},"content":{"rendered":"<p><span style=\"color: #ffffff;\">&#8220;\u0130qlim d\u0259yi\u015fikliyi il\u0259 m\u00fcbariz\u0259d\u0259 Az\u0259rbaycan&#8230;&#8221;- UNEP-in icra\u00e7\u0131 direktoru <\/span><\/p>\n<blockquote><p>\u0130qlim d\u0259yi\u015fikliyi il\u0259 m\u00fcbariz\u0259d\u0259 Az\u0259rbaycan b\u00f6y\u00fck i\u015fl\u0259r g\u00f6r\u00fcr. Bu m\u00f6vzuda b\u00fct\u00fcn d\u00fcnya q\u0259tiyy\u0259tli m\u00f6vqe n\u00fcmayi\u015f etdirm\u0259lidir.<\/p><\/blockquote>\n<p><a href=\"https:\/\/infonews.az\/?p=44745\"><span style=\"color: #333399;\"><strong>&#8220;\u0130NFONEWS&#8221;<\/strong><\/span> <\/a>x\u0259b\u0259r verir ki, bu s\u00f6zl\u0259ri BMT Ba\u015f katibinin m\u00fcavini v\u0259 UNEP-in icra\u00e7\u0131 direktoru \u0130nger Anderes COP29-la ba\u011fl\u0131 ke\u00e7iril\u0259n brifinqd\u0259 deyib.<\/p>\n<p>O qeyd edib ki, COP29-un Az\u0259rbaycanda ke\u00e7irilm\u0259si b\u00f6y\u00fck add\u0131md\u0131r: \u201cPrezident \u0130lham \u018fliyev\u0259 \u0259traf m\u00fchitin m\u00fchafiz\u0259si istiqam\u0259tind\u0259 g\u00f6rd\u00fcy\u00fc i\u015fl\u0259r\u0259 g\u00f6r\u0259 t\u0259\u015f\u0259kk\u00fcr edir\u0259m. Haz\u0131rda Bak\u0131da COP29-a haz\u0131rl\u0131qla ba\u011fl\u0131 b\u00f6y\u00fck i\u015fl\u0259r g\u00f6r\u00fcl\u00fcr. \u00dcmid edir\u0259m ki COP29 \u00e7\u0259r\u00e7iv\u0259sind\u0259 maliyy\u0259l\u0259\u015fm\u0259 paketi \u0259dal\u0259tli \u015f\u0259kild\u0259 olacaq\u201d.<\/p>\n","protected":false},"excerpt":{"rendered":"<p>&#8220;\u0130qlim d\u0259yi\u015fikliyi il\u0259 m\u00fcbariz\u0259d\u0259 Az\u0259rbaycan&#8230;&#8221;- UNEP-in icra\u00e7\u0131 direktoru \u0130qlim d\u0259yi\u015fikliyi il\u0259 m\u00fcbariz\u0259d\u0259 Az\u0259rbaycan b\u00f6y\u00fck i\u015fl\u0259r g\u00f6r\u00fcr. Bu m\u00f6vzuda b\u00fct\u00fcn d\u00fcnya q\u0259tiyy\u0259tli m\u00f6vqe n\u00fcmayi\u015f etdirm\u0259lidir. &#8220;\u0130NFONEWS&#8221; x\u0259b\u0259r verir ki, bu s\u00f6zl\u0259ri&hellip; <\/p>\n","protected":false},"author":14,"featured_media":44747,"comment_status":"open","ping_status":"open","sticky":false,"template":"","format":"standard","meta":{"_mi_skip_tracking":false,"_monsterinsights_sitenote_active":false,"_monsterinsights_sitenote_note":"","_monsterinsights_sitenote_category":0,"footnotes":""},"categories":[12819,11,3],"tags":[11865,47,15,13825],"aioseo_notices":[],"_links":{"self":[{"href":"https:\/\/infonews.az\/index.php?rest_route=\/wp\/v2\/posts\/44745"}],"collection":[{"href":"https:\/\/infonews.az\/index.php?rest_route=\/wp\/v2\/posts"}],"about":[{"href":"https:\/\/infonews.az\/index.php?rest_route=\/wp\/v2\/types\/post"}],"author":[{"embeddable":true,"href":"https:\/\/infonews.az\/index.php?rest_route=\/wp\/v2\/users\/14"}],"replies":[{"embeddable":true,"href":"https:\/\/infonews.az\/index.php?rest_route=%2Fwp%2Fv2%2Fcomments&post=44745"}],"version-history":[{"count":2,"href":"https:\/\/infonews.az\/index.php?rest_route=\/wp\/v2\/posts\/44745\/revisions"}],"predecessor-version":[{"id":44748,"href":"https:\/\/infonews.az\/index.php?rest_route=\/wp\/v2\/posts\/44745\/revisions\/44748"}],"wp:featuredmedia":[{"embeddable":true,"href":"https:\/\/infonews.az\/index.php?rest_route=\/wp\/v2\/media\/44747"}],"wp:attachment":[{"href":"https:\/\/infonews.az\/index.php?rest_route=%2Fwp%2Fv2%2Fmedia&parent=44745"}],"wp:term":[{"taxonomy":"category","embeddable":true,"href":"https:\/\/infonews.az\/index.php?rest_route=%2Fwp%2Fv2%2Fcategories&post=44745"},{"taxonomy":"post_tag","embeddable":true,"href":"https:\/\/infonews.az\/index.php?rest_route=%2Fwp%2Fv2%2Ftags&post=44745"}],"curies":[{"name":"wp","href":"https:\/\/api.w.org\/{rel}","templated":true}]}}