{"id":44784,"date":"2024-06-28T10:16:33","date_gmt":"2024-06-28T06:16:33","guid":{"rendered":"https:\/\/infonews.az\/?p=44784"},"modified":"2024-06-28T10:30:51","modified_gmt":"2024-06-28T06:30:51","slug":"azad-edilmis-%c9%99razil%c9%99rd%c9%99-minl%c9%99rl%c9%99-is-yeri-yaradilib-nazir","status":"publish","type":"post","link":"https:\/\/infonews.az\/?p=44784","title":{"rendered":"&#8220;Azad edilmi\u015f \u0259razil\u0259rd\u0259 minl\u0259rl\u0259 i\u015f yeri yarad\u0131l\u0131b&#8221; &#8211; Nazir"},"content":{"rendered":"<p><span style=\"color: #ffffff;\">&#8220;Azad edilmi\u015f \u0259razil\u0259rd\u0259 minl\u0259rl\u0259 i\u015f yeri yarad\u0131l\u0131b&#8221;\u00a0&#8211; Nazir<\/span><\/p>\n<blockquote><p><strong>A\u011fdam S\u0259naye Park\u0131 rezident say\u0131na g\u00f6r\u0259 \u00f6lk\u0259d\u0259 Sumqay\u0131t Kimya S\u0259naye Park\u0131ndan sonra ikinci s\u0259naye park\u0131d\u0131r.<\/strong><\/p><\/blockquote>\n<p><a href=\"https:\/\/infonews.az\/?p=44784\"><span style=\"color: #333399;\"><strong>&#8220;\u0130NFONEWS&#8221; <\/strong><\/span><\/a>x\u0259b\u0259r verir ki, bunu iqtisadiyyat naziri Mikay\u0131l Cabbarov bu g\u00fcn \u015eu\u015fada ke\u00e7iril\u0259n \u201cSahibkarlar \u00fc\u00e7\u00fcn yeni imkanlar: Qaraba\u011f\u0131 birlikd\u0259 quraq&#8221; adl\u0131 t\u0259dbird\u0259 deyib.<\/p>\n<p>Onun s\u00f6zl\u0259rin\u0259 g\u00f6r\u0259, \u0259sas m\u0259qs\u0259d i\u015f\u011faldan azad edilmi\u015f \u0259razil\u0259rin b\u0259rpas\u0131 v\u0259 yenid\u0259n qurulmas\u0131d\u0131r: \u201cAzad edilmi\u015f \u0259razil\u0259rd\u0259 minl\u0259rl\u0259 i\u015f yeri yarad\u0131l\u0131b v\u0259 bunun \u00e7ox hiss\u0259si \u00f6z\u0259l sektorun pay\u0131na d\u00fc\u015f\u00fcr\u201d.<\/p>\n<p>Nazir bildirib ki, azad edilmi\u015f \u0259razil\u0259rd\u0259 sahibkarlar \u00fc\u00e7\u00fcn g\u00fcz\u0259\u015ftl\u0259r t\u0259tbiq edilir.<\/p>\n","protected":false},"excerpt":{"rendered":"<p>&#8220;Azad edilmi\u015f \u0259razil\u0259rd\u0259 minl\u0259rl\u0259 i\u015f yeri yarad\u0131l\u0131b&#8221;\u00a0&#8211; Nazir A\u011fdam S\u0259naye Park\u0131 rezident say\u0131na g\u00f6r\u0259 \u00f6lk\u0259d\u0259 Sumqay\u0131t Kimya S\u0259naye Park\u0131ndan sonra ikinci s\u0259naye park\u0131d\u0131r. &#8220;\u0130NFONEWS&#8221; x\u0259b\u0259r verir ki, bunu iqtisadiyyat naziri&hellip; <\/p>\n","protected":false},"author":14,"featured_media":44785,"comment_status":"open","ping_status":"open","sticky":false,"template":"","format":"standard","meta":{"_mi_skip_tracking":false,"_monsterinsights_sitenote_active":false,"_monsterinsights_sitenote_note":"","_monsterinsights_sitenote_category":0,"footnotes":""},"categories":[4,2,11],"tags":[13841,15,191,558],"aioseo_notices":[],"_links":{"self":[{"href":"https:\/\/infonews.az\/index.php?rest_route=\/wp\/v2\/posts\/44784"}],"collection":[{"href":"https:\/\/infonews.az\/index.php?rest_route=\/wp\/v2\/posts"}],"about":[{"href":"https:\/\/infonews.az\/index.php?rest_route=\/wp\/v2\/types\/post"}],"author":[{"embeddable":true,"href":"https:\/\/infonews.az\/index.php?rest_route=\/wp\/v2\/users\/14"}],"replies":[{"embeddable":true,"href":"https:\/\/infonews.az\/index.php?rest_route=%2Fwp%2Fv2%2Fcomments&post=44784"}],"version-history":[{"count":1,"href":"https:\/\/infonews.az\/index.php?rest_route=\/wp\/v2\/posts\/44784\/revisions"}],"predecessor-version":[{"id":44786,"href":"https:\/\/infonews.az\/index.php?rest_route=\/wp\/v2\/posts\/44784\/revisions\/44786"}],"wp:featuredmedia":[{"embeddable":true,"href":"https:\/\/infonews.az\/index.php?rest_route=\/wp\/v2\/media\/44785"}],"wp:attachment":[{"href":"https:\/\/infonews.az\/index.php?rest_route=%2Fwp%2Fv2%2Fmedia&parent=44784"}],"wp:term":[{"taxonomy":"category","embeddable":true,"href":"https:\/\/infonews.az\/index.php?rest_route=%2Fwp%2Fv2%2Fcategories&post=44784"},{"taxonomy":"post_tag","embeddable":true,"href":"https:\/\/infonews.az\/index.php?rest_route=%2Fwp%2Fv2%2Ftags&post=44784"}],"curies":[{"name":"wp","href":"https:\/\/api.w.org\/{rel}","templated":true}]}}