{"id":44787,"date":"2024-06-28T11:08:03","date_gmt":"2024-06-28T07:08:03","guid":{"rendered":"https:\/\/infonews.az\/?p=44787"},"modified":"2024-06-28T11:13:45","modified_gmt":"2024-06-28T07:13:45","slug":"cop-29-un-az%c9%99rbaycanin-iqlim-h%c9%99d%c9%99fl%c9%99rin%c9%99-gozl%c9%99nil%c9%99n-musb%c9%99t-t%c9%99sirl%c9%99ri-r%c9%99na-memmedzade","status":"publish","type":"post","link":"https:\/\/infonews.az\/?p=44787","title":{"rendered":"&#8220;COP 29-un Az\u0259rbaycan\u0131n iqlim h\u0259d\u0259fl\u0259rin\u0259 g\u00f6zl\u0259nil\u0259n m\u00fcsb\u0259t t\u0259sirl\u0259ri&#8221;- R\u0259na M\u018fMM\u018fDZAD\u018f"},"content":{"rendered":"<p><span style=\"color: #ffffff;\">&#8220;COP 29-un Az\u0259rbaycan\u0131n iqlim h\u0259d\u0259fl\u0259rin\u0259 g\u00f6zl\u0259nil\u0259n m\u00fcsb\u0259t t\u0259sirl\u0259ri&#8221;- R\u0259na M\u018fMM\u018fDZAD\u018f <\/span><\/p>\n<p><a href=\"https:\/\/infonews.az\/?p=44787\"><span style=\"color: #333399;\"><strong>&#8220;\u0130NFONEWS&#8221;<\/strong><\/span><\/a> t\u0259qdim edir.<\/p>\n<p style=\"text-align: center;\"><strong>COP 29-un Az\u0259rbaycan\u0131n iqlim h\u0259d\u0259fl\u0259rin\u0259 g\u00f6zl\u0259nil\u0259n m\u00fcsb\u0259t t\u0259sirl\u0259ri<\/strong><\/p>\n<p style=\"text-align: center;\"><strong>\u00a0 \u00a0 \u00a0 \u00a0 \u00a0 \u00a0 \u00a0 \u00a0 (\u0130qtisadi v\u0259 ekoloji t\u0259sirl\u0259ri aspektind\u0259 \u00fcmumi t\u0259dqiqat)<\/strong><strong>\u00a0 \u00a0\u00a0<\/strong><strong>\u00a0\u00a0\u00a0\u00a0\u00a0<\/strong><strong>\u00a0\u00a0\u00a0\u00a0\u00a0\u00a0\u00a0\u00a0\u00a0\u00a0\u00a0<\/strong><\/p>\n<p>Ekologiyanin qorunmas\u0131 istiqam\u0259tind\u0259 h\u0259yata ke\u00e7iril\u0259n v\u0259 ke\u00e7iril\u0259c\u0259k t\u0259dbirl\u0259r v\u0259 onlar\u0131n maliy\u0259l\u0259\u015fdirilm\u0259si m\u00f6vcud qlabol ekoloji probleml\u0259r o c\u00fcml\u0259d\u0259n ba\u015f verm\u0259si m\u00fcst\u0259sna edilm\u0259y\u0259n ekoloji\u00a0 f\u0259lak\u0259tl\u0259rin h\u0259lli \u00fc\u00e7\u00fcn \u0259sasd\u0131r. Bu t\u0259dbirl\u0259rin m\u00fch\u00fcm istiqam\u0259tl\u0259rind\u0259n biri d\u0259 COP 29 kanf\u0131rans\u0131 \u00e7\u0259r\u00e7iv\u0259sind\u0259 h\u0259yata ke\u00e7iril\u0259c\u0259k ekoloji layih\u0259l\u0259rdir. Bu\u00a0 m\u0259qal\u0259nin m\u00f6vzusu COP 29 konfrans\u0131 il\u0259 daha da g\u00fcnd\u0259m\u0259\u00a0 g\u0259tiril\u0259c\u0259k \u0259sas prioritetl\u0259rd\u0259n\u00a0 biri olan iqlim maliyy\u0259l\u0259\u015fdirilm\u0259sidir ki bu da hal haz\u0131rda diqq\u0259t m\u0259rk\u0259zind\u0259 olan aktual m\u00f6vzulardand\u0131r.<\/p>\n<p><strong>COP29-a ev sahibliyi ed\u0259n Az\u0259rbaycan iqlim h\u0259d\u0259fl\u0259ri<\/strong><\/p>\n<p>Az\u0259rbaycanda ke\u00e7iril\u0259c\u0259k COP 29 konfrans\u0131 bu il diqq\u0259t m\u0259rk\u0259zind\u0259 olan aktual m\u0259s\u0259l\u0259dir. Konfrans\u0131n \u0259hat\u0259 dair\u0259si v\u0259 \u0259h\u0259miyy\u0259tliliyi n\u0259z\u0259r\u0259 al\u0131naraq COP 29 konfrans\u0131na haz\u0131rl\u0131q i\u015fl\u0259rinin laz\u0131mi qaydada apar\u0131lmas\u0131 \u00fc\u00e7\u00fcn komanda yarad\u0131l\u0131b v\u0259 b\u00fct\u00fcn qurumlar s\u0259f\u0259rb\u0259r edilib. Bunun isbat\u0131d\u0131r ki, Az\u0259rbaycan Prezidentinin m\u00fcvafiq S\u0259r\u0259ncam\u0131 il\u0259 Birl\u0259\u015fmi\u015f Mill\u0259tl\u0259r T\u0259\u015fkilat\u0131n\u0131n \u0130qlim D\u0259yi\u015fikliyi \u00fczr\u0259 \u00c7\u0259r\u00e7iv\u0259 Konvensiyas\u0131 (UNFCCC) \u00fczr\u0259 COP 29-un Bak\u0131 \u015f\u0259h\u0259rind\u0259 ke\u00e7irilm\u0259si il\u0259 \u0259laq\u0259dar T\u0259\u015fkilat Komit\u0259si yarad\u0131l\u0131b.H\u0259m\u00e7inin, Az\u0259rbaycan\u0131n T\u00fcrkiy\u0259 il\u0259 COP 29 konfrans\u0131 il\u0259\u00a0 ba\u011fl\u0131 i\u015f birliyi \u00fc\u00e7\u00fcn g\u00f6r\u00fc\u015f ke\u00e7irm\u0259si \u00f6lk\u0259l\u0259r s\u0259viyy\u0259sind\u0259 COP 29 kanf\u0131rans\u0131na haz\u0131rl\u0131q istiqam\u0259tind\u0259 ciddi add\u0131mlar\u0131n atd\u0131\u011f\u0131n\u0131n bariz n\u00fcmun\u0259sidir.<\/p>\n<p>COP 29 sammitinin prezidenti Muxtar Babayev bildirib ki, BMT-nin iqlim d\u0259yi\u015fikliyi il\u0259 ba\u011fl\u0131 bu ilki dan\u0131\u015f\u0131qlar\u0131na ev sahibliyi ed\u0259n Az\u0259rbaycan bu t\u0259dbir\u0259 q\u0259d\u0259r emissiyalar\u0131n azald\u0131lmas\u0131 h\u0259d\u0259fini t\u0259kmill\u0259\u015fdirm\u0259si istiqam\u0259tind\u0259 \u0259h\u0259miyy\u0259tli add\u0131mlar atacaq. \u0130ki h\u0259ft\u0259 \u0259rzind\u0259 d\u00fcnya ictimaiyy\u0259tinin b\u00fct\u00fcn diqq\u0259ti Bak\u0131ya y\u00f6n\u0259l\u0259c\u0259k, \u015f\u0259h\u0259r 70-80 min\u0259 yax\u0131n xarici qonaq q\u0259bul ed\u0259c\u0259k.\u00a0 Bu t\u0259dbir Az\u0259rbaycan\u0131n beyn\u0259lxalq n\u00fcfuzunun daha da artmas\u0131na m\u00fch\u00fcm t\u00f6hf\u0259 ver\u0259c\u0259k v\u0259 sivil d\u00fcnyan\u0131n ayr\u0131lmaz hiss\u0259si kimi \u00f6lk\u0259mizin \u00fcmumb\u0259\u015f\u0259ri d\u0259y\u0259rl\u0259r\u0259 malik oldu\u011funu bir daha n\u00fcmayi\u015f etdir\u0259c\u0259k<\/p>\n<p>COP 29-un Az\u0259rbaycanda ke\u00e7irilm\u0259si 2024-c\u00fc ilin \u0259n m\u00fch\u00fcm hadis\u0259si v\u0259 \u00f6lk\u0259nin ya\u015f\u0131l iqtisadiyyata ke\u00e7id strategiyas\u0131n\u0131n m\u0259ntiqi davam\u0131 say\u0131la bil\u0259r.\u00a0 Az\u0259rbaycan Prezidentinin S\u0259r\u0259ncam\u0131 il\u0259 2024-c\u00fc ilin \u00f6lk\u0259mizd\u0259 \u201cYa\u015f\u0131l D\u00fcnya U\u011frunda H\u0259mr\u0259ylik \u0130li\u201d elan edilm\u0259si bu missiyaya veril\u0259n \u00f6n\u0259min t\u0259sdiqidir.\u00a0 Bu t\u0259\u015f\u0259bb\u00fcs sad\u0259c\u0259 simvolik xarakter da\u015f\u0131m\u0131r, bu h\u0259m\u00e7inin Az\u0259rbaycan\u0131n m\u00fcsb\u0259t ekoloji d\u0259yi\u015fikliy\u0259 nail olmaq ist\u0259y\u0259n \u00f6lk\u0259l\u0259r \u00fc\u00e7\u00fcn model olmaq ist\u0259yini n\u00fcmayi\u015f etdirir, eyni zamanda, daha ya\u015f\u0131l v\u0259 sa\u011flam ya\u015fay\u0131\u015f m\u00fchitinin qurulmas\u0131 istiqam\u0259tind\u0259 onun g\u00fccl\u00fc \u00f6hd\u0259liyini, strateji m\u0259qs\u0259dl\u0259rini v\u0259 f\u0259al t\u0259dbirl\u0259rini \u0259ks etdir\u0259n add\u0131md\u0131r. G\u0259l\u0259c\u0259k ,g\u0259l\u0259c\u0259k n\u0259sill\u0259r \u00fc\u00e7\u00fcn g\u0259l\u0259c\u0259k \u015f\u00fcar\u0131n\u0131 \u0259sas g\u00f6t\u00fcr\u0259r\u0259k Az\u0259rbaycan g\u0259l\u0259c\u0259yini m\u00f6hk\u0259m t\u0259m\u0259ll\u0259rl\u0259 in\u015fa edir.G\u00f6r\u00fcl\u0259n i\u015fl\u0259r\u0259, qar\u015f\u0131ya qoyulan m\u0259qs\u0259dl\u0259r\u0259 n\u0259z\u0259r sald\u0131qda biz v\u0259dl\u0259rl\u0259 m\u0259hdudla\u015fmayan, strateji ekoloji q\u0259rarlar q\u0259bul etm\u0259kl\u0259 konkret n\u0259tic\u0259l\u0259r \u0259ld\u0259 ed\u0259n bir \u00f6lk\u0259 g\u00f6r\u00fcr\u00fck.\u00a0 Az\u0259rbaycan \u00f6z praktiki f\u0259aliyy\u0259ti il\u0259 ya\u015f\u0131l enerji iqtisadiyyat\u0131 \u00fc\u00e7\u00fcn \u0259h\u0259miyy\u0259tini s\u00fcbut edir.\u00a0 Bel\u0259likl\u0259, Az\u0259rbaycan\u0131n m\u00f6vcud h\u0259d\u0259fi &#8211; 1990-c\u0131 il\u0259 nisb\u0259t\u0259n 2030-cu il\u0259 q\u0259d\u0259r istixana qaz\u0131 emissiyalar\u0131n\u0131 35% v\u0259 2050-ci il\u0259 q\u0259d\u0259r 40% azaltmaqd\u0131r. Ekologiya v\u0259 t\u0259bii s\u0259rv\u0259tl\u0259r naziri Muxtar Babayev bildirib ki,Az\u0259rbaycan ke\u00e7mi\u015f sovet \u00f6lk\u0259si iqlim d\u0259yi\u015fikliyi il\u0259 ba\u011fl\u0131 milli \u00f6hd\u0259liyini yenil\u0259m\u0259yi n\u0259z\u0259rd\u0259n ke\u00e7irm\u0259k \u00fc\u00e7\u00fcn haz\u0131rl\u0131qlara ba\u015flay\u0131b.<\/p>\n<p><strong>\u0130qlim h\u0259d\u0259fl\u0259rinin maliyy\u0259l\u0259\u015fdirilm\u0259si<\/strong><\/p>\n<p>\u201cBu ilin noyabr\u0131nda Bak\u0131da t\u0259kmill\u0259\u015fdirilmi\u015f iqlim d\u0259yi\u015fikliyi il\u0259 ba\u011fl\u0131 milli \u00f6hd\u0259liyl\u0259r haz\u0131rlamaq v\u0259 elan etm\u0259k t\u0259kc\u0259 Az\u0259rbaycan \u00fc\u00e7\u00fcn deyil, b\u00fct\u00fcn dig\u0259r \u00f6lk\u0259l\u0259r \u00fc\u00e7\u00fcn \u015fansd\u0131r\u201d, &#8211; dey\u0259 Babayev Financial Times-\u0131n Londonda ke\u00e7iril\u0259n konfrans\u0131nda lent\u0259 al\u0131nm\u0131\u015f m\u00fcsahib\u0259sind\u0259 bildirib. Bu a\u00e7\u0131qlamalar Birl\u0259\u015fmi\u015f Mill\u0259tl\u0259r T\u0259\u015fkilat\u0131n\u0131n \u0130qlim D\u0259yi\u015fikliyi \u00fczr\u0259 \u00c7\u0259r\u00e7iv\u0259 Konvensiyas\u0131n\u0131n icra\u00e7\u0131 katibi Saymon Stiellin b\u00fct\u00fcn \u00f6lk\u0259l\u0259r\u0259 m\u0259ktub g\u00f6nd\u0259r\u0259r\u0259k, 2035-ci il\u0259 q\u0259d\u0259r milli iqlim planlar\u0131n\u0131 g\u00fccl\u0259ndirm\u0259yi, 2030-cu il\u0259 q\u0259d\u0259r tullant\u0131lar\u0131n azald\u0131lmas\u0131 h\u0259d\u0259fl\u0259rini g\u00fccl\u0259ndirm\u0259yi v\u0259 iqlim \u00fc\u00e7\u00fcn daha \u00e7ox pul ay\u0131rma\u011f\u0131 xahi\u015f etdiyi vaxta t\u0259sad\u00fcf edir. Dig\u0259r t\u0259r\u0259fd\u0259n Az\u0259rbaycan Maliyy\u0259 Nazirliyinin \u0259traf m\u00fchitin m\u00fchafiz\u0259si \u00fc\u00e7\u00fcn proqnozla\u015fd\u0131r\u0131lan\u00a0 d\u00f6vl\u0259t b\u00fcdc\u0259sind\u0259n ayr\u0131lacaq v\u0259saitl\u0259rin\u00a0 n\u00f6vb\u0259ti ill\u0259rd\u0259 daha da art\u0131r\u0131lmas\u0131 bu istiqam\u0259td\u0259 t\u0259dbirl\u0259rin g\u00f6r\u00fcld\u00fcy\u00fcn\u00fcn \u0259h\u0259miyy\u0259tli isbat\u0131d\u0131r.<\/p>\n<p>&nbsp;<\/p>\n<p><img loading=\"lazy\" decoding=\"async\" class=\"aligncenter size-full wp-image-44793\" src=\"https:\/\/infonews.az\/wp-content\/uploads\/2024\/06\/3q.jpg\" alt=\"\" width=\"508\" height=\"171\" srcset=\"https:\/\/infonews.az\/wp-content\/uploads\/2024\/06\/3q.jpg 508w, https:\/\/infonews.az\/wp-content\/uploads\/2024\/06\/3q-300x101.jpg 300w\" sizes=\"(max-width: 508px) 100vw, 508px\" \/><\/p>\n<p>2024 c\u00fc il \u201cYa\u015f\u0131l D\u00fcnya U\u011frunda H\u0259mr\u0259ylik \u201d ilind\u0259 \u018ftraf m\u00fchitin m\u00fchafiz\u0259si \u00fc\u00e7\u00fcn Az\u0259rbaycan D\u00f6vl\u0259t b\u00fcdc\u0259sind\u0259n ayr\u0131lan 376 milyon 822 min 9 y\u00fcz manat v\u0259sait m\u00fcyy\u0259n edilmi\u015f istiqam\u0259tl\u0259rd\u0259 s\u0259m\u0259r\u0259li \u015f\u0259kild\u0259 istifad\u0259 edilm\u0259si planla\u015fd\u0131r\u0131l\u0131r.<\/p>\n<p><img loading=\"lazy\" decoding=\"async\" class=\"aligncenter size-full wp-image-44794\" src=\"https:\/\/infonews.az\/wp-content\/uploads\/2024\/06\/4q.jpg\" alt=\"\" width=\"638\" height=\"272\" srcset=\"https:\/\/infonews.az\/wp-content\/uploads\/2024\/06\/4q.jpg 638w, https:\/\/infonews.az\/wp-content\/uploads\/2024\/06\/4q-300x128.jpg 300w\" sizes=\"(max-width: 638px) 100vw, 638px\" \/><\/p>\n<p>M. Babayev bildirib ki, \u201cAz\u0259rbaycan 2030-cu il\u0259 q\u0259d\u0259r ya\u015f\u0131l enerji m\u0259nb\u0259l\u0259rini 30%-\u0259 \u00e7atd\u0131rmaq \u00f6hd\u0259liyi g\u00f6t\u00fcr\u00fcb\u201d.<\/p>\n<p>Az\u0259rbaycan b\u0259rpa olunan enerji m\u0259nb\u0259l\u0259ri \u00fczr\u0259 y\u00fcks\u0259k potensiala malik \u00f6lk\u0259l\u0259rd\u0259n biridir.\u00a0 Hesablamalara g\u00f6r\u0259, Az\u0259rbatcan\u0131n b\u0259rpa olunan enerji m\u0259nb\u0259l\u0259rinin texniki potensial\u0131 quruda 135 giqavat, d\u0259nizd\u0259 is\u0259 157 giqavatd\u0131r.\u00a0 B\u0259rpa olunan enerji m\u0259nb\u0259l\u0259rinin iqtisadi potensial\u0131 27 giqavat, o c\u00fcml\u0259d\u0259n 3 min meqavat k\u00fcl\u0259k enerjisi, 23 min meqavat g\u00fcn\u0259\u015f v\u0259 380 meqavat bioenerjidir.\u00a0 Da\u011f \u00e7aylar\u0131n\u0131n potensial\u0131 520 meqavat qiym\u0259tl\u0259ndirilir.Lakin \u00f6lk\u0259d\u0259 qal\u0131q yanacaqdan istifad\u0259 h\u0259l\u0259 d\u0259 \u0259h\u0259miyy\u0259tli d\u0259r\u0259c\u0259d\u0259 y\u00fcks\u0259kdi. Enerji ke\u00e7idi istiqam\u0259tind\u0259 COP 29 konfrans\u0131\u00a0 \u00e7\u0259r\u00e7iv\u0259sind\u0259\u00a0 \u0259h\u0259miyy\u0259tli\u00a0 add\u0131mlar\u0131 at\u0131lacaq. Az\u0259rbaycan Respublikas\u0131n\u0131n \u0130qtisadiyyat nazirinin birinci m\u00fcavini Elnur \u018fliyev XI Qlobal Bak\u0131 Forumunun panel m\u00fczakir\u0259sind\u0259 Az\u0259rbaycan\u0131n b\u0259rpa olunan enerji m\u0259nb\u0259l\u0259ri sah\u0259sind\u0259 h\u0259yata ke\u00e7irdiyi layih\u0259l\u0259r \u00f6z m\u00fcsb\u0259t n\u0259tic\u0259l\u0259rini n\u00fcmayi\u015f etdirir dey\u0259 qeyd edib v\u0259 \u00f6t\u0259n il\u00a0 g\u00fcn\u0259\u015f elektrik stansiyalar\u0131ndan 230 meqavat g\u00fcc\u00fcnd\u0259 enerji \u0259ld\u0259 edildiyini vur\u011fulay\u0131b. E. \u018fliyevin s\u00f6zl\u0259rin\u0259 g\u00f6r\u0259, m\u0259qs\u0259dimiz Masdar v\u0259 dig\u0259rl\u0259ri kimi apar\u0131c\u0131 qlobal \u015firk\u0259tl\u0259rl\u0259 \u0259m\u0259kda\u015fl\u0131q vasit\u0259sil\u0259 2030-cu il\u0259 q\u0259d\u0259r 5 giqavata q\u0259d\u0259r g\u00fcn\u0259\u015f v\u0259 dig\u0259r t\u0259miz enerji istehsal etm\u0259kdir. Bu da g\u0259l\u0259c\u0259kd\u0259 h\u0259m quruda, h\u0259m d\u0259 X\u0259z\u0259r d\u0259nizind\u0259 potensial b\u0259rpa olunan enerji m\u0259nb\u0259l\u0259rind\u0259n istifad\u0259 etm\u0259kl\u0259 \u00f6lk\u0259nin t\u0259miz enerjinin \u0259sas ixracat\u00e7\u0131s\u0131na \u00e7evrilm\u0259sin\u0259 g\u0259tirib \u00e7\u0131xaracaq .H\u0259m\u00e7inin E.\u018fliyev bildirib ki, t\u0259miz \u0259traf m\u00fchit v\u0259 &#8220;ya\u015f\u0131l inki\u015faf&#8221; Az\u0259rbaycan\u0131n milli inki\u015faf strategiyas\u0131n\u0131n \u0259sas prioritetl\u0259rind\u0259n biridir. COP 29 konfrans\u0131nda inki\u015faf etm\u0259kd\u0259 olan \u00f6lk\u0259l\u0259r\u0259 enerji ke\u00e7idind\u0259 k\u00f6m\u0259k etm\u0259k \u00fc\u00e7\u00fcn daha \u00e7ox maliyy\u0259 c\u0259lb edilm\u0259sin\u0259 dair\u00a0 konsensusun \u0259sas\u0131n\u0131 qoymaq \u00fc\u00e7\u00fcn maliyy\u0259 institutlar\u0131, banklar, kampaniya\u00e7\u0131lar v\u0259 \u00f6z\u0259l sektorla dan\u0131\u015f\u0131qlara ba\u015flan\u0131lacaq.<\/p>\n<p>Bel\u0259likl\u0259, n\u0259tic\u0259 olaraq dey\u0259 bil\u0259rik ki, COP 29, yoxsul \u00f6lk\u0259l\u0259r\u0259 pisl\u0259\u015f\u0259n iqlim d\u0259yi\u015fikliyinin \u00f6hd\u0259sind\u0259n g\u0259lm\u0259y\u0259 k\u00f6m\u0259k etm\u0259k m\u0259qs\u0259di il\u0259 yeni qlobal iqlim maliyy\u0259si h\u0259d\u0259fini\u00a0 raz\u0131la\u015fd\u0131rmaq \u00fc\u00e7\u00fcn son tarix kimi xidm\u0259t edir. Az\u0259rbaycan\u0131n \u00fcz\u0259rin\u0259 d\u00fc\u015f\u0259n v\u0259zif\u0259ni yerin\u0259 yetir\u0259c\u0259yin\u0259 v\u0259 COP 29-u \u0259n y\u00fcks\u0259k s\u0259viyy\u0259d\u0259 ke\u00e7ir\u0259c\u0259yin\u0259 he\u00e7 kim \u015f\u00fcbh\u0259 yoxdu.<\/p>\n<p><img loading=\"lazy\" decoding=\"async\" class=\"size-full wp-image-44788 alignleft\" src=\"https:\/\/infonews.az\/wp-content\/uploads\/2024\/06\/Screenshot_2.jpg\" alt=\"\" width=\"219\" height=\"266\" \/><\/p>\n<p>&nbsp;<\/p>\n<p>&nbsp;<\/p>\n<p>&nbsp;<\/p>\n<p>&nbsp;<\/p>\n<p>&nbsp;<\/p>\n<p>&nbsp;<\/p>\n<p>&nbsp;<\/p>\n<p>&nbsp;<\/p>\n<p><em><strong>R\u0259na M\u018fMM\u018fDZAD\u018f<\/strong><\/em><\/p>\n<p><strong>Az\u0259rbaycan D\u00f6vl\u0259t \u0130qtisad Universiteti (UNEC), t\u0259l\u0259b\u0259<\/strong><\/p>\n","protected":false},"excerpt":{"rendered":"<p>&#8220;COP 29-un Az\u0259rbaycan\u0131n iqlim h\u0259d\u0259fl\u0259rin\u0259 g\u00f6zl\u0259nil\u0259n m\u00fcsb\u0259t t\u0259sirl\u0259ri&#8221;- R\u0259na M\u018fMM\u018fDZAD\u018f &#8220;\u0130NFONEWS&#8221; t\u0259qdim edir. COP 29-un Az\u0259rbaycan\u0131n iqlim h\u0259d\u0259fl\u0259rin\u0259 g\u00f6zl\u0259nil\u0259n m\u00fcsb\u0259t t\u0259sirl\u0259ri \u00a0 \u00a0 \u00a0 \u00a0 \u00a0 \u00a0 \u00a0 \u00a0 (\u0130qtisadi&hellip; <\/p>\n","protected":false},"author":14,"featured_media":44789,"comment_status":"open","ping_status":"open","sticky":false,"template":"","format":"standard","meta":{"_mi_skip_tracking":false,"_monsterinsights_sitenote_active":false,"_monsterinsights_sitenote_note":"","_monsterinsights_sitenote_category":0,"footnotes":""},"categories":[12819,4,12558,11,3],"tags":[11865,47,15],"aioseo_notices":[],"_links":{"self":[{"href":"https:\/\/infonews.az\/index.php?rest_route=\/wp\/v2\/posts\/44787"}],"collection":[{"href":"https:\/\/infonews.az\/index.php?rest_route=\/wp\/v2\/posts"}],"about":[{"href":"https:\/\/infonews.az\/index.php?rest_route=\/wp\/v2\/types\/post"}],"author":[{"embeddable":true,"href":"https:\/\/infonews.az\/index.php?rest_route=\/wp\/v2\/users\/14"}],"replies":[{"embeddable":true,"href":"https:\/\/infonews.az\/index.php?rest_route=%2Fwp%2Fv2%2Fcomments&post=44787"}],"version-history":[{"count":3,"href":"https:\/\/infonews.az\/index.php?rest_route=\/wp\/v2\/posts\/44787\/revisions"}],"predecessor-version":[{"id":44795,"href":"https:\/\/infonews.az\/index.php?rest_route=\/wp\/v2\/posts\/44787\/revisions\/44795"}],"wp:featuredmedia":[{"embeddable":true,"href":"https:\/\/infonews.az\/index.php?rest_route=\/wp\/v2\/media\/44789"}],"wp:attachment":[{"href":"https:\/\/infonews.az\/index.php?rest_route=%2Fwp%2Fv2%2Fmedia&parent=44787"}],"wp:term":[{"taxonomy":"category","embeddable":true,"href":"https:\/\/infonews.az\/index.php?rest_route=%2Fwp%2Fv2%2Fcategories&post=44787"},{"taxonomy":"post_tag","embeddable":true,"href":"https:\/\/infonews.az\/index.php?rest_route=%2Fwp%2Fv2%2Ftags&post=44787"}],"curies":[{"name":"wp","href":"https:\/\/api.w.org\/{rel}","templated":true}]}}