{"id":45170,"date":"2024-07-19T09:55:22","date_gmt":"2024-07-19T05:55:22","guid":{"rendered":"https:\/\/infonews.az\/?p=45170"},"modified":"2024-07-19T10:11:13","modified_gmt":"2024-07-19T06:11:13","slug":"cop29-un-prezidentind%c9%99n-istirakci-olk%c9%99l%c9%99r%c9%99-resmi-mektub","status":"publish","type":"post","link":"https:\/\/infonews.az\/?p=45170","title":{"rendered":"COP29-un prezidentind\u0259n i\u015ftirak\u00e7\u0131 \u00f6lk\u0259l\u0259r\u0259 R\u018fSM\u0130 M\u018fKTUB"},"content":{"rendered":"<p><span style=\"color: #ffffff;\">COP29-un prezidentind\u0259n i\u015ftirak\u00e7\u0131 \u00f6lk\u0259l\u0259r\u0259 R\u018fSM\u0130 M\u018fKTUB<\/span><\/p>\n<blockquote><p><strong>Bir s\u0131ra beyn\u0259lxalq n\u0259\u015frl\u0259rd\u0259 d\u0259rc edil\u0259n m\u0259qal\u0259l\u0259rd\u0259 BMT-nin \u0130qlim D\u0259yi\u015fm\u0259l\u0259ri \u00fczr\u0259 \u00c7\u0259r\u00e7iv\u0259 Konvensiyas\u0131n\u0131n T\u0259r\u0259fl\u0259r Konfrans\u0131n\u0131n 29-cu sessiyas\u0131n\u0131n (COP29) prezidenti, Az\u0259rbaycan\u0131n ekologiya v\u0259 t\u0259bii s\u0259rv\u0259tl\u0259r naziri Muxtar Babayevin COP29-da i\u015ftirak ed\u0259n \u00f6lk\u0259l\u0259rin h\u00f6kum\u0259tl\u0259rin\u0259 r\u0259smi m\u0259ktub g\u00f6nd\u0259rildiyi bildirilir.<\/strong><\/p><\/blockquote>\n<p><span style=\"color: #333399;\"><strong><a href=\"https:\/\/infonews.az\/?p=45170\">&#8220;\u0130NFONEWS&#8221;<\/a> <\/strong><\/span>x\u0259b\u0259r verir ki, Britaniyan\u0131n \u201cBusiness Green\u201d n\u0259\u015frind\u0259 iyulun 18-d\u0259 d\u0259rc olunan m\u0259qal\u0259d\u0259 yaz\u0131l\u0131r:<\/p>\n<p>\u201cCOP29 iqlim sammitinin prezidenti t\u0259sdiq edib ki, iqlim maliyy\u0259l\u0259\u015fdirilm\u0259sinin yeni h\u0259d\u0259fi haqq\u0131nda qlobal raz\u0131la\u015fman\u0131n \u0259ld\u0259 edilm\u0259si qar\u015f\u0131dan g\u0259l\u0259n konfransda dan\u0131\u015f\u0131qlar\u0131n \u0259sas b\u0259ndi olacaq\u201d. Qeyd olunur ki, \u0421\u041e\u042029-un prezidenti qlobal istil\u0259\u015fm\u0259ni 1,5 d\u0259r\u0259c\u0259 Selsiy\u0259 q\u0259d\u0259r m\u0259hdudla\u015fd\u0131rmaq m\u0259qs\u0259dil\u0259 h\u00f6kum\u0259tl\u0259ri yenil\u0259nmi\u015f milli iqlim planlar\u0131n\u0131 t\u0259qdim etm\u0259y\u0259 \u00e7a\u011f\u0131r\u0131r. H\u0259m\u00e7inin vur\u011fulan\u0131r ki, iqlim maliyy\u0259l\u0259\u015fdirilm\u0259si sah\u0259sind\u0259 yeni kollektiv k\u0259miyy\u0259t m\u0259qs\u0259dinin (\u201cNew Collective Quantified Goal On Climate Finance \u2013 NCQG\u201d) m\u00fc\u0259yy\u0259n edilm\u0259si \u0421\u041e\u042029-a s\u0259drlik ed\u0259n \u00f6lk\u0259 \u00fc\u00e7\u00fcn prioritet m\u0259s\u0259l\u0259 olacaq.<\/p>\n<p>M\u0259ktubda h\u0259m\u00e7inin \u201c\u00c7\u0259r\u00e7iv\u0259 Konvensiyas\u0131n\u0131n T\u0259r\u0259fl\u0259ri olan inki\u015faf etm\u0259kd\u0259 olan \u00f6lk\u0259l\u0259rin ehtiyaclar\u0131n\u0131 v\u0259 prioritetl\u0259rini n\u0259z\u0259r\u0259 alaraq iqlim maliyy\u0259l\u0259\u015fdirilm\u0259si sah\u0259sind\u0259 iddial\u0131 v\u0259 real m\u0259qs\u0259di raz\u0131la\u015fd\u0131rmaq\u201d z\u0259ruriliyind\u0259n b\u0259hs edilir.<\/p>\n<p>COP29 prezidentinin fikrinc\u0259, \u00f6lk\u0259l\u0259r iqlim maliyy\u0259l\u0259\u015fdirilm\u0259sinin h\u0259d\u0259fi \u00fczr\u0259 raz\u0131l\u0131\u011fa g\u0259lm\u0259k \u00fc\u00e7\u00fcn birg\u0259 i\u015fl\u0259m\u0259li olacaqlar. \u201cBu, t\u0259kc\u0259 bizim prioritetimiz deyil. Biz birlikd\u0259 bu tarixi m\u0259rh\u0259l\u0259y\u0259 nail olmaq \u00fc\u00e7\u00fcn \u0259limizd\u0259n g\u0259l\u0259ni etm\u0259liyik\u201d, &#8211; dey\u0259 m\u0259ktubda vur\u011fulan\u0131r.<\/p>\n<p>Bundan \u0259lav\u0259, Muxtar Babayev BMT-nin \u0130qlim D\u0259yi\u015fm\u0259l\u0259ri \u00fczr\u0259 \u00c7\u0259r\u00e7iv\u0259 Konvensiyas\u0131na (\u0130D\u00c7K) qo\u015fulmu\u015f \u00f6lk\u0259l\u0259rin nazirl\u0259ri, habel\u0259 dan\u0131\u015f\u0131qlar qruplar\u0131n\u0131n n\u00fcmay\u0259nd\u0259l\u0259ri v\u0259 QHT-l\u0259rin i\u015ftirak\u0131 il\u0259 Bak\u0131da ke\u00e7iril\u0259c\u0259k iqlim sammiti \u0259r\u0259f\u0259sind\u0259 ke\u00e7iril\u0259c\u0259k t\u0259dbirl\u0259r v\u0259 g\u00f6r\u00fc\u015fl\u0259r bar\u0259d\u0259 m\u0259lumat verib.<\/p>\n<p>N\u0259\u015fr bildirib ki, o, \u00f6t\u0259n il Dubayda COP28-d\u0259 i\u015f\u0259 sal\u0131nm\u0131\u015f v\u0259 yoxsul v\u0259 inki\u015faf etm\u0259kd\u0259 olan \u00f6lk\u0259l\u0259r\u0259 iqlim d\u0259yi\u015fikliyinin n\u0259tic\u0259l\u0259rinin \u00f6hd\u0259sind\u0259n g\u0259lm\u0259kd\u0259 k\u00f6m\u0259k etm\u0259k \u00fc\u00e7\u00fcn n\u0259z\u0259rd\u0259 tutulmu\u015f \u201c\u0130tki v\u0259 z\u0259r\u0259rin kompensasiyas\u0131 Fondunun\u201d tam f\u0259aliyy\u0259tini t\u0259min etm\u0259k \u00fc\u00e7\u00fcn add\u0131mlar\u0131n at\u0131lmas\u0131n\u0131n vacib oldu\u011funu x\u00fcsusil\u0259 qeyd edib.<\/p>\n<p>\u0421\u041e\u042029-un prezidentinin m\u0259ktubu \u201cBeril\u201d qas\u0131r\u011fas\u0131ndan sonra do\u011fma Karriaku adas\u0131n\u0131 ziyar\u0259t ed\u0259n v\u0259 onun da\u011f\u0131d\u0131c\u0131 n\u0259tic\u0259l\u0259rind\u0259n sars\u0131lan \u0130D\u00c7K-nin icra\u00e7\u0131 katibi Saymon Stilin beyn\u0259lxalq ictimaiyy\u0259t\u0259 videom\u00fcraci\u0259t yazd\u0131\u011f\u0131 h\u0259min g\u00fcn d\u0259rc edilib. \u0130lkin m\u0259lumatlara g\u00f6r\u0259, Qrenadin\u0131 arxipelaq\u0131n t\u0259rkib hiss\u0259si olan Karriakudak\u0131 evl\u0259rin v\u0259 binalar\u0131n 98 faizi da\u011f\u0131d\u0131l\u0131b v\u0259 ya \u0259h\u0259miyy\u0259tli d\u0259r\u0259c\u0259d\u0259 z\u0259d\u0259l\u0259nib.<\/p>\n<p>\u201c\u0130ndi m\u0259n qon\u015fular\u0131m\u0131n evind\u0259y\u0259m. Qon\u015fu k\u00fc\u00e7\u0259d\u0259 yerl\u0259\u015f\u0259n n\u0259n\u0259min evi tamamil\u0259 da\u011f\u0131d\u0131l\u0131b\u201d, &#8211; dey\u0259 Stil qeyd edib. \u201cBusiness Green\u201d n\u0259\u015frin\u0259 g\u00f6r\u0259, iqlim f\u0259lak\u0259tl\u0259ri sad\u0259c\u0259 insanlar\u0131n h\u0259yat\u0131n\u0131 \u015fik\u0259st etmir, h\u0259m d\u0259 uzunm\u00fcdd\u0259tli x\u0259rcl\u0259r\u0259 s\u0259b\u0259b olur.<\/p>\n<p>\u201cBu o dem\u0259kdir ki, b\u00fct\u00fcn h\u00f6kum\u0259tl\u0259r iqlim d\u0259yi\u015fm\u0259l\u0259ri il\u0259 ba\u011fl\u0131 t\u0259dbirl\u0259ri \u00f6z g\u00fcnd\u0259ml\u0259rind\u0259 birinci yer\u0259 qoymal\u0131d\u0131rlar\u201d, &#8211; dey\u0259 \u0130D\u00c7K-nin icra\u00e7\u0131 katibi X sosial media platformas\u0131nda yay\u0131mlanan video\u00e7arxda bildirib v\u0259 \u0259lav\u0259 edib ki, uy\u011funla\u015fma, davaml\u0131l\u0131\u011f\u0131n art\u0131r\u0131lmas\u0131 v\u0259 icmalar\u0131n qorunmas\u0131 \u00fczr\u0259 daha effektiv planlar laz\u0131md\u0131r.<\/p>\n<p>\u201cKarriaku adas\u0131ndak\u0131 evimizd\u0259n olark\u0259n m\u0259n v\u0259 h\u0259myerlil\u0259rim b\u00fct\u00fcn d\u00fcnyada y\u00fcz milyonlarla insana \u00e7ox yax\u015f\u0131 tan\u0131\u015f olan da\u011f\u0131nt\u0131lar\u0131n \u015fahidi olduq. \u0130qlim b\u00f6hran\u0131n\u0131n n\u0259n\u0259min evin\u0259 g\u0259tirdiyi b\u0259la b\u0259\u015f\u0259riyy\u0259t \u00fc\u00e7\u00fcn yeni normaya \u00e7evrilm\u0259m\u0259lidir\u201d, &#8211; dey\u0259 Saymon Stil sonda bildirib.<\/p>\n<p>Qeyd etm\u0259k laz\u0131md\u0131r ki, \u201cBusiness Green\u201d \u201cya\u015f\u0131l\u201d iqtisadiyyat haqq\u0131nda m\u0259lumat yayan, \u201cya\u015f\u0131l\u201d biznes x\u0259b\u0259rl\u0259rini d\u0259rc ed\u0259n v\u0259 \u0259traf m\u00fchit probleml\u0259rini i\u015f\u0131qland\u0131ran B\u00f6y\u00fck Britaniyan\u0131n apar\u0131c\u0131 biznes n\u0259\u015fridir.<\/p>\n","protected":false},"excerpt":{"rendered":"<p>COP29-un prezidentind\u0259n i\u015ftirak\u00e7\u0131 \u00f6lk\u0259l\u0259r\u0259 R\u018fSM\u0130 M\u018fKTUB Bir s\u0131ra beyn\u0259lxalq n\u0259\u015frl\u0259rd\u0259 d\u0259rc edil\u0259n m\u0259qal\u0259l\u0259rd\u0259 BMT-nin \u0130qlim D\u0259yi\u015fm\u0259l\u0259ri \u00fczr\u0259 \u00c7\u0259r\u00e7iv\u0259 Konvensiyas\u0131n\u0131n T\u0259r\u0259fl\u0259r Konfrans\u0131n\u0131n 29-cu sessiyas\u0131n\u0131n (COP29) prezidenti, Az\u0259rbaycan\u0131n ekologiya v\u0259 t\u0259bii s\u0259rv\u0259tl\u0259r&hellip; <\/p>\n","protected":false},"author":14,"featured_media":45171,"comment_status":"open","ping_status":"open","sticky":false,"template":"","format":"standard","meta":{"_mi_skip_tracking":false,"_monsterinsights_sitenote_active":false,"_monsterinsights_sitenote_note":"","_monsterinsights_sitenote_category":0,"footnotes":""},"categories":[12819,4,11],"tags":[12187,15,5874],"aioseo_notices":[],"_links":{"self":[{"href":"https:\/\/infonews.az\/index.php?rest_route=\/wp\/v2\/posts\/45170"}],"collection":[{"href":"https:\/\/infonews.az\/index.php?rest_route=\/wp\/v2\/posts"}],"about":[{"href":"https:\/\/infonews.az\/index.php?rest_route=\/wp\/v2\/types\/post"}],"author":[{"embeddable":true,"href":"https:\/\/infonews.az\/index.php?rest_route=\/wp\/v2\/users\/14"}],"replies":[{"embeddable":true,"href":"https:\/\/infonews.az\/index.php?rest_route=%2Fwp%2Fv2%2Fcomments&post=45170"}],"version-history":[{"count":1,"href":"https:\/\/infonews.az\/index.php?rest_route=\/wp\/v2\/posts\/45170\/revisions"}],"predecessor-version":[{"id":45172,"href":"https:\/\/infonews.az\/index.php?rest_route=\/wp\/v2\/posts\/45170\/revisions\/45172"}],"wp:featuredmedia":[{"embeddable":true,"href":"https:\/\/infonews.az\/index.php?rest_route=\/wp\/v2\/media\/45171"}],"wp:attachment":[{"href":"https:\/\/infonews.az\/index.php?rest_route=%2Fwp%2Fv2%2Fmedia&parent=45170"}],"wp:term":[{"taxonomy":"category","embeddable":true,"href":"https:\/\/infonews.az\/index.php?rest_route=%2Fwp%2Fv2%2Fcategories&post=45170"},{"taxonomy":"post_tag","embeddable":true,"href":"https:\/\/infonews.az\/index.php?rest_route=%2Fwp%2Fv2%2Ftags&post=45170"}],"curies":[{"name":"wp","href":"https:\/\/api.w.org\/{rel}","templated":true}]}}