{"id":45178,"date":"2024-07-19T10:35:37","date_gmt":"2024-07-19T06:35:37","guid":{"rendered":"https:\/\/infonews.az\/?p=45178"},"modified":"2024-07-19T10:37:23","modified_gmt":"2024-07-19T06:37:23","slug":"cop29-az%c9%99rbaycan-iqtisadiyyatina-t%c9%99hsilin%c9%99-v%c9%99-m%c9%99d%c9%99niyy%c9%99tin%c9%99-t%c9%99siri-xeyransa-yusifova","status":"publish","type":"post","link":"https:\/\/infonews.az\/?p=45178","title":{"rendered":"COP29 Az\u0259rbaycan iqtisadiyyat\u0131na, t\u0259hsilin\u0259 v\u0259 m\u0259d\u0259niyy\u0259tin\u0259 t\u0259siri &#8211; Xeyransa YUS\u0130FOVA"},"content":{"rendered":"<p><span style=\"color: #ffffff;\">COP29 Az\u0259rbaycan iqtisadiyyat\u0131na, t\u0259hsilin\u0259 v\u0259 m\u0259d\u0259niyy\u0259tin\u0259 t\u0259siri &#8211; Xeyransa YUS\u0130FOVA<\/span><\/p>\n<p><a href=\"https:\/\/infonews.az\/?p=45178\"><span style=\"color: #333399;\"><strong>&#8220;\u0130NFONEWS&#8221;<\/strong><\/span><\/a> t\u0259qdim edir.<\/p>\n<p style=\"text-align: center;\"><strong>\u00a0\u00a0\u00a0\u00a0\u00a0\u00a0\u00a0\u00a0\u00a0 \u00a0\u00a0\u00a0\u00a0\u00a0\u00a0COP29 Az\u0259rbaycan iqtisadiyyat\u0131na, t\u0259hsilin\u0259 v\u0259 m\u0259d\u0259niyy\u0259t <\/strong><strong>m\u00fcbadil\u0259sin\u0259 m\u00fcsb\u0259t t\u0259sir g\u00f6st\u0259r\u0259c\u0259k<\/strong><strong>\u00a0<\/strong><\/p>\n<p>Bu zamana kimi v\u0259t\u0259nimiz Az\u0259rbaycanda beyn\u0259lxalq t\u0259\u015fkilatlar says\u0131z-hesabs\u0131z siyasi, iqtisadi v\u0259 humanitar m\u00f6vzularda t\u0259dbirl\u0259r ke\u00e7irib. Bu t\u0259dbirl\u0259r\u0259 misal olaraq beyn\u0259lxalq konfranslar\u0131, m\u00fcxt\u0259lif m\u00f6vzularda forumlar\u0131, m\u00fcsabiq\u0259l\u0259ri, yar\u0131\u015flar\u0131 v\u0259 s. misal g\u00f6st\u0259rm\u0259k olar. Beyn\u0259lxalq t\u0259\u015fkilatlar t\u0259dbirl\u0259r ke\u00e7ir\u0259rk\u0259n yaln\u0131z \u00f6lk\u0259nin imkan v\u0259 resurslar\u0131n\u0131 deyil, h\u0259m d\u0259 qlobal miqyasda m\u00f6vqel\u0259rini d\u0259 n\u0259z\u0259r\u0259 al\u0131rlar. Bunlara \u0259sas\u0259n dey\u0259 bil\u0259rik ki, Az\u0259rbaycan bu kimi t\u0259dbirl\u0259rin ke\u00e7irilm\u0259si \u00fc\u00e7\u00fcn \u0259n b\u0259nz\u0259rsiz m\u0259kanlardan biridir v\u0259 bir \u00e7ox beyn\u0259lxalq t\u0259dbirl\u0259r\u0259 ev sahibliyi edib.<\/p>\n<p>Bu il is\u0259 Az\u0259rbaycan\u0131n Bak\u0131 \u015f\u0259h\u0259rinin q\u0259dim minar\u0259l\u0259ri v\u0259 m\u00fcasir arxitekturas\u0131\u00a0 aras\u0131nda BMT-in \u0130qlim D\u0259yi\u015fikliyi Konfrans\u0131 (COP 29) \u00a0bu konfransda i\u015ftirak etm\u0259k \u00fc\u00e7\u00fcn d\u00fcnya liderl\u0259rini, siyas\u0259t\u00e7il\u0259ri v\u0259 iqlim\u015f\u00fcnaslar\u0131 bir araya toplay\u0131r. H\u0259m Az\u0259rbaycan tarixind\u0259, h\u0259m d\u0259 qlobal iqlim d\u0259yi\u015fikliyi il\u0259 m\u00fcbariz\u0259d\u0259 d\u00f6n\u00fc\u015f n\u00f6qt\u0259si olan bu konfrans 2024-c\u00fc il noyabr\u0131n 11-d\u0259n 22-\u0259 kimi ke\u00e7iril\u0259c\u0259k. Az\u0259rbaycan \u00fc\u00e7\u00fcn COP 29-a ev sahibliyi etm\u0259k \u0259traf m\u00fchitl\u0259 ba\u011fl\u0131 t\u0259\u015f\u0259bb\u00fcsl\u0259rini n\u00fcmayi\u015f etdirm\u0259k v\u0259 \u0259h\u0259miyy\u0259tli iqlim diplomatiyas\u0131 h\u0259yata ke\u00e7irm\u0259k \u00fc\u00e7\u00fcn \u0259la f\u00fcrs\u0259tdir. H\u0259m\u00e7inin Bak\u0131da ke\u00e7irilm\u0259si planla\u015fd\u0131r\u0131lan bu konfrans mill\u0259tl\u0259rin bir araya g\u0259lm\u0259si, fikirl\u0259rini b\u00f6l\u00fc\u015fm\u0259si v\u0259 iqlim d\u0259yi\u015fikliyinin yaratd\u0131\u011f\u0131 aktual probleml\u0259rl\u0259 m\u00fcbariz\u0259 aparmaq \u00fc\u00e7\u00fcn strategiyalar\u0131n formala\u015fd\u0131r\u0131lmas\u0131 \u00fc\u00e7\u00fcn platforma rolunu oynay\u0131r.<\/p>\n<p>Ekoloji \u00f6n\u0259mi il\u0259 yana\u015f\u0131, COP29-un t\u0259\u015fkili \u00a0Az\u0259rbaycan m\u0259d\u0259niyy\u0259tin\u0259, t\u0259hsilin\u0259, el\u0259c\u0259 d\u0259 iqtisadiyyat\u0131na m\u00fcsb\u0259t t\u0259sir ed\u0259c\u0259k. Beyn\u0259lxalq n\u00fcmay\u0259nd\u0259l\u0259rin i\u015ftirak\u0131, mediada i\u015f\u0131qland\u0131r\u0131lmas\u0131 v\u0259 bununla ba\u011fl\u0131 t\u0259dbirl\u0259r \u00f6lk\u0259mizin beyn\u0259lxalq imicini art\u0131racaq. Bununla yana\u015f\u0131, konfrans \u0259rzind\u0259 fikirl\u0259rin, imkan v\u0259 perspektivl\u0259rin m\u00fcbadil\u0259si m\u0259d\u0259ni z\u0259nginl\u0259\u015fm\u0259y\u0259 v\u0259 qar\u015f\u0131l\u0131ql\u0131 anla\u015fmaya t\u00f6hf\u0259 ver\u0259c\u0259k.<\/p>\n<p>Bak\u0131n\u0131n z\u0259ngin tarixi v\u0259 dinamik m\u0259d\u0259niyy\u0259ti bu m\u00f6t\u0259b\u0259r g\u00f6r\u00fc\u015f \u00fc\u00e7\u00fcn m\u00fcvafiq fon t\u0259klif edir. \u015e\u0259h\u0259rin m\u00fcasir m\u0259qs\u0259di v\u0259 tarixi \u0259n\u0259n\u0259ni qorumaq v\u0259 yeniliyi t\u0259\u015fviq etm\u0259k aras\u0131nda axtard\u0131\u011f\u0131m\u0131z tarazl\u0131\u011f\u0131 \u0259ks etdirm\u0259k \u00fc\u00e7\u00fcn bir araya g\u0259lir. Bak\u0131 Avropa il\u0259 Asiya aras\u0131nda ke\u00e7id kimi strateji yerl\u0259\u015fm\u0259si say\u0259sind\u0259 m\u00fcxt\u0259lif xalqlar\u0131n bir araya g\u0259l\u0259r\u0259k m\u00fcqavil\u0259l\u0259r ba\u011flaya, t\u0259cr\u00fcb\u0259 m\u00fcbadil\u0259si apara v\u0259 dayan\u0131ql\u0131 mar\u015frut planla\u015fd\u0131ra bil\u0259c\u0259yi bir k\u00f6rp\u00fc qurucusu kimi m\u00fch\u00fcm rol oynay\u0131r.<\/p>\n<p>COP 29-a ev sahibliyi edilm\u0259sinin turizm, infrastrukturun inki\u015faf\u0131 v\u0259 beyn\u0259lxalq investisiyalar vasit\u0259sil\u0259 Az\u0259rbaycan iqtisadiyyat\u0131n\u0131 stimulla\u015fd\u0131raca\u011f\u0131 g\u00f6zl\u0259nilir. N\u00fcmay\u0259nd\u0259l\u0259rin v\u0259 ziyar\u0259t\u00e7il\u0259rin ax\u0131n\u0131 otell\u0259r, restoranlar v\u0259 n\u0259qliyyat xidm\u0259tl\u0259ri d\u0259 daxil olmaqla qonaqp\u0259rv\u0259rv\u0259rlik sektorunu g\u00fccl\u0259ndir\u0259c\u0259k.<\/p>\n<p>Bu konfrans \u00e7\u0259r\u00e7iv\u0259sind\u0259 d\u00fcnyan\u0131n h\u0259r bir yerind\u0259n Az\u0259rbaycana 80 mind\u0259n \u00e7ox se\u00e7ilmi\u015f insan\u0131n g\u0259l\u0259c\u0259k olmas\u0131 da Az\u0259rbaycan \u00fc\u00e7\u00fcn m\u00fch\u00fcm \u0259h\u0259miyy\u0259t k\u0259sb edir. \u00c7\u00fcnki bu zamana kimi v\u0259t\u0259nimiz\u0259 he\u00e7 vaxt g\u0259lm\u0259y\u0259n v\u0259 \u00f6lk\u0259miz haqq\u0131nda m\u0259lumat\u0131 olmayan insanlar \u00f6lk\u0259mizi real h\u0259yatda, \u00f6z g\u00f6zl\u0259ri il\u0259 g\u00f6r\u0259c\u0259kl\u0259r. Bu da ilk n\u00f6vb\u0259d\u0259 Az\u0259rbaycan\u0131n turizm sah\u0259sin\u0259 d\u0259 \u00f6z m\u00fcsb\u0259t t\u0259sirini g\u00f6st\u0259r\u0259c\u0259kdir.<\/p>\n<p>Bundan \u0259lav\u0259 konfrans obyektl\u0259rinin v\u0259 m\u00fcvafiq infrastrukturun tikintisi v\u0259 t\u0259kmill\u0259\u015fdirilm\u0259si i\u015f yerl\u0259ri yaradacaq v\u0259 \u00f6lk\u0259nin g\u0259l\u0259c\u0259k beyn\u0259lxalq t\u0259dbirl\u0259r\u0259 ev sahibliyi etm\u0259k imkanlar\u0131n\u0131 art\u0131racaq.<\/p>\n<p>Az\u0259rbaycan\u0131n davaml\u0131 inki\u015fafa v\u0259 b\u0259rpa olunan enerjiy\u0259 sadiqliyi n\u00fcmayi\u015f etdiril\u0259c\u0259k ki, bu da ya\u015f\u0131l texnologiyalara beyn\u0259lxalq investisiyalar\u0131 c\u0259lb ed\u0259c\u0259k. Konfrans \u00f6lk\u0259miz\u0259 b\u0259rpa olunan enerji layih\u0259l\u0259rini v\u0259 siyas\u0259tl\u0259rini t\u0259qdim etm\u0259k, potensial olaraq qlobal korporasiyalar v\u0259 t\u0259\u015fkilatlarla maliyy\u0259 v\u0259 t\u0259r\u0259fda\u015fl\u0131qlar\u0131 t\u0259min etm\u0259k \u00fc\u00e7\u00fcn platforma t\u0259qdim edir.<\/p>\n<p>COP29 h\u0259m d\u0259 Az\u0259rbaycan\u0131n z\u0259ngin irsini v\u0259 \u0259n\u0259n\u0259l\u0259rini qlobal auditoriyaya t\u0259bli\u011f ed\u0259n m\u0259d\u0259ni m\u00fcbadil\u0259 rolunu oynayacaq. Konfransla eyni zamanda , \u00f6lk\u0259nin tarixini, inc\u0259s\u0259n\u0259tini\u00a0 v\u0259 m\u0259tb\u0259xini \u0259ks etdir\u0259n m\u0259d\u0259ni t\u0259dbirl\u0259r,s\u0259rgil\u0259r t\u0259\u015fkil olunacaq. Bu m\u00fcbadil\u0259 Az\u0259rbaycan\u0131n beyn\u0259lxalq xo\u015fm\u0259raml\u0131l\u0131\u011f\u0131n\u0131n m\u00f6hk\u0259ml\u0259nm\u0259sin\u0259 v\u0259 diplomatik \u0259laq\u0259l\u0259rin g\u00fccl\u0259ndirilm\u0259sin\u0259 geni\u015f t\u00f6hf\u0259 ver\u0259c\u0259kdir.<\/p>\n<p>Az\u0259rbaycan \u0259traf m\u00fchit siyas\u0259tini v\u0259 \u00f6hd\u0259likl\u0259rini inki\u015faf etdirm\u0259k \u00fc\u00e7\u00fcn COP29-dan istifad\u0259 etm\u0259yi h\u0259d\u0259fl\u0259yir. \u00d6lk\u0259 istixana qazlar\u0131 emissiyalar\u0131n\u0131n azaldlmas\u0131, enerji s\u0259m\u0259r\u0259liliyinin art\u0131r\u0131lmas\u0131 v\u0259 b\u0259rpa olunan enerji potensial\u0131n\u0131n geni\u015fl\u0259ndirilm\u0259si \u00fcz\u0259rind\u0259 f\u0259al i\u015f apar\u0131r. Konfransa ev sahibliyi etm\u0259k \u00f6lk\u0259mizin bu m\u0259qs\u0259dl\u0259r\u0259 sadiqliyini vur\u011fulay\u0131r v\u0259 ona iqlim d\u0259yi\u015fikliyi il\u0259 effektiv m\u00fcbariz\u0259 aparmaq \u00fc\u00e7\u00fcn dig\u0259r d\u00f6vl\u0259tl\u0259rl\u0259 \u0259m\u0259kda\u015fl\u0131q etm\u0259y\u0259 imkan verir.<\/p>\n<p>B\u00fctn bunlarla yana\u015f\u0131 COP29 konfrans\u0131n\u0131n t\u0259hsilimiz \u00fc\u00e7\u00fcn d\u0259 b\u00f6y\u00fck bir \u015fansd\u0131r. H\u0259m bu il Az\u0259rbaycan\u0131n bu m\u00f6t\u0259b\u0259r konfransa ev sahibliyi etm\u0259si, h\u0259m d\u0259 Prezidentimiz \u0130lham \u018fliyevin s\u0259r\u0259ncam\u0131 il\u0259 2024-c\u00fc ilin \u201cYa\u015f\u0131l d\u00fcnya namin\u0259 h\u0259mr\u0259ylik ili\u201d elan edilm\u0259sinin t\u0259siri \u00e7ox b\u00f6y\u00fckd\u00fcr. Universitetl\u0259rd\u0259, m\u0259kt\u0259bl\u0259rd\u0259 t\u0259l\u0259b\u0259l\u0259r\u0259, \u015fagirdl\u0259r\u0259 bu m\u00f6vzularda d\u0259rsl\u0259r ke\u00e7irilir, t\u0259dbirl\u0259r, t\u0259dqiqat i\u015fl\u0259ri apar\u0131l\u0131r. Bununla t\u0259l\u0259b\u0259l\u0259r\u0259, \u015fagirdl\u0259r\u0259 ya\u015f\u0131la olan sevgini, m\u00fcnasib\u0259ti a\u015f\u0131lamaq, ekologiyan\u0131, c\u0259miyy\u0259ti qoruma\u011f\u0131 ictimaiyy\u0259tc\u0259 g\u00f6st\u0259rm\u0259liyik. \u00c7\u00fcnki m\u0259kt\u0259bl\u0259r, universitetl\u0259r yaln\u0131z kadr yox, h\u0259m d\u0259 c\u0259miyy\u0259tin inki\u015faf\u0131nda b\u00f6y\u00fck rolu olan \u015f\u0259xsiyy\u0259t yeti\u015fdirir.<\/p>\n<p>Buna misal olaraq Az\u0259rbaycan D\u00f6vl\u0259t \u0130qtisad Universitetind\u0259 \u201cYa\u015f\u0131l d\u00fcnya namin\u0259 h\u0259mr\u0259ylik ili\u201d v\u0259 COP29-la ba\u011fl\u0131 ke\u00e7iril\u0259n t\u0259dbirl\u0259ri misal g\u00f6st\u0259r\u0259 bil\u0259rik. UNEC rektoru professor \u018fdal\u0259t Muradovun \u0259mri il\u0259 2024-c\u00fc il universitetd\u0259 \u201cYa\u015f\u0131l UNEC ili\u201d adland\u0131r\u0131l\u0131b v\u0259 6 m\u0259qs\u0259d \u00fczr\u0259 30-a yax\u0131n m\u00fcxt\u0259lif layih\u0259ni \u0259hat\u0259 ed\u0259n T\u0259dbirl\u0259r plan\u0131 t\u0259sdiql\u0259nib.<\/p>\n<p>Bundan \u0259lav\u0259 banklar bir \u00e7ox universitetl\u0259r\u0259 ya\u015f\u0131l maliyy\u0259,ya\u015f\u0131l bank\u00e7\u0131l\u0131qla ba\u011fl\u0131 kitablar sifari\u015f edirl\u0259r. Biz bu m\u00f6vzularda \u00e7ox kitablar yazmal\u0131, t\u0259dqiqatlar aparmal\u0131y\u0131q v\u0259 \u00e7al\u0131\u015fmal\u0131y\u0131q ki, bu t\u0259dqiqatlar\u0131 g\u0259l\u0259c\u0259k n\u0259sill\u0259r\u0259 d\u0259 \u00e7atd\u0131raq.<\/p>\n<p>N\u0259tic\u0259 olaraq, COP29 v\u0259t\u0259nimiz \u00fc\u00e7\u00fcn \u00f6z iqtisadiyyat\u0131n\u0131 inki\u015faf etdirm\u0259k, beyn\u0259lxalq s\u0259rmay\u0259l\u0259r c\u0259lb etm\u0259k v\u0259 m\u0259d\u0259ni m\u00fcbadil\u0259ni t\u0259\u015fviq etm\u0259k \u00fc\u00e7\u00fcn m\u00fch\u00fcm bir f\u00fcrs\u0259tdir. D\u00fcnya iqlim d\u0259yi\u015fikliyinin h\u0259lli \u00fc\u00e7\u00fcn birl\u0259\u015fdikc\u0259, Az\u0259rbaycan\u0131n ev sahibi \u00f6lk\u0259 kimi roluonun inki\u015faf\u0131na v\u0259 qlobal n\u00fcfuzuna uzunm\u00fcdd\u0259tli t\u0259sir g\u00f6st\u0259r\u0259c\u0259kdir.<\/p>\n<p><em><span style=\"color: #000000;\"><strong>Xeyransa Havadar q\u0131z\u0131 YUS\u0130FOVA<\/strong><\/span><\/em><\/p>\n<p><strong>Az\u0259rbaycan D\u00f6vl\u0259t \u0130qtisad Universitetinin (UNEC), t\u0259l\u0259b\u0259<\/strong><\/p>\n","protected":false},"excerpt":{"rendered":"<p>COP29 Az\u0259rbaycan iqtisadiyyat\u0131na, t\u0259hsilin\u0259 v\u0259 m\u0259d\u0259niyy\u0259tin\u0259 t\u0259siri &#8211; Xeyransa YUS\u0130FOVA &#8220;\u0130NFONEWS&#8221; t\u0259qdim edir. \u00a0\u00a0\u00a0\u00a0\u00a0\u00a0\u00a0\u00a0\u00a0 \u00a0\u00a0\u00a0\u00a0\u00a0\u00a0COP29 Az\u0259rbaycan iqtisadiyyat\u0131na, t\u0259hsilin\u0259 v\u0259 m\u0259d\u0259niyy\u0259t m\u00fcbadil\u0259sin\u0259 m\u00fcsb\u0259t t\u0259sir g\u00f6st\u0259r\u0259c\u0259k\u00a0 Bu zamana kimi v\u0259t\u0259nimiz Az\u0259rbaycanda beyn\u0259lxalq&hellip; <\/p>\n","protected":false},"author":14,"featured_media":45181,"comment_status":"open","ping_status":"open","sticky":false,"template":"","format":"standard","meta":{"_mi_skip_tracking":false,"_monsterinsights_sitenote_active":false,"_monsterinsights_sitenote_note":"","_monsterinsights_sitenote_category":0,"footnotes":""},"categories":[12819,4,11],"tags":[47,12187,15,13969],"aioseo_notices":[],"_links":{"self":[{"href":"https:\/\/infonews.az\/index.php?rest_route=\/wp\/v2\/posts\/45178"}],"collection":[{"href":"https:\/\/infonews.az\/index.php?rest_route=\/wp\/v2\/posts"}],"about":[{"href":"https:\/\/infonews.az\/index.php?rest_route=\/wp\/v2\/types\/post"}],"author":[{"embeddable":true,"href":"https:\/\/infonews.az\/index.php?rest_route=\/wp\/v2\/users\/14"}],"replies":[{"embeddable":true,"href":"https:\/\/infonews.az\/index.php?rest_route=%2Fwp%2Fv2%2Fcomments&post=45178"}],"version-history":[{"count":1,"href":"https:\/\/infonews.az\/index.php?rest_route=\/wp\/v2\/posts\/45178\/revisions"}],"predecessor-version":[{"id":45180,"href":"https:\/\/infonews.az\/index.php?rest_route=\/wp\/v2\/posts\/45178\/revisions\/45180"}],"wp:featuredmedia":[{"embeddable":true,"href":"https:\/\/infonews.az\/index.php?rest_route=\/wp\/v2\/media\/45181"}],"wp:attachment":[{"href":"https:\/\/infonews.az\/index.php?rest_route=%2Fwp%2Fv2%2Fmedia&parent=45178"}],"wp:term":[{"taxonomy":"category","embeddable":true,"href":"https:\/\/infonews.az\/index.php?rest_route=%2Fwp%2Fv2%2Fcategories&post=45178"},{"taxonomy":"post_tag","embeddable":true,"href":"https:\/\/infonews.az\/index.php?rest_route=%2Fwp%2Fv2%2Ftags&post=45178"}],"curies":[{"name":"wp","href":"https:\/\/api.w.org\/{rel}","templated":true}]}}