{"id":45208,"date":"2024-07-21T20:13:05","date_gmt":"2024-07-21T16:13:05","guid":{"rendered":"https:\/\/infonews.az\/?p=45208"},"modified":"2024-07-21T20:13:05","modified_gmt":"2024-07-21T16:13:05","slug":"ilham-eliyev-qlobal-s%c9%99viyy%c9%99li-muk%c9%99mm%c9%99l-liderdir-iqor-korotcenko","status":"publish","type":"post","link":"https:\/\/infonews.az\/?p=45208","title":{"rendered":"&#8220;\u0130lham \u018fliyev qlobal s\u0259viyy\u0259li m\u00fck\u0259mm\u0259l liderdir&#8221;-\u0130qor Korot\u00e7enko"},"content":{"rendered":"<p><span style=\"color: #ffffff;\">&#8220;\u0130lham \u018fliyev qlobal s\u0259viyy\u0259li m\u00fck\u0259mm\u0259l liderdir&#8221;-\u0130qor Korot\u00e7enko<\/span><\/p>\n<blockquote><p><strong>X\u00fcsusil\u0259 Fransa v\u0259 beyn\u0259lxalq erm\u0259ni lobbisinin \u00f6z \u0259razi b\u00fct\u00f6vl\u00fcy\u00fcn\u00fc b\u0259rpa etmi\u015f Az\u0259rbaycana qar\u015f\u0131 m\u0259krli planlar\u0131n\u0131n \u015fahidi oluruq.<\/strong><\/p><\/blockquote>\n<p><a href=\"https:\/\/infonews.az\/?p=45208\"><span style=\"color: #333399;\"><strong>&#8220;\u0130NFONEWS&#8221; <\/strong><\/span><\/a>x\u0259b\u0259r verir ki, bunu jurnalistl\u0259r\u0259 a\u00e7\u0131qlamas\u0131nda X\u0259z\u0259r Strateji Ara\u015fd\u0131rmalar \u0130nstitutunun ba\u015f direktoru \u0130qor Korot\u00e7enko deyib.<\/p>\n<p>\u0130qor Korot\u00e7enko bildirib ki, bu d\u00f6vl\u0259tl\u0259r m\u00fcxt\u0259lif s\u0259viyy\u0259l\u0259rd\u0259 anti-Az\u0259rbaycan kampaniyas\u0131 apar\u0131r: \u201c\u015eu\u015fada ke\u00e7iril\u0259n Qlobal Media Forumuna m\u00fcxt\u0259lif \u00f6lk\u0259l\u0259rd\u0259n \u00e7oxsayl\u0131 n\u00fcmay\u0259nd\u0259l\u0259rin topla\u015fmas\u0131 Az\u0259rbaycana veril\u0259n \u00f6n\u0259min g\u00f6st\u0259ricisidir. Bu g\u00fcn Az\u0259rbaycan qlobal trendl\u0259rin m\u00fc\u0259llifi olan bir d\u00f6vl\u0259tdir. Bu Forum m\u00fcst\u0259ml\u0259k\u0259 v\u0259 qloballa\u015fma \u0259leyhdarlar\u0131 olan \u00f6lk\u0259l\u0259r \u00fc\u00e7\u00fcn m\u00fck\u0259mm\u0259l platformad\u0131r. Prezident \u0130lham \u018fliyev bu g\u00fcn d\u00fcnya \u00f6lk\u0259l\u0259ri liderl\u0259rinin fikirl\u0259ri il\u0259 hesabla\u015fd\u0131qlar\u0131 qlobal s\u0259viyy\u0259li m\u00fck\u0259mm\u0259l bir siyasi liderdir&#8221;.<\/p>\n","protected":false},"excerpt":{"rendered":"<p>&#8220;\u0130lham \u018fliyev qlobal s\u0259viyy\u0259li m\u00fck\u0259mm\u0259l liderdir&#8221;-\u0130qor Korot\u00e7enko X\u00fcsusil\u0259 Fransa v\u0259 beyn\u0259lxalq erm\u0259ni lobbisinin \u00f6z \u0259razi b\u00fct\u00f6vl\u00fcy\u00fcn\u00fc b\u0259rpa etmi\u015f Az\u0259rbaycana qar\u015f\u0131 m\u0259krli planlar\u0131n\u0131n \u015fahidi oluruq. &#8220;\u0130NFONEWS&#8221; x\u0259b\u0259r verir ki, bunu jurnalistl\u0259r\u0259&hellip; <\/p>\n","protected":false},"author":14,"featured_media":45209,"comment_status":"open","ping_status":"open","sticky":false,"template":"","format":"standard","meta":{"_mi_skip_tracking":false,"_monsterinsights_sitenote_active":false,"_monsterinsights_sitenote_note":"","_monsterinsights_sitenote_category":0,"footnotes":""},"categories":[6,11],"tags":[15,924,13976],"aioseo_notices":[],"_links":{"self":[{"href":"https:\/\/infonews.az\/index.php?rest_route=\/wp\/v2\/posts\/45208"}],"collection":[{"href":"https:\/\/infonews.az\/index.php?rest_route=\/wp\/v2\/posts"}],"about":[{"href":"https:\/\/infonews.az\/index.php?rest_route=\/wp\/v2\/types\/post"}],"author":[{"embeddable":true,"href":"https:\/\/infonews.az\/index.php?rest_route=\/wp\/v2\/users\/14"}],"replies":[{"embeddable":true,"href":"https:\/\/infonews.az\/index.php?rest_route=%2Fwp%2Fv2%2Fcomments&post=45208"}],"version-history":[{"count":1,"href":"https:\/\/infonews.az\/index.php?rest_route=\/wp\/v2\/posts\/45208\/revisions"}],"predecessor-version":[{"id":45210,"href":"https:\/\/infonews.az\/index.php?rest_route=\/wp\/v2\/posts\/45208\/revisions\/45210"}],"wp:featuredmedia":[{"embeddable":true,"href":"https:\/\/infonews.az\/index.php?rest_route=\/wp\/v2\/media\/45209"}],"wp:attachment":[{"href":"https:\/\/infonews.az\/index.php?rest_route=%2Fwp%2Fv2%2Fmedia&parent=45208"}],"wp:term":[{"taxonomy":"category","embeddable":true,"href":"https:\/\/infonews.az\/index.php?rest_route=%2Fwp%2Fv2%2Fcategories&post=45208"},{"taxonomy":"post_tag","embeddable":true,"href":"https:\/\/infonews.az\/index.php?rest_route=%2Fwp%2Fv2%2Ftags&post=45208"}],"curies":[{"name":"wp","href":"https:\/\/api.w.org\/{rel}","templated":true}]}}