{"id":45211,"date":"2024-07-22T06:24:50","date_gmt":"2024-07-22T02:24:50","guid":{"rendered":"https:\/\/infonews.az\/?p=45211"},"modified":"2024-07-22T10:30:35","modified_gmt":"2024-07-22T06:30:35","slug":"ag-evd%c9%99n-baydenin-istefasi-il%c9%99-bagli-aciqlama","status":"publish","type":"post","link":"https:\/\/infonews.az\/?p=45211","title":{"rendered":"A\u011f Evd\u0259n Baydenin istefas\u0131 il\u0259 ba\u011fl\u0131 A\u00c7IQLAMA"},"content":{"rendered":"<p><span style=\"color: #ffffff;\">A\u011f Evd\u0259n Baydenin istefas\u0131 il\u0259 ba\u011fl\u0131\u00a0A\u00c7IQLAMA<\/span><\/p>\n<blockquote><p><strong>AB\u015e prezidenti Co Bayden se\u00e7kiqaba\u011f\u0131 m\u00fcsabiq\u0259d\u0259n \u00e7\u0131xd\u0131\u011f\u0131n\u0131 elan etdikd\u0259n sonra vaxt\u0131ndan \u0259vv\u0259l istefa verm\u0259k niyy\u0259tind\u0259 deyil.\u00a0<\/strong><\/p><\/blockquote>\n<p><a href=\"https:\/\/infonews.az\/?p=45211\"><strong><span style=\"color: #333399;\">&#8220;\u0130NFONEWS&#8221;<\/span> <\/strong><\/a>x\u0259b\u0259r verir ki, bu bar\u0259d\u0259 A\u011f Evin m\u0259tbuat katibi Endryu Beytsin b\u0259yanat\u0131nda deyilir.<\/p>\n<p>Onun s\u00f6zl\u0259rin\u0259 g\u00f6r\u0259, Bayden prezidentlik m\u00fcdd\u0259tini ba\u015fa vurma\u011f\u0131 v\u0259 amerikal\u0131lar \u00fc\u00e7\u00fcn tarixi nisb\u0259td\u0259 yeni nailiyy\u0259tl\u0259r \u0259ld\u0259 etm\u0259yi planla\u015fd\u0131r\u0131r.<\/p>\n<p>Baydenin hakimiyy\u0259ti d\u00f6vr\u00fcnd\u0259 NATO-ya yeni \u00f6lk\u0259l\u0259rin q\u0259bul edildiyi d\u0259 qeyd edilib.<\/p>\n","protected":false},"excerpt":{"rendered":"<p>A\u011f Evd\u0259n Baydenin istefas\u0131 il\u0259 ba\u011fl\u0131\u00a0A\u00c7IQLAMA AB\u015e prezidenti Co Bayden se\u00e7kiqaba\u011f\u0131 m\u00fcsabiq\u0259d\u0259n \u00e7\u0131xd\u0131\u011f\u0131n\u0131 elan etdikd\u0259n sonra vaxt\u0131ndan \u0259vv\u0259l istefa verm\u0259k niyy\u0259tind\u0259 deyil.\u00a0 &#8220;\u0130NFONEWS&#8221; x\u0259b\u0259r verir ki, bu bar\u0259d\u0259 A\u011f Evin&hellip; <\/p>\n","protected":false},"author":14,"featured_media":45212,"comment_status":"open","ping_status":"open","sticky":false,"template":"","format":"standard","meta":{"_mi_skip_tracking":false,"_monsterinsights_sitenote_active":false,"_monsterinsights_sitenote_note":"","_monsterinsights_sitenote_category":0,"footnotes":""},"categories":[9,6,11],"tags":[6621,612,15],"aioseo_notices":[],"_links":{"self":[{"href":"https:\/\/infonews.az\/index.php?rest_route=\/wp\/v2\/posts\/45211"}],"collection":[{"href":"https:\/\/infonews.az\/index.php?rest_route=\/wp\/v2\/posts"}],"about":[{"href":"https:\/\/infonews.az\/index.php?rest_route=\/wp\/v2\/types\/post"}],"author":[{"embeddable":true,"href":"https:\/\/infonews.az\/index.php?rest_route=\/wp\/v2\/users\/14"}],"replies":[{"embeddable":true,"href":"https:\/\/infonews.az\/index.php?rest_route=%2Fwp%2Fv2%2Fcomments&post=45211"}],"version-history":[{"count":1,"href":"https:\/\/infonews.az\/index.php?rest_route=\/wp\/v2\/posts\/45211\/revisions"}],"predecessor-version":[{"id":45213,"href":"https:\/\/infonews.az\/index.php?rest_route=\/wp\/v2\/posts\/45211\/revisions\/45213"}],"wp:featuredmedia":[{"embeddable":true,"href":"https:\/\/infonews.az\/index.php?rest_route=\/wp\/v2\/media\/45212"}],"wp:attachment":[{"href":"https:\/\/infonews.az\/index.php?rest_route=%2Fwp%2Fv2%2Fmedia&parent=45211"}],"wp:term":[{"taxonomy":"category","embeddable":true,"href":"https:\/\/infonews.az\/index.php?rest_route=%2Fwp%2Fv2%2Fcategories&post=45211"},{"taxonomy":"post_tag","embeddable":true,"href":"https:\/\/infonews.az\/index.php?rest_route=%2Fwp%2Fv2%2Ftags&post=45211"}],"curies":[{"name":"wp","href":"https:\/\/api.w.org\/{rel}","templated":true}]}}