{"id":45311,"date":"2024-08-09T08:29:21","date_gmt":"2024-08-09T04:29:21","guid":{"rendered":"https:\/\/infonews.az\/?p=45311"},"modified":"2024-08-09T14:37:16","modified_gmt":"2024-08-09T10:37:16","slug":"muxtar-respublikanin-550-hektar-%c9%99razisini-%c9%99hat%c9%99-ed%c9%99n-yasillasdirma-proqrami-hazirlanib-fuad-necefli","status":"publish","type":"post","link":"https:\/\/infonews.az\/?p=45311","title":{"rendered":"&#8220;Muxtar respublikan\u0131n 550 hektar \u0259razisini \u0259hat\u0259 ed\u0259n ya\u015f\u0131lla\u015fd\u0131rma proqram\u0131 haz\u0131rlan\u0131b&#8221;- Fuad N\u018fC\u018fFL\u0130"},"content":{"rendered":"<p><span style=\"color: #ffffff;\">&#8220;Muxtar respublikan\u0131n 550 hektar \u0259razisini \u0259hat\u0259 ed\u0259n ya\u015f\u0131lla\u015fd\u0131rma proqram\u0131 haz\u0131rlan\u0131b&#8221;- Fuad N\u018fC\u018fFL\u0130<\/span><\/p>\n<blockquote><p>&#8220;Bu il muxtar respublikan\u0131n 550 hektar \u0259razisini \u0259hat\u0259 ed\u0259n ya\u015f\u0131lla\u015fd\u0131rma proqram\u0131 haz\u0131rlanm\u0131\u015f, yaz \u0259kin m\u00f6vs\u00fcm\u00fcnd\u0259 431 ha sah\u0259d\u0259 \u0259kin i\u015fl\u0259ri apar\u0131l\u0131b&#8221;.<\/p><\/blockquote>\n<p><span style=\"color: #333399;\"><strong><a style=\"color: #333399;\" href=\"https:\/\/infonews.az\/?p=45311\">&#8220;\u0130NFONEWS&#8221;<\/a><\/strong><\/span> x\u0259b\u0259r verir ki, bunu Nax\u00e7\u0131van Biznes M\u0259rk\u0259zind\u0259 &#8220;COP 29, \u0130qlim d\u0259yi\u015fiklikl\u0259rinin \u0259traf m\u00fchitin komponentl\u0259rin\u0259 t\u0259sirl\u0259ri&#8221; m\u00f6vzusunda ke\u00e7iril\u0259n konfransda Nax\u00e7\u0131van Muxtar Respublikas\u0131nda Az\u0259rbaycan Respublikas\u0131 Prezidentinin s\u0259lahiyy\u0259tli n\u00fcmay\u0259nd\u0259si Fuad N\u0259c\u0259fli deyib.<\/p>\n<p>Fuad N\u0259c\u0259fli bildirib ki, \u201cNax\u00e7\u0131van Muxtar Respublikas\u0131n\u0131n sosial-iqtisadi inki\u015faf\u0131na dair 2023\u20132027-ci ill\u0259r \u00fc\u00e7\u00fcn D\u00f6vl\u0259t Proqram\u0131\u201dn\u0131n 2023-2024-c\u00fc ill\u0259r \u00fczr\u0259 T\u0259fsilatl\u0131 T\u0259dbirl\u0259r Plan\u0131\u201dnda me\u015f\u0259 fondunun a\u00e7\u0131q sah\u0259l\u0259rind\u0259 yeni me\u015f\u0259likl\u0259rin sal\u0131nmas\u0131 v\u0259 m\u00f6vcud me\u015f\u0259 sah\u0259l\u0259rinin b\u0259rpa edilm\u0259si, ya\u015f\u0131ll\u0131qlar\u0131n m\u00fchafiz\u0259si v\u0259 art\u0131r\u0131lmas\u0131 \u0259sas f\u0259aliyy\u0259t istiqam\u0259ti kimi m\u00fc\u0259yy\u0259n edilib. Bu da muxtar respublikada iqlim d\u0259yi\u015fiklikl\u0259rinin \u0259traf m\u00fchit komponentl\u0259rin\u0259 t\u0259sirl\u0259rinin minimuma endirilm\u0259si i\u015fin\u0259 m\u00fch\u00fcm t\u00f6hf\u0259 ver\u0259c\u0259kdir. Ona g\u00f6r\u0259 d\u0259 me\u015f\u0259 \u00f6rt\u00fcy\u00fcn\u00fcn art\u0131r\u0131lmas\u0131, yeni me\u015f\u0259 zolaqlar\u0131n\u0131n v\u0259 ya\u015f\u0131ll\u0131qlar\u0131n sal\u0131nmas\u0131, me\u015f\u0259salma v\u0259 a\u011fac\u0259km\u0259 aksiyalar\u0131n\u0131n, ya\u015f\u0131l n\u0259qliyyata ke\u00e7id v\u0259 metan emissiyalar\u0131n\u0131n azald\u0131lmas\u0131 2024-c\u00fc ild\u0259 diqq\u0259td\u0259 saxlan\u0131l\u0131b. Bel\u0259 ki, bu il muxtar respublikan\u0131n 550 hektar \u0259razisini \u0259hat\u0259 ed\u0259n ya\u015f\u0131lla\u015fd\u0131rma proqram\u0131 haz\u0131rlan\u0131b, yaz \u0259kin m\u00f6vs\u00fcm\u00fcnd\u0259 431 ha sah\u0259d\u0259 \u0259kin i\u015fl\u0259ri apar\u0131l\u0131b. H\u0259m\u00e7inin D\u00f6vl\u0259t Proqram\u0131nda m\u0259rk\u0259zl\u0259\u015fdirilmi\u015f tullant\u0131 poliqonunun v\u0259 b\u0259rk-m\u0259i\u015f\u0259t tullant\u0131lar\u0131n\u0131n emal\u0131 m\u00fc\u0259ssis\u0259sinin yarad\u0131lmas\u0131 v\u0259 bu sah\u0259d\u0259 maddi-texniki bazan\u0131n g\u00fccl\u0259ndirilm\u0259si n\u0259z\u0259rd\u0259 tutulmu\u015fdur ki, bu da g\u0259l\u0259c\u0259kd\u0259 tullant\u0131 sektoru \u00fczr\u0259 emissiyalar\u0131n azald\u0131lmas\u0131 bax\u0131m\u0131ndan m\u00fch\u00fcm add\u0131m olacaqd\u0131r.<\/p>\n","protected":false},"excerpt":{"rendered":"<p>&#8220;Muxtar respublikan\u0131n 550 hektar \u0259razisini \u0259hat\u0259 ed\u0259n ya\u015f\u0131lla\u015fd\u0131rma proqram\u0131 haz\u0131rlan\u0131b&#8221;- Fuad N\u018fC\u018fFL\u0130 &#8220;Bu il muxtar respublikan\u0131n 550 hektar \u0259razisini \u0259hat\u0259 ed\u0259n ya\u015f\u0131lla\u015fd\u0131rma proqram\u0131 haz\u0131rlanm\u0131\u015f, yaz \u0259kin m\u00f6vs\u00fcm\u00fcnd\u0259 431 ha sah\u0259d\u0259&hellip; <\/p>\n","protected":false},"author":14,"featured_media":45312,"comment_status":"open","ping_status":"open","sticky":false,"template":"","format":"standard","meta":{"_mi_skip_tracking":false,"_monsterinsights_sitenote_active":false,"_monsterinsights_sitenote_note":"","_monsterinsights_sitenote_category":0,"footnotes":""},"categories":[12819,4,11],"tags":[11865,9555,15,14002],"aioseo_notices":[],"_links":{"self":[{"href":"https:\/\/infonews.az\/index.php?rest_route=\/wp\/v2\/posts\/45311"}],"collection":[{"href":"https:\/\/infonews.az\/index.php?rest_route=\/wp\/v2\/posts"}],"about":[{"href":"https:\/\/infonews.az\/index.php?rest_route=\/wp\/v2\/types\/post"}],"author":[{"embeddable":true,"href":"https:\/\/infonews.az\/index.php?rest_route=\/wp\/v2\/users\/14"}],"replies":[{"embeddable":true,"href":"https:\/\/infonews.az\/index.php?rest_route=%2Fwp%2Fv2%2Fcomments&post=45311"}],"version-history":[{"count":1,"href":"https:\/\/infonews.az\/index.php?rest_route=\/wp\/v2\/posts\/45311\/revisions"}],"predecessor-version":[{"id":45313,"href":"https:\/\/infonews.az\/index.php?rest_route=\/wp\/v2\/posts\/45311\/revisions\/45313"}],"wp:featuredmedia":[{"embeddable":true,"href":"https:\/\/infonews.az\/index.php?rest_route=\/wp\/v2\/media\/45312"}],"wp:attachment":[{"href":"https:\/\/infonews.az\/index.php?rest_route=%2Fwp%2Fv2%2Fmedia&parent=45311"}],"wp:term":[{"taxonomy":"category","embeddable":true,"href":"https:\/\/infonews.az\/index.php?rest_route=%2Fwp%2Fv2%2Fcategories&post=45311"},{"taxonomy":"post_tag","embeddable":true,"href":"https:\/\/infonews.az\/index.php?rest_route=%2Fwp%2Fv2%2Ftags&post=45311"}],"curies":[{"name":"wp","href":"https:\/\/api.w.org\/{rel}","templated":true}]}}