{"id":45342,"date":"2024-08-14T13:31:44","date_gmt":"2024-08-14T09:31:44","guid":{"rendered":"https:\/\/infonews.az\/?p=45342"},"modified":"2024-08-14T13:31:44","modified_gmt":"2024-08-14T09:31:44","slug":"14-avqust-dost-v%c9%99-qardas-pakistanin-must%c9%99qillik-gunudur","status":"publish","type":"post","link":"https:\/\/infonews.az\/?p=45342","title":{"rendered":"14 avqust &#8211; Dost v\u0259 qarda\u015f Pakistan\u0131n M\u00fcst\u0259qillik G\u00fcn\u00fcd\u00fcr"},"content":{"rendered":"<p><span style=\"color: #ffffff;\">14 avqust &#8211; Dost v\u0259 qarda\u015f Pakistan\u0131n M\u00fcst\u0259qillik G\u00fcn\u00fcd\u00fcr\u00a0<\/span><\/p>\n<p><img loading=\"lazy\" decoding=\"async\" class=\"aligncenter size-full wp-image-45343\" src=\"https:\/\/infonews.az\/wp-content\/uploads\/2024\/08\/Pakistan.jpg\" alt=\"\" width=\"800\" height=\"1000\" srcset=\"https:\/\/infonews.az\/wp-content\/uploads\/2024\/08\/Pakistan.jpg 800w, https:\/\/infonews.az\/wp-content\/uploads\/2024\/08\/Pakistan-240x300.jpg 240w, https:\/\/infonews.az\/wp-content\/uploads\/2024\/08\/Pakistan-768x960.jpg 768w\" sizes=\"(max-width: 800px) 100vw, 800px\" \/><\/p>\n<blockquote><p>Pakistanda h\u0259r il avqustun 14-d\u0259 M\u00fcst\u0259qillik G\u00fcn\u00fc qeyd olunur.<\/p><\/blockquote>\n<p><a href=\"https:\/\/infonews.az\/?p=45342\"><span style=\"color: #000080;\"><strong>&#8220;\u0130NFONEWS&#8221;<\/strong><\/span><\/a><\/p>\n<p>Pakistan geosiyas\u0131 v\u0259 strateji bax\u0131mdan Az\u0259rbaycana yax\u0131n olan \u00f6lk\u0259l\u0259rd\u0259n biridir. \u00d6lk\u0259miz C\u0259nub-\u015e\u0259rqi Asiyan\u0131n g\u00fccl\u00fc d\u00f6vl\u0259tl\u0259rind\u0259n biri olan Pakistan il\u0259 olduqca s\u0131x m\u00fcnasib\u0259tl\u0259r qurmu\u015fdur. D\u00f6vl\u0259tl\u0259raras\u0131 h\u0259mr\u0259ylik m\u00fcnasib\u0259tl\u0259ri qarda\u015fl\u0131q s\u0259viyy\u0259sin\u0259 y\u00fcks\u0259ltmi\u015fdir. Bununla yana\u015f\u0131, h\u0259r iki \u00f6lk\u0259 ba\u015f\u00e7\u0131lar\u0131n\u0131n s\u0259f\u0259rl\u0259ri v\u0259 g\u00f6r\u00fc\u015fl\u0259r \u0259laq\u0259l\u0259ri daha da m\u00f6hk\u0259ml\u0259ndirir. Az\u0259rbaycan\u0131n d\u00f6vl\u0259t m\u00fcst\u0259qilliyini ilk tan\u0131yan \u00f6lk\u0259l\u0259rd\u0259n biri d\u0259 Pakistan \u0130slam Respublikas\u0131d\u0131r. Pakistan 12 dekabr 1991-ci ild\u0259 r\u0259smi olaraq Az\u0259rbaycan Respublikas\u0131n\u0131n d\u00f6vl\u0259t m\u00fcst\u0259qilliyini tan\u0131m\u0131\u015fd\u0131r. 9 iyun 1992-ci il tarixind\u0259 Az\u0259rbaycanla diplomatik \u0259laq\u0259l\u0259rin yarad\u0131lmas\u0131 haqq\u0131nda q\u0259rar q\u0259bul etmi\u015f, 12 mart 1993-c\u00fc ild\u0259 Bak\u0131da s\u0259firliyini a\u00e7m\u0131\u015fd\u0131r.1997-ci ilin avqust ay\u0131nda is\u0259 \u0130slamabadda Az\u0259rbaycan\u0131n daimi n\u00fcmay\u0259nd\u0259liyi a\u00e7\u0131lm\u0131\u015fd\u0131r.<\/p>\n<p>Pakistan 1947-ci il avqustun 14-d\u0259 Britaniya Hindistan\u0131n\u0131n s\u00fcqutundan sonra suveren d\u00f6vl\u0259t elan olundu v\u0259 d\u00f6vl\u0259tin m\u00fcst\u0259qillik \u0259ld\u0259 etdiyi bu g\u00fcn bayram kimi qeyd edilm\u0259y\u0259 ba\u015fland\u0131.<\/p>\n<p>M\u00fcst\u0259qillik g\u00fcn\u00fc m\u00fcnasib\u0259til\u0259 \u0259sas m\u0259rasim prezident v\u0259 parlament binalar\u0131nda dal\u011falanan d\u00f6vl\u0259t bayra\u011f\u0131n\u0131n yerl\u0259\u015fdiyi \u0130slamabadda ke\u00e7irilir. Bunun ard\u0131nca d\u00f6vl\u0259t himni s\u0259sl\u0259ndirilir v\u0259 r\u0259hb\u0259rl\u0259rin televiziya il\u0259 canl\u0131 \u00e7\u0131x\u0131\u015flar\u0131 olur. G\u00fcn \u0259rzind\u0259 adi bayram t\u0259dbirl\u0259ri v\u0259 \u015f\u0259nlikl\u0259r\u0259 bayra\u011f\u0131n qald\u0131r\u0131lmas\u0131 m\u0259rasimi, paradlar, m\u0259d\u0259ni t\u0259dbirl\u0259r v\u0259 v\u0259t\u0259np\u0259rv\u0259rlik mahn\u0131lar\u0131n\u0131n oxunmas\u0131 daxildir. M\u00fckafatland\u0131rma m\u0259rasiml\u0259rinin \u00e7oxu bu g\u00fcnd\u0259 ba\u015f tutur. V\u0259t\u0259nda\u015flar \u00f6z evl\u0259rinin yuxar\u0131s\u0131na milli bayra\u011f\u0131 qald\u0131r\u0131rlar v\u0259 ya n\u0259qliyyat vasit\u0259l\u0259ri v\u0259 geyiml\u0259rind\u0259 n\u0259z\u0259r\u0259 \u00e7arpacaq d\u0259r\u0259c\u0259d\u0259 bu bayram\u0131 n\u00fcmayi\u015f etdirirl\u0259r. Q\u0131zlar bayram\u0131 qeyd etm\u0259k \u00fc\u00e7\u00fcn gec\u0259yar\u0131s\u0131 \u015famlar\u0131 yand\u0131r\u0131rlar.<\/p>\n<p>Minar-e-Pakistan m\u00fcst\u0259qilliyin \u015f\u0259r\u0259fin\u0259 tam i\u015f\u0131qland\u0131r\u0131l\u0131r. M\u00fcst\u0259qillik g\u00fcn\u00fc Pakistanda m\u00fc\u015fahid\u0259 olunan alt\u0131 d\u00f6vl\u0259t bayram\u0131ndan biridir v\u0259 b\u00fct\u00fcn \u00f6lk\u0259 miqyas\u0131nda qeyd edilir. M\u00fcst\u0259qillik g\u00fcn\u00fc bayram t\u0259dbirl\u0259ri, g\u00f6r\u00fc\u015fl\u0259r \u00fc\u00e7\u00fcn planlar\u0131n haz\u0131rlanmas\u0131 v\u0259 tamamlanmas\u0131, yerli h\u00f6kum\u0259t t\u0259r\u0259find\u0259n h\u00f6kum\u0259t r\u0259smil\u0259ri, diplomatlar v\u0259 siyas\u0259t\u00e7il\u0259rin i\u015ftirak\u0131 il\u0259 \u0259yal\u0259t paytaxtlar\u0131nda ke\u00e7irilir. Avqust ay\u0131 ba\u015flayan kimi, milli bayraqlar, bayraq a\u011fac\u0131, elanlar v\u0259 plakatlar, milli q\u0259hr\u0259manlar\u0131n \u015f\u0259kill\u0259ri v\u0259 dig\u0259r bayram \u0259\u015fyalar\u0131n sat\u0131\u015f\u0131 \u00fczr\u0259 b\u00fct\u00fcn \u00f6lk\u0259 \u0259razisind\u0259 x\u00fcsusi k\u00f6\u015fkl\u0259r v\u0259 ma\u011fazalar yarad\u0131l\u0131r. N\u0259qliyyat vasit\u0259l\u0259ri, \u00f6z\u0259l binalar, evl\u0259r, k\u00fc\u00e7\u0259l\u0259r milli bayraq v\u0259 bayraq a\u011faclar\u0131 il\u0259 b\u0259z\u0259dilir. M\u00fcxt\u0259lif t\u0259\u015fkilatlar, t\u0259hsil m\u00fc\u0259ssis\u0259l\u0259ri v\u0259 d\u00f6vl\u0259t idar\u0259l\u0259ri m\u00fcst\u0259qillik g\u00fcn\u00fcn\u0259 yax\u0131nla\u015fan g\u00fcnl\u0259rd\u0259 seminarlar, idman yar\u0131\u015flar\u0131, sosial v\u0259 m\u0259d\u0259ni t\u0259dbirl\u0259r t\u0259\u015fkil edir. K\u0259ra\u00e7id\u0259 bayram \u00fc\u00e7\u00fcn kampaniyalar Mazar-e-Kaydda haz\u0131rl\u0131q v\u0259 t\u0259mizl\u0259m\u0259 i\u015fl\u0259rin\u0259 ba\u015flay\u0131rlar. G\u00fcn \u00f6lk\u0259 \u00fczr\u0259 m\u0259scid v\u0259 dini yerl\u0259rd\u0259 Pakistan\u0131n b\u00fct\u00f6vl\u00fcy\u00fc, h\u0259mr\u0259ylik v\u0259 inki\u015faf\u0131 \u00fc\u00e7\u00fcn x\u00fcsusi xeyir-dua il\u0259 ba\u015flay\u0131r. R\u0259smi bayram t\u0259dbirl\u0259ri \u0130slamabadda t\u0259\u015fkil olunur v\u0259 paytaxtda 31 yayl\u0131m at\u0259\u015find\u0259n, \u0259yal\u0259t paytaxtlar\u0131nda is\u0259 21 yayl\u0131m at\u0259\u015find\u0259n sonra Parlament evind\u0259 v\u0259 Prezident iqam\u0259tgah\u0131nda d\u00f6vl\u0259t bayra\u011f\u0131n\u0131n qald\u0131r\u0131lmas\u0131ndan ba\u015flay\u0131r. Pakistan\u0131n prezidenti v\u0259 Ba\u015f Naziri canl\u0131 televiziya verili\u015fl\u0259rind\u0259 \u00e7\u0131x\u0131\u015f edir. H\u00f6kum\u0259t r\u0259smil\u0259ri v\u0259 dig\u0259r siyasi liderl\u0259r Pakistan\u0131n nailiyy\u0259tl\u0259rini vur\u011fulayaraq, m\u00fcxt\u0259lif aksiyalar v\u0259 t\u0259dbirl\u0259r zaman\u0131 nitql\u0259ri il\u0259 \u00e7\u0131x\u0131\u015f edir, g\u0259l\u0259c\u0259k \u00fc\u00e7\u00fcn m\u0259qs\u0259dl\u0259ri m\u00fc\u0259yy\u0259nl\u0259\u015fdirir v\u0259 milli q\u0259hr\u0259manlar\u0131n m\u00fcbariz\u0259sini v\u0259 s\u0259yl\u0259rini y\u00fcks\u0259k qiym\u0259tl\u0259ndirirl\u0259r. Milli bayraqlar K\u0259ra\u00e7id\u0259 Cinnah m\u0259qb\u0259r\u0259sin\u0259 aparan \u015eara-e-Feysal, \u015eara-e-Quaiden v\u0259 Mazar-e-Kayd yolu boyu n\u00fcmayi\u015f etdirilir. Lahorda 1940-c\u0131 ild\u0259 Pakistan q\u0259tnam\u0259sinin q\u0259bul edildiyi yerd\u0259 yerl\u0259\u015f\u0259n Minar-e-Pakistan Pakistan\u0131n yarad\u0131lmas\u0131nda onun \u0259h\u0259miyy\u0259tini g\u00f6st\u0259rm\u0259k \u00fc\u00e7\u00fcn m\u00fcst\u0259qillik g\u00fcn\u00fc \u0259r\u0259f\u0259sind\u0259 tam i\u015f\u0131qland\u0131r\u0131l\u0131r.<\/p>\n<p>M\u00fcst\u0259qillik g\u00fcn\u00fc paradlar v\u0259 dig\u0259r t\u0259dbirl\u0259rd\u0259 i\u015ftirak ed\u0259n v\u0259t\u0259nda\u015flar ad\u0259t\u0259n, Pakistan\u0131n r\u0259smi r\u0259ngl\u0259ri olan ya\u015f\u0131l v\u0259 a\u011f r\u0259ngl\u0259rd\u0259 paltarlar geyinirl\u0259r.[Parlament evi, Ali m\u0259hk\u0259m\u0259 v\u0259 Prezident evi , o c\u00fcml\u0259d\u0259n m\u00fcxt\u0259lif h\u00f6kum\u0259t binalar\u0131 parlaq r\u0259ngl\u0259rl\u0259 i\u015f\u0131qland\u0131r\u0131l\u0131r v\u0259 b\u0259z\u0259dilir.[33] K\u00fc\u00e7\u0259 v\u0259 evl\u0259r \u015famlar, neft lampalar\u0131 v\u0259 v\u0131mpell\u0259rl\u0259 b\u0259z\u0259dilir v\u0259 bayram\u0131n bir hiss\u0259si kimi at\u0259\u015ff\u0259\u015fanl\u0131q t\u0259\u015fkil olunur. Bayra\u011f\u0131n qald\u0131r\u0131lmas\u0131 il\u0259 yana\u015f\u0131, milli himn m\u00fcst\u0259qillik g\u00fcn\u00fcnd\u0259 m\u00fcxt\u0259lif d\u00f6vl\u0259t yerl\u0259ri, m\u0259kt\u0259bl\u0259r, ya\u015fay\u0131\u015f evl\u0259ri v\u0259 q\u0259bir\u00fcst\u00fc abid\u0259l\u0259rd\u0259 ifa olunur. Pakistan Ordusunun \u015f\u0259hidl\u0259rin\u0259 v\u0259 Pakistan\u0131n \u0259n y\u00fcks\u0259k h\u0259rbi m\u00fckafat\u0131 olan Ni\u015fan-e-Hayder m\u00fckafat\u0131 il\u0259 t\u0259ltif olunmu\u015flara, siyasi xadiml\u0259r\u0259, tan\u0131nm\u0131\u015f inc\u0259s\u0259n\u0259t xadiml\u0259rin\u0259 v\u0259 aliml\u0259r\u0259, 1947-ci ild\u0259 Pakistan\u0131n m\u00fcst\u0259qilliyi d\u00f6vr\u00fcnd\u0259 miqrasiya v\u0259 k\u00fctl\u0259vi i\u011fti\u015fa\u015flarda h\u0259lak olmu\u015f insanlara ehtiram g\u00f6st\u0259rilir.<\/p>\n<p>Milli q\u0259bir\u00fcst\u00fc abid\u0259l\u0259rd\u0259 qvardiyan\u0131n d\u0259yi\u015fdirilm\u0259si h\u0259yata ke\u00e7irilir. \u00d6lk\u0259 \u015f\u0259h\u0259rl\u0259rind\u0259 bayraq qald\u0131rma m\u0259rasimi m\u00fcvafiq se\u00e7ki dair\u0259sin\u0259 \u00fczv olan nazim (b\u0259l\u0259diyy\u0259 r\u0259isi) t\u0259r\u0259find\u0259n h\u0259yata ke\u00e7irilir. M\u00fcxt\u0259lif \u00f6z\u0259l t\u0259\u015fkilatlarda m\u0259rasimi t\u0259\u015fkilat\u0131n y\u00fcks\u0259k r\u00fctb\u0259li zabiti t\u0259r\u0259find\u0259n apar\u0131l\u0131r. Pakistan diasporu da d\u00fcnyan\u0131n h\u0259r yerind\u0259 m\u00fcxt\u0259lif \u00f6lk\u0259l\u0259rd\u0259, x\u00fcsusil\u0259 d\u0259 b\u00f6y\u00fck Pakistan icmalar\u0131n oldu\u011fu \u00f6lk\u0259l\u0259rd\u0259 m\u00fcst\u0259qillik g\u00fcn\u00fcn\u00fc qeyd edir.<\/p>\n<p><em><strong>V\u00fcsal H\u00dcMB\u018fTZAD\u018f\u00a0<\/strong><\/em><\/p>\n<p>Pakistan\u0131n Az\u0259rbaycandak\u0131 f\u00f6vq\u0259lad\u0259 v\u0259 s\u0259lahiyy\u0259tli s\u0259firinin k\u00f6m\u0259k\u00e7isi<\/p>\n","protected":false},"excerpt":{"rendered":"<p>14 avqust &#8211; Dost v\u0259 qarda\u015f Pakistan\u0131n M\u00fcst\u0259qillik G\u00fcn\u00fcd\u00fcr\u00a0 Pakistanda h\u0259r il avqustun 14-d\u0259 M\u00fcst\u0259qillik G\u00fcn\u00fc qeyd olunur. &#8220;\u0130NFONEWS&#8221; Pakistan geosiyas\u0131 v\u0259 strateji bax\u0131mdan Az\u0259rbaycana yax\u0131n olan \u00f6lk\u0259l\u0259rd\u0259n biridir. \u00d6lk\u0259miz&hellip; <\/p>\n","protected":false},"author":14,"featured_media":45343,"comment_status":"open","ping_status":"open","sticky":false,"template":"","format":"standard","meta":{"_mi_skip_tracking":false,"_monsterinsights_sitenote_active":false,"_monsterinsights_sitenote_note":"","_monsterinsights_sitenote_category":0,"footnotes":""},"categories":[5373,4,11],"tags":[14010,15,14011],"aioseo_notices":[],"_links":{"self":[{"href":"https:\/\/infonews.az\/index.php?rest_route=\/wp\/v2\/posts\/45342"}],"collection":[{"href":"https:\/\/infonews.az\/index.php?rest_route=\/wp\/v2\/posts"}],"about":[{"href":"https:\/\/infonews.az\/index.php?rest_route=\/wp\/v2\/types\/post"}],"author":[{"embeddable":true,"href":"https:\/\/infonews.az\/index.php?rest_route=\/wp\/v2\/users\/14"}],"replies":[{"embeddable":true,"href":"https:\/\/infonews.az\/index.php?rest_route=%2Fwp%2Fv2%2Fcomments&post=45342"}],"version-history":[{"count":1,"href":"https:\/\/infonews.az\/index.php?rest_route=\/wp\/v2\/posts\/45342\/revisions"}],"predecessor-version":[{"id":45344,"href":"https:\/\/infonews.az\/index.php?rest_route=\/wp\/v2\/posts\/45342\/revisions\/45344"}],"wp:featuredmedia":[{"embeddable":true,"href":"https:\/\/infonews.az\/index.php?rest_route=\/wp\/v2\/media\/45343"}],"wp:attachment":[{"href":"https:\/\/infonews.az\/index.php?rest_route=%2Fwp%2Fv2%2Fmedia&parent=45342"}],"wp:term":[{"taxonomy":"category","embeddable":true,"href":"https:\/\/infonews.az\/index.php?rest_route=%2Fwp%2Fv2%2Fcategories&post=45342"},{"taxonomy":"post_tag","embeddable":true,"href":"https:\/\/infonews.az\/index.php?rest_route=%2Fwp%2Fv2%2Ftags&post=45342"}],"curies":[{"name":"wp","href":"https:\/\/api.w.org\/{rel}","templated":true}]}}