{"id":45348,"date":"2024-08-14T20:27:14","date_gmt":"2024-08-14T16:27:14","guid":{"rendered":"https:\/\/infonews.az\/?p=45348"},"modified":"2024-08-14T20:27:14","modified_gmt":"2024-08-14T16:27:14","slug":"lacina-m%c9%99ftun-olmamaq-mumkun-deyil-sandi-salem-el-nenay","status":"publish","type":"post","link":"https:\/\/infonews.az\/?p=45348","title":{"rendered":"&#8220;La\u00e7\u0131na m\u0259ftun olmamaq m\u00fcmk\u00fcn deyil&#8221; &#8211; Sandi Salem \u018fl-Nenay"},"content":{"rendered":"<p><span style=\"color: #ffffff;\">&#8220;La\u00e7\u0131na m\u0259ftun olmamaq m\u00fcmk\u00fcn deyil&#8221; &#8211; Sandi Salem \u018fl-Nenay<\/span><\/p>\n<blockquote><p>&#8220;La\u00e7\u0131na m\u0259ftun olmamaq m\u00fcmk\u00fcn deyil&#8221;<\/p><\/blockquote>\n<p><a href=\"https:\/\/infonews.az\/?p=45348\"><span style=\"color: #000080;\"><strong>\u200b\u200b\u200b&#8221;\u0130NFONEWS&#8221;<\/strong><\/span><\/a> x\u0259b\u0259r verir ki, bunu \u200b\u200b\u200b\u200bDiasporla \u0130\u015f \u00fczr\u0259 D\u00f6vl\u0259t Komit\u0259si v\u0259 Heyd\u0259r \u018fliyev Fondunun birg\u0259 t\u0259\u015fkilat\u00e7\u0131l\u0131\u011f\u0131 il\u0259 \u201cG\u0259ncl\u0259r Ya\u015f\u0131l D\u00fcnya Namin\u0259\u201d Diaspor G\u0259ncl\u0259rinin V Yay D\u00fc\u015f\u0259rg\u0259sinin i\u015ftirak\u00e7\u0131s\u0131 Misird\u0259n g\u0259l\u0259n az\u0259rbaycanl\u0131 soyda\u015f\u0131m\u0131z \u0130CESCO- nun G\u0259nc S\u00fclh s\u0259firi Sandi Salem \u018fl- Nenay s\u00f6yl\u0259yib.<\/p>\n<p><img loading=\"lazy\" decoding=\"async\" class=\"aligncenter size-full wp-image-45355\" src=\"https:\/\/infonews.az\/wp-content\/uploads\/2024\/08\/1723583287_889efbd1-ca8c-4f8e-8ad9-bb4ae56f64e3.jpeg\" alt=\"\" width=\"800\" height=\"600\" srcset=\"https:\/\/infonews.az\/wp-content\/uploads\/2024\/08\/1723583287_889efbd1-ca8c-4f8e-8ad9-bb4ae56f64e3.jpeg 800w, https:\/\/infonews.az\/wp-content\/uploads\/2024\/08\/1723583287_889efbd1-ca8c-4f8e-8ad9-bb4ae56f64e3-300x225.jpeg 300w, https:\/\/infonews.az\/wp-content\/uploads\/2024\/08\/1723583287_889efbd1-ca8c-4f8e-8ad9-bb4ae56f64e3-768x576.jpeg 768w\" sizes=\"(max-width: 800px) 100vw, 800px\" \/><\/p>\n<p>Qeyd ed\u0259k ki, Diasporla \u0130\u015f \u00fczr\u0259 D\u00f6vl\u0259t Komit\u0259si v\u0259 Heyd\u0259r \u018fliyev Fondunun birg\u0259 t\u0259\u015fkilat\u00e7\u0131l\u0131\u011f\u0131 il\u0259 \u201cG\u0259ncl\u0259r Ya\u015f\u0131l D\u00fcnya Namin\u0259\u201d Diaspor G\u0259ncl\u0259rinin V Yay D\u00fc\u015f\u0259rg\u0259si 2024-c\u00fc ilin 1-7 avqust tarixind\u0259 La\u00e7\u0131nda ke\u00e7irilib. D\u00fc\u015f\u0259rg\u0259d\u0259 d\u00fcnyan\u0131n 60 \u00f6lk\u0259sind\u0259n g\u0259l\u0259n 115 g\u0259nc, o c\u00fcml\u0259d\u0259n, az\u0259rbaycanl\u0131lar v\u0259 \u00f6lk\u0259miz\u0259 dost m\u00fcnasib\u0259t b\u0259sl\u0259y\u0259n dig\u0259r xalqlar\u0131n n\u00fcmay\u0259nd\u0259l\u0259ri i\u015ftirak edib.<\/p>\n<p><img loading=\"lazy\" decoding=\"async\" class=\"aligncenter size-full wp-image-45356\" src=\"https:\/\/infonews.az\/wp-content\/uploads\/2024\/08\/1723583256_f1d71014-1c95-447f-9f6f-b7100c3e4b98.jpeg\" alt=\"\" width=\"800\" height=\"600\" srcset=\"https:\/\/infonews.az\/wp-content\/uploads\/2024\/08\/1723583256_f1d71014-1c95-447f-9f6f-b7100c3e4b98.jpeg 800w, https:\/\/infonews.az\/wp-content\/uploads\/2024\/08\/1723583256_f1d71014-1c95-447f-9f6f-b7100c3e4b98-300x225.jpeg 300w, https:\/\/infonews.az\/wp-content\/uploads\/2024\/08\/1723583256_f1d71014-1c95-447f-9f6f-b7100c3e4b98-768x576.jpeg 768w\" sizes=\"(max-width: 800px) 100vw, 800px\" \/><\/p>\n<p>\u0130CESCO- nun G\u0259nc S\u00fclh s\u0259firi Sandi Salem La\u00e7\u0131n\u0131n t\u0259bi\u0259tinin valehedici oldu\u011funu, h\u0259r d\u0259f\u0259sind\u0259 bir daha Az\u0259rbaycan\u0131m\u0131z\u0131n \u0259srar\u0259ngizliyi, qonaqp\u0259rv\u0259rliyi, z\u0259ngin m\u0259d\u0259ni tarixi il\u0259 q\u00fcrur duydu\u011funu bildirib. O, d\u00fc\u015f\u0259rg\u0259 i\u015ftirak\u00e7\u0131lar\u0131n\u0131n bir h\u0259ft\u0259 \u0259rzind\u0259 La\u00e7\u0131n\u0131n, el\u0259c\u0259 d\u0259 Qaraba\u011f\u0131n tarixi, m\u0259d\u0259ni abid\u0259l\u0259ri il\u0259 tan\u0131\u015f olduqlar\u0131n\u0131, \u015f\u0259hid ail\u0259l\u0259ri \u00fczvl\u0259ri v\u0259 q\u0259hr\u0259man qazil\u0259rimiz, h\u0259m\u00e7inin m\u00fcxt\u0259lif sah\u0259l\u0259r \u00fczr\u0259 ekspertl\u0259r il\u0259 g\u00f6r\u00fc\u015fl\u0259rin, maraql\u0131 panel m\u00fczakir\u0259l\u0259ri v\u0259 seminarlar\u0131n ba\u015f tutdu\u011funu, \u0259yl\u0259nc\u0259li v\u0259 intellektual oyunlar\u0131n ke\u00e7irildiyini vur\u011fulan\u0131b.<\/p>\n<p>Sandi d\u00fc\u015f\u0259rg\u0259nin onun, el\u0259c\u0259 d\u0259 b\u00fct\u00fcn i\u015ftirak\u00e7\u0131lar\u0131n h\u0259yat\u0131nda unudulmaz g\u00f6z\u0259l xatir\u0259l\u0259rl\u0259 uzun m\u00fcdd\u0259t qalaca\u011f\u0131n\u0131 s\u00f6yl\u0259yib.<\/p>\n<p><img loading=\"lazy\" decoding=\"async\" class=\"aligncenter size-full wp-image-45351\" src=\"https:\/\/infonews.az\/wp-content\/uploads\/2024\/08\/DL3-scaled.jpg\" alt=\"\" width=\"1440\" height=\"2560\" srcset=\"https:\/\/infonews.az\/wp-content\/uploads\/2024\/08\/DL3-scaled.jpg 1440w, https:\/\/infonews.az\/wp-content\/uploads\/2024\/08\/DL3-169x300.jpg 169w, https:\/\/infonews.az\/wp-content\/uploads\/2024\/08\/DL3-576x1024.jpg 576w, https:\/\/infonews.az\/wp-content\/uploads\/2024\/08\/DL3-768x1365.jpg 768w, https:\/\/infonews.az\/wp-content\/uploads\/2024\/08\/DL3-864x1536.jpg 864w, https:\/\/infonews.az\/wp-content\/uploads\/2024\/08\/DL3-1152x2048.jpg 1152w\" sizes=\"(max-width: 1440px) 100vw, 1440px\" \/><\/p>\n<p>Xat\u0131rladaq ki, Diasporla \u0130\u015f \u00fczr\u0259 D\u00f6vl\u0259t Komit\u0259si v\u0259 Heyd\u0259r \u018fliyev Fondunun birg\u0259 t\u0259\u015fkilat\u00e7\u0131l\u0131\u011f\u0131 il\u0259 bu g\u00fcn\u0259 kimi Diaspor g\u0259ncl\u0259rinin \u015e\u0259ki, \u015eamax\u0131, \u015eu\u015fa v\u0259 Nax\u00e7\u0131van \u015f\u0259h\u0259rl\u0259rind\u0259 4 yay d\u00fc\u015f\u0259rg\u0259si t\u0259\u015fkil olunub. D\u00fcnyan\u0131n 50-d\u0259n \u00e7ox \u00f6lk\u0259sind\u0259 ya\u015fayan y\u00fczl\u0259rl\u0259 g\u0259nc h\u0259min d\u00fc\u015f\u0259rg\u0259l\u0259rd\u0259 i\u015ftirak edib. Yay D\u00fc\u015f\u0259rg\u0259l\u0259ri xaricd\u0259ki g\u0259nc az\u0259rbaycanl\u0131lar\u0131n \u00f6lk\u0259mizl\u0259 \u0259laq\u0259l\u0259rinin daha da m\u00f6hk\u0259ml\u0259ndirilm\u0259si, Az\u0259rbaycan\u0131 u\u011furla t\u0259msil etm\u0259k bacar\u0131qlar\u0131n\u0131n inki\u015faf etdirilm\u0259si, \u015f\u0259b\u0259k\u0259l\u0259\u015fm\u0259l\u0259ri, yeni dostlar qazanmalar\u0131 \u00fc\u00e7\u00fcn g\u00f6z\u0259l f\u00fcrs\u0259tdir.<\/p>\n<p><img loading=\"lazy\" decoding=\"async\" class=\"aligncenter size-full wp-image-45357\" src=\"https:\/\/infonews.az\/wp-content\/uploads\/2024\/08\/1723583320_4aff7faf-5847-4169-bc32-94acbd114417.jpeg\" alt=\"\" width=\"458\" height=\"459\" srcset=\"https:\/\/infonews.az\/wp-content\/uploads\/2024\/08\/1723583320_4aff7faf-5847-4169-bc32-94acbd114417.jpeg 458w, https:\/\/infonews.az\/wp-content\/uploads\/2024\/08\/1723583320_4aff7faf-5847-4169-bc32-94acbd114417-300x300.jpeg 300w, https:\/\/infonews.az\/wp-content\/uploads\/2024\/08\/1723583320_4aff7faf-5847-4169-bc32-94acbd114417-150x150.jpeg 150w\" sizes=\"(max-width: 458px) 100vw, 458px\" \/><\/p>\n<p><img loading=\"lazy\" decoding=\"async\" class=\"aligncenter size-full wp-image-45350\" src=\"https:\/\/infonews.az\/wp-content\/uploads\/2024\/08\/DL1.jpg\" alt=\"\" width=\"1200\" height=\"1600\" srcset=\"https:\/\/infonews.az\/wp-content\/uploads\/2024\/08\/DL1.jpg 1200w, https:\/\/infonews.az\/wp-content\/uploads\/2024\/08\/DL1-225x300.jpg 225w, https:\/\/infonews.az\/wp-content\/uploads\/2024\/08\/DL1-768x1024.jpg 768w, https:\/\/infonews.az\/wp-content\/uploads\/2024\/08\/DL1-1152x1536.jpg 1152w\" sizes=\"(max-width: 1200px) 100vw, 1200px\" \/><\/p>\n<div class=\"article-gallery\">\n<div class=\"swiper-container gallery-swiper swiper-container-initialized swiper-container-horizontal swiper-container-autoheight\">\n<div class=\"swiper-wrapper\">\n<div class=\"swiper-slide gallery-slide swiper-slide-active\" data-fancybox=\"3929905\" data-src=\"https:\/\/cdn.trend.az\/2024\/08\/02\/trend_dusherge_16.jpg\"><img loading=\"lazy\" decoding=\"async\" class=\"aligncenter size-full wp-image-45352\" src=\"https:\/\/infonews.az\/wp-content\/uploads\/2024\/08\/DL2-scaled.jpg\" alt=\"\" width=\"1440\" height=\"2560\" srcset=\"https:\/\/infonews.az\/wp-content\/uploads\/2024\/08\/DL2-scaled.jpg 1440w, https:\/\/infonews.az\/wp-content\/uploads\/2024\/08\/DL2-169x300.jpg 169w, https:\/\/infonews.az\/wp-content\/uploads\/2024\/08\/DL2-576x1024.jpg 576w, https:\/\/infonews.az\/wp-content\/uploads\/2024\/08\/DL2-768x1365.jpg 768w, https:\/\/infonews.az\/wp-content\/uploads\/2024\/08\/DL2-864x1536.jpg 864w, https:\/\/infonews.az\/wp-content\/uploads\/2024\/08\/DL2-1152x2048.jpg 1152w\" sizes=\"(max-width: 1440px) 100vw, 1440px\" \/><\/div>\n<\/div>\n<\/div>\n<\/div>\n","protected":false},"excerpt":{"rendered":"<p>&#8220;La\u00e7\u0131na m\u0259ftun olmamaq m\u00fcmk\u00fcn deyil&#8221; &#8211; Sandi Salem \u018fl-Nenay &#8220;La\u00e7\u0131na m\u0259ftun olmamaq m\u00fcmk\u00fcn deyil&#8221; \u200b\u200b\u200b&#8221;\u0130NFONEWS&#8221; x\u0259b\u0259r verir ki, bunu \u200b\u200b\u200b\u200bDiasporla \u0130\u015f \u00fczr\u0259 D\u00f6vl\u0259t Komit\u0259si v\u0259 Heyd\u0259r \u018fliyev Fondunun birg\u0259 t\u0259\u015fkilat\u00e7\u0131l\u0131\u011f\u0131&hellip; <\/p>\n","protected":false},"author":14,"featured_media":45349,"comment_status":"open","ping_status":"open","sticky":false,"template":"","format":"standard","meta":{"_mi_skip_tracking":false,"_monsterinsights_sitenote_active":false,"_monsterinsights_sitenote_note":"","_monsterinsights_sitenote_category":0,"footnotes":""},"categories":[5373,4,11],"tags":[14012,15,13853],"aioseo_notices":[],"_links":{"self":[{"href":"https:\/\/infonews.az\/index.php?rest_route=\/wp\/v2\/posts\/45348"}],"collection":[{"href":"https:\/\/infonews.az\/index.php?rest_route=\/wp\/v2\/posts"}],"about":[{"href":"https:\/\/infonews.az\/index.php?rest_route=\/wp\/v2\/types\/post"}],"author":[{"embeddable":true,"href":"https:\/\/infonews.az\/index.php?rest_route=\/wp\/v2\/users\/14"}],"replies":[{"embeddable":true,"href":"https:\/\/infonews.az\/index.php?rest_route=%2Fwp%2Fv2%2Fcomments&post=45348"}],"version-history":[{"count":1,"href":"https:\/\/infonews.az\/index.php?rest_route=\/wp\/v2\/posts\/45348\/revisions"}],"predecessor-version":[{"id":45358,"href":"https:\/\/infonews.az\/index.php?rest_route=\/wp\/v2\/posts\/45348\/revisions\/45358"}],"wp:featuredmedia":[{"embeddable":true,"href":"https:\/\/infonews.az\/index.php?rest_route=\/wp\/v2\/media\/45349"}],"wp:attachment":[{"href":"https:\/\/infonews.az\/index.php?rest_route=%2Fwp%2Fv2%2Fmedia&parent=45348"}],"wp:term":[{"taxonomy":"category","embeddable":true,"href":"https:\/\/infonews.az\/index.php?rest_route=%2Fwp%2Fv2%2Fcategories&post=45348"},{"taxonomy":"post_tag","embeddable":true,"href":"https:\/\/infonews.az\/index.php?rest_route=%2Fwp%2Fv2%2Ftags&post=45348"}],"curies":[{"name":"wp","href":"https:\/\/api.w.org\/{rel}","templated":true}]}}