{"id":45393,"date":"2024-08-27T09:08:28","date_gmt":"2024-08-27T05:08:28","guid":{"rendered":"https:\/\/infonews.az\/?p=45393"},"modified":"2024-08-27T09:08:28","modified_gmt":"2024-08-27T05:08:28","slug":"g%c9%99nc-t%c9%99dqiqatci-t%c9%99dqiqat-t%c9%99limi-adli-layih%c9%99nin-icrasina-start-verilib","status":"publish","type":"post","link":"https:\/\/infonews.az\/?p=45393","title":{"rendered":"&#8220;G\u0259nc T\u0259dqiqat\u00e7\u0131&#8221; t\u0259dqiqat t\u0259limi adl\u0131 layih\u0259nin icras\u0131na START verilib"},"content":{"rendered":"<p><span style=\"color: #ffffff;\">&#8220;G\u0259nc T\u0259dqiqat\u00e7\u0131&#8221; t\u0259dqiqat t\u0259limi adl\u0131 layih\u0259nin icras\u0131na START verilib<\/span><\/p>\n<blockquote><p>Az\u0259rbaycan Respublikas\u0131 G\u0259ncl\u0259r Fondunun g\u0259nc n\u0259slin fiziki, intelektual v\u0259 m\u0259n\u0259vi inki\u015faf\u0131n\u0131n t\u0259min edilm\u0259si, v\u0259t\u0259np\u0259rv\u0259rlik ruhunda t\u0259rbiy\u0259 olunmas\u0131, ictimai f\u0259all\u0131\u011f\u0131n\u0131n art\u0131r\u0131lmas\u0131, el\u0259c\u0259 d\u0259 innovativ ideyalar\u0131n\u0131n v\u0259 yarad\u0131c\u0131 t\u0259\u015f\u0259bb\u00fcsl\u0259rinin d\u0259st\u0259kl\u0259nm\u0259si m\u0259qs\u0259dil\u0259 23 noyabr 2023 \u2013 10 yanvar 2024-c\u00fc il tarixl\u0259rind\u0259 ke\u00e7irilmi\u015f &#8220;\u0130deyan\u0131 Realla\u015fd\u0131r &#8211; 2023&#8221; g\u0259ncl\u0259rin f\u0259rdi layih\u0259l\u0259ri \u00fczr\u0259 qrant m\u00fcsabiq\u0259si \u00e7\u0259r\u00e7iv\u0259sind\u0259 &#8220;G\u0259nc T\u0259dqiqat\u00e7\u0131&#8221; t\u0259dqiqat t\u0259limi adl\u0131 layih\u0259nin icras\u0131na start verilmi\u015fdir.<\/p><\/blockquote>\n<p><a href=\"https:\/\/infonews.az\/?p=45393\"><span style=\"color: #000080;\"><strong>&#8220;\u0130NFONEWS&#8221;<\/strong><\/span><\/a> x\u0259b\u0259r verir ki, Az\u0259rbaycan Respublikas\u0131 G\u0259ncl\u0259r Fondunun maliyy\u0259 d\u0259st\u0259yi il\u0259 realla\u015fd\u0131r\u0131lan, Az\u0259rbaycan D\u00f6vl\u0259t \u0130qtisad Universiteti (UNEC) T\u0259l\u0259b\u0259 H\u0259mkarlar \u0130ttifaq\u0131 Komit\u0259sinin (TH\u0130K) \u0259sas t\u0259r\u0259fda\u015fl\u0131\u011f\u0131, Azrbaycan D\u00f6vl\u0259t \u0130qtisad Uniersiteti (UNEC) T\u0259l\u0259b\u0259 Elmi C\u0259miyy\u0259tinin (TEC) t\u0259r\u0259fda\u015fl\u0131\u011f\u0131 il\u0259 h\u0259yata ke\u00e7iril\u0259c\u0259k layih\u0259nin r\u0259hb\u0259ri UNEC T\u00fcrk D\u00fcnyas\u0131 \u0130ktisad fak\u00fclt\u0259sinin IV kurs t\u0259l\u0259b\u0259si H\u0259s\u0259nov \u018fli El\u015fad o\u011flu layih\u0259 bar\u0259d\u0259 geni\u015f m\u0259lumat verib.<\/p>\n<p>O qeyd edib ki, bu g\u00fcn \u00f6lk\u0259mizd\u0259 Suni \u0130ntellekt termini aktuald\u0131r. Suni intellekt , onun al\u0259tl\u0259ri v\u0259 bu f\u0259sild\u0259n olan b\u00fct\u00fcn sah\u0259l\u0259rin inki\u015faf\u0131 qlobal s\u0259viyy\u0259d\u0259 vacib v\u0259 \u0259h\u0259miyy\u0259tlidir. S\u00fcni intellektin \u00f6yr\u0259dilm\u0259si elmi m\u0259qal\u0259 yazark\u0259n t\u0259dqiqat prosesini s\u00fcr\u0259tl\u0259ndirir v\u0259 daha d\u0259qiq m\u0259lumatlar\u0131n toplanmas\u0131n\u0131 t\u0259min edir. O, m\u0259tnl\u0259rin avtomatik t\u0259hlili, m\u0259lumatlar\u0131n t\u0259rc\u00fcm\u0259si v\u0259 kompleks hesabatlar\u0131n haz\u0131rlanmas\u0131nda k\u00f6m\u0259k edir. S\u00fcni intellekt vasit\u0259sil\u0259 m\u0259qal\u0259 yazmaq \u00fc\u00e7\u00fcn t\u0259l\u0259b olunan m\u0259lumatlar daha tez v\u0259 effektiv \u015f\u0259kild\u0259 \u0259ld\u0259 edilir. Bununla yana\u015f\u0131, m\u00f6vcud m\u0259lumat bazalar\u0131n\u0131 t\u0259hlil ed\u0259r\u0259k yeni t\u0259dqiqat istiqam\u0259tl\u0259ri a\u015fkar ed\u0259 bilir. N\u0259tic\u0259d\u0259, s\u00fcni intellekt elmi i\u015fl\u0259rin keyfiyy\u0259tini v\u0259 effektivliyini art\u0131r\u0131r. \u0130deyal\u0131 g\u0259ncl\u0259rin bu sah\u0259d\u0259 maarifl\u0259nm\u0259si v\u0259 \u00f6z t\u00f6hv\u0259l\u0259rini verm\u0259si \u00fc\u00e7\u00fcn m\u00fct\u0259madi olaraq infosessiyalar, seminarlar v\u0259t\u0259dbirl\u0259r h\u0259yata ke\u00e7irilm\u0259lidir.<\/p>\n<p>Onun s\u00f6zl\u0259rin\u0259 g\u00f6r\u0259, g\u0259ncl\u0259rin bu sah\u0259d\u0259 m\u0259lumat sahibi olma\u011f\u0131 vacib olsa da, daha \u00f6n\u0259mli faktor \u0259ld\u0259 edilmi\u015f bilikl\u0259rin istifad\u0259sidir. Bu s\u0259b\u0259bd\u0259n, layih\u0259 i\u015ftirak\u00e7\u0131lar\u0131na m\u0259qal\u0259 yazma\u011f\u0131n \u0259saslar\u0131 da \u00f6yr\u0259dil\u0259c\u0259kdir. Bel\u0259likl\u0259, t\u0259limin sonunda i\u015ftirak\u00e7\u0131lar \u0259ld\u0259 etdiyi fundamental bilikl\u0259rd\u0259n istifad\u0259 ed\u0259r\u0259k c\u0259miyy\u0259t \u00fc\u00e7\u00fcn \u0259lav\u0259 d\u0259y\u0259r yarada bil\u0259c\u0259kdir.<\/p>\n<p>Layih\u0259 r\u0259hb\u0259ri bildirir ki, \u00fcmumilikd\u0259 40 n\u0259f\u0259r se\u00e7ilmi\u015f t\u0259l\u0259b\u0259nin i\u015ftirak\u0131 planla\u015fd\u0131r\u0131l\u0131b v\u0259 i\u015ftirak\u00e7\u0131lara h\u0259r iki t\u0259lim \u00fczr\u0259 sertifikatlar\u0131n t\u0259qdim olunmas\u0131 n\u0259z\u0259rd\u0259 tutulub.<\/p>\n<p>Sonda qeyd olunub ki,&#8221;G\u0259nc T\u0259dqiqat\u00e7\u0131&#8221; t\u0259dqiqat t\u0259limi 27-28 avqust tarixl\u0259ri aral\u0131\u011f\u0131nda Az\u0259rbaycan D\u00f6vl\u0259t \u0130qtisad Universitetind\u0259 ke\u00e7iril\u0259c\u0259kdir.<\/p>\n<p><img loading=\"lazy\" decoding=\"async\" class=\"aligncenter size-full wp-image-45394\" src=\"https:\/\/infonews.az\/wp-content\/uploads\/2024\/08\/mq.jpg\" alt=\"\" width=\"1080\" height=\"1074\" srcset=\"https:\/\/infonews.az\/wp-content\/uploads\/2024\/08\/mq.jpg 1080w, https:\/\/infonews.az\/wp-content\/uploads\/2024\/08\/mq-300x298.jpg 300w, https:\/\/infonews.az\/wp-content\/uploads\/2024\/08\/mq-1024x1018.jpg 1024w, https:\/\/infonews.az\/wp-content\/uploads\/2024\/08\/mq-150x150.jpg 150w, https:\/\/infonews.az\/wp-content\/uploads\/2024\/08\/mq-768x764.jpg 768w\" sizes=\"(max-width: 1080px) 100vw, 1080px\" \/><\/p>\n","protected":false},"excerpt":{"rendered":"<p>&#8220;G\u0259nc T\u0259dqiqat\u00e7\u0131&#8221; t\u0259dqiqat t\u0259limi adl\u0131 layih\u0259nin icras\u0131na START verilib Az\u0259rbaycan Respublikas\u0131 G\u0259ncl\u0259r Fondunun g\u0259nc n\u0259slin fiziki, intelektual v\u0259 m\u0259n\u0259vi inki\u015faf\u0131n\u0131n t\u0259min edilm\u0259si, v\u0259t\u0259np\u0259rv\u0259rlik ruhunda t\u0259rbiy\u0259 olunmas\u0131, ictimai f\u0259all\u0131\u011f\u0131n\u0131n art\u0131r\u0131lmas\u0131, el\u0259c\u0259&hellip; <\/p>\n","protected":false},"author":14,"featured_media":45394,"comment_status":"open","ping_status":"open","sticky":false,"template":"","format":"standard","meta":{"_mi_skip_tracking":false,"_monsterinsights_sitenote_active":false,"_monsterinsights_sitenote_note":"","_monsterinsights_sitenote_category":0,"footnotes":""},"categories":[4,11,3],"tags":[14021,47,15],"aioseo_notices":[],"_links":{"self":[{"href":"https:\/\/infonews.az\/index.php?rest_route=\/wp\/v2\/posts\/45393"}],"collection":[{"href":"https:\/\/infonews.az\/index.php?rest_route=\/wp\/v2\/posts"}],"about":[{"href":"https:\/\/infonews.az\/index.php?rest_route=\/wp\/v2\/types\/post"}],"author":[{"embeddable":true,"href":"https:\/\/infonews.az\/index.php?rest_route=\/wp\/v2\/users\/14"}],"replies":[{"embeddable":true,"href":"https:\/\/infonews.az\/index.php?rest_route=%2Fwp%2Fv2%2Fcomments&post=45393"}],"version-history":[{"count":1,"href":"https:\/\/infonews.az\/index.php?rest_route=\/wp\/v2\/posts\/45393\/revisions"}],"predecessor-version":[{"id":45395,"href":"https:\/\/infonews.az\/index.php?rest_route=\/wp\/v2\/posts\/45393\/revisions\/45395"}],"wp:featuredmedia":[{"embeddable":true,"href":"https:\/\/infonews.az\/index.php?rest_route=\/wp\/v2\/media\/45394"}],"wp:attachment":[{"href":"https:\/\/infonews.az\/index.php?rest_route=%2Fwp%2Fv2%2Fmedia&parent=45393"}],"wp:term":[{"taxonomy":"category","embeddable":true,"href":"https:\/\/infonews.az\/index.php?rest_route=%2Fwp%2Fv2%2Fcategories&post=45393"},{"taxonomy":"post_tag","embeddable":true,"href":"https:\/\/infonews.az\/index.php?rest_route=%2Fwp%2Fv2%2Ftags&post=45393"}],"curies":[{"name":"wp","href":"https:\/\/api.w.org\/{rel}","templated":true}]}}