{"id":45481,"date":"2024-08-30T08:10:39","date_gmt":"2024-08-30T04:10:39","guid":{"rendered":"https:\/\/infonews.az\/?p=45481"},"modified":"2024-08-30T09:15:27","modified_gmt":"2024-08-30T05:15:27","slug":"mehriban-eliyeva-sabir-zeynalovu-tebrik-etdi","status":"publish","type":"post","link":"https:\/\/infonews.az\/?p=45481","title":{"rendered":"Mehriban \u018fliyeva Sabir Zeynalovu T\u018fBR\u0130K ETD\u0130"},"content":{"rendered":"<p><span style=\"color: #ffffff;\"><strong>Mehriban \u018fliyeva Sabir Zeynalovu\u00a0<span class=\"page_speed_468134830\">T\u018fBR\u0130K ETD\u0130<\/span><\/strong><\/span><\/p>\n<blockquote><p><strong>Birinci vitse-prezident Mehriban \u018fliyeva parataekvondo\u00e7u Sabir Zeynalovu Parisd\u0259 ke\u00e7iril\u0259n Paralimpiya Oyunlar\u0131nda b\u00fcr\u00fcnc medal qazanmas\u0131 m\u00fcnasib\u0259til\u0259 t\u0259brik edib.<\/strong><\/p><\/blockquote>\n<p><a href=\"https:\/\/infonews.az\/?p=45481\"><strong><span style=\"color: #000080;\">&#8220;\u0130NFONEWS&#8221;<\/span> <\/strong><\/a>x\u0259b\u0259r verir\u00a0ki,\u00a0Birinci vitse-prezident bununla ba\u011fl\u0131 r\u0259smi \u0130nstaqram s\u0259hif\u0259sind\u0259 post payla\u015f\u0131b.<\/p>\n<p>&#8220;Parataekvondo\u00e7u Sabir Zeynalov &#8220;Paris-2024&#8243; Yay Paralimpiya Oyunlar\u0131nda Az\u0259rbaycana ilk medal\u0131 qazand\u0131rd\u0131! B\u00fcr\u00fcnc m\u00fckafat\u00e7\u0131n\u0131 s\u0259mimi-q\u0259lbd\u0259n t\u0259brik edir, milli y\u0131\u011fmam\u0131z\u0131n b\u00fct\u00fcn \u00fczvl\u0259rin\u0259 g\u00fcc, enerji, yeni-yeni nailiyy\u0259tl\u0259r v\u0259 q\u0259l\u0259b\u0259l\u0259r arzulay\u0131ram!&#8221;, &#8211; payla\u015f\u0131mda deyilir.<\/p>\n<p><img loading=\"lazy\" decoding=\"async\" class=\"aligncenter size-full wp-image-45483\" src=\"https:\/\/infonews.az\/wp-content\/uploads\/2024\/08\/12jpg-1724960295.jpg\" alt=\"\" width=\"800\" height=\"556\" srcset=\"https:\/\/infonews.az\/wp-content\/uploads\/2024\/08\/12jpg-1724960295.jpg 800w, https:\/\/infonews.az\/wp-content\/uploads\/2024\/08\/12jpg-1724960295-300x209.jpg 300w, https:\/\/infonews.az\/wp-content\/uploads\/2024\/08\/12jpg-1724960295-768x534.jpg 768w\" sizes=\"(max-width: 800px) 100vw, 800px\" \/><\/p>\n","protected":false},"excerpt":{"rendered":"<p>Mehriban \u018fliyeva Sabir Zeynalovu\u00a0T\u018fBR\u0130K ETD\u0130 Birinci vitse-prezident Mehriban \u018fliyeva parataekvondo\u00e7u Sabir Zeynalovu Parisd\u0259 ke\u00e7iril\u0259n Paralimpiya Oyunlar\u0131nda b\u00fcr\u00fcnc medal qazanmas\u0131 m\u00fcnasib\u0259til\u0259 t\u0259brik edib. &#8220;\u0130NFONEWS&#8221; x\u0259b\u0259r verir\u00a0ki,\u00a0Birinci vitse-prezident bununla ba\u011fl\u0131 r\u0259smi \u0130nstaqram&hellip; <\/p>\n","protected":false},"author":14,"featured_media":45482,"comment_status":"open","ping_status":"open","sticky":false,"template":"","format":"standard","meta":{"_mi_skip_tracking":false,"_monsterinsights_sitenote_active":false,"_monsterinsights_sitenote_note":"","_monsterinsights_sitenote_category":0,"footnotes":""},"categories":[58,11],"tags":[962,15,14039,14024],"aioseo_notices":[],"_links":{"self":[{"href":"https:\/\/infonews.az\/index.php?rest_route=\/wp\/v2\/posts\/45481"}],"collection":[{"href":"https:\/\/infonews.az\/index.php?rest_route=\/wp\/v2\/posts"}],"about":[{"href":"https:\/\/infonews.az\/index.php?rest_route=\/wp\/v2\/types\/post"}],"author":[{"embeddable":true,"href":"https:\/\/infonews.az\/index.php?rest_route=\/wp\/v2\/users\/14"}],"replies":[{"embeddable":true,"href":"https:\/\/infonews.az\/index.php?rest_route=%2Fwp%2Fv2%2Fcomments&post=45481"}],"version-history":[{"count":1,"href":"https:\/\/infonews.az\/index.php?rest_route=\/wp\/v2\/posts\/45481\/revisions"}],"predecessor-version":[{"id":45484,"href":"https:\/\/infonews.az\/index.php?rest_route=\/wp\/v2\/posts\/45481\/revisions\/45484"}],"wp:featuredmedia":[{"embeddable":true,"href":"https:\/\/infonews.az\/index.php?rest_route=\/wp\/v2\/media\/45482"}],"wp:attachment":[{"href":"https:\/\/infonews.az\/index.php?rest_route=%2Fwp%2Fv2%2Fmedia&parent=45481"}],"wp:term":[{"taxonomy":"category","embeddable":true,"href":"https:\/\/infonews.az\/index.php?rest_route=%2Fwp%2Fv2%2Fcategories&post=45481"},{"taxonomy":"post_tag","embeddable":true,"href":"https:\/\/infonews.az\/index.php?rest_route=%2Fwp%2Fv2%2Ftags&post=45481"}],"curies":[{"name":"wp","href":"https:\/\/api.w.org\/{rel}","templated":true}]}}