{"id":45586,"date":"2024-09-04T15:01:27","date_gmt":"2024-09-04T11:01:27","guid":{"rendered":"https:\/\/infonews.az\/?p=45586"},"modified":"2024-09-04T15:01:27","modified_gmt":"2024-09-04T11:01:27","slug":"paytaxtin-bu-kuc%c9%99sind%c9%99-n%c9%99qliyyatin-h%c9%99r%c9%99k%c9%99ti-m%c9%99hdudlasdirilacaq","status":"publish","type":"post","link":"https:\/\/infonews.az\/?p=45586","title":{"rendered":"Paytaxt\u0131n bu k\u00fc\u00e7\u0259sind\u0259 n\u0259qliyyat\u0131n h\u0259r\u0259k\u0259ti m\u0259hdudla\u015fd\u0131r\u0131lacaq"},"content":{"rendered":"<p><span style=\"color: #ffffff;\">Paytaxt\u0131n bu k\u00fc\u00e7\u0259sind\u0259 n\u0259qliyyat\u0131n h\u0259r\u0259k\u0259ti m\u0259hdudla\u015fd\u0131r\u0131lacaq<\/span><\/p>\n<blockquote><p>Sentyabr\u0131n 5-i saat 06:00-dan etibar\u0259n Bak\u0131 \u015f\u0259h\u0259rinin Yasamal rayonu, H\u0259s\u0259n b\u0259y Z\u0259rdabi k\u00fc\u00e7\u0259sind\u0259 \u018fs\u0259d \u018fhm\u0259dov k\u00fc\u00e7\u0259sind\u0259n Heyd\u0259r H\u00fcseynov k\u00fc\u00e7\u0259sin\u0259 q\u0259d\u0259r olan hiss\u0259d\u0259 (\u201cQ\u0259l\u0259b\u0259 dair\u0259si\u201dnd\u0259n 20 Yanvar dair\u0259si istiqam\u0259tind\u0259) apar\u0131lacaq t\u0259mir i\u015fl\u0259ri il\u0259 \u0259laq\u0259dar avton\u0259qliyyat vasit\u0259l\u0259rinin h\u0259r\u0259k\u0259ti tam m\u0259hdudla\u015fd\u0131r\u0131lacaq.<\/p><\/blockquote>\n<p><a href=\"https:\/\/infonews.az\/?p=45586\"><span style=\"color: #000080;\"><strong>&#8220;\u0130NFONEWS&#8221;<\/strong><\/span><\/a> &#8211; un Az\u0259rbaycan Avtomobil Yollar\u0131 D\u00f6vl\u0259t Agentliyind\u0259n (AAYDA) \u0259ld\u0259 etdiyi m\u0259lumat\u0131nda bildirilib ki, s\u00fcr\u00fcc\u00fcl\u0259rd\u0259n apar\u0131lan i\u015fl\u0259r\u0259 anlay\u0131\u015fla yana\u015fmalar\u0131, h\u0259r\u0259k\u0259t istiqam\u0259tl\u0259rin\u0259 uy\u011fun alternativ yollardan istifad\u0259 etm\u0259l\u0259ri xahi\u015f olunur.<\/p>\n","protected":false},"excerpt":{"rendered":"<p>Paytaxt\u0131n bu k\u00fc\u00e7\u0259sind\u0259 n\u0259qliyyat\u0131n h\u0259r\u0259k\u0259ti m\u0259hdudla\u015fd\u0131r\u0131lacaq Sentyabr\u0131n 5-i saat 06:00-dan etibar\u0259n Bak\u0131 \u015f\u0259h\u0259rinin Yasamal rayonu, H\u0259s\u0259n b\u0259y Z\u0259rdabi k\u00fc\u00e7\u0259sind\u0259 \u018fs\u0259d \u018fhm\u0259dov k\u00fc\u00e7\u0259sind\u0259n Heyd\u0259r H\u00fcseynov k\u00fc\u00e7\u0259sin\u0259 q\u0259d\u0259r olan hiss\u0259d\u0259 (\u201cQ\u0259l\u0259b\u0259 dair\u0259si\u201dnd\u0259n&hellip; <\/p>\n","protected":false},"author":14,"featured_media":45587,"comment_status":"open","ping_status":"open","sticky":false,"template":"","format":"standard","meta":{"_mi_skip_tracking":false,"_monsterinsights_sitenote_active":false,"_monsterinsights_sitenote_note":"","_monsterinsights_sitenote_category":0,"footnotes":""},"categories":[4,533,11],"tags":[5900,15,1501],"aioseo_notices":[],"_links":{"self":[{"href":"https:\/\/infonews.az\/index.php?rest_route=\/wp\/v2\/posts\/45586"}],"collection":[{"href":"https:\/\/infonews.az\/index.php?rest_route=\/wp\/v2\/posts"}],"about":[{"href":"https:\/\/infonews.az\/index.php?rest_route=\/wp\/v2\/types\/post"}],"author":[{"embeddable":true,"href":"https:\/\/infonews.az\/index.php?rest_route=\/wp\/v2\/users\/14"}],"replies":[{"embeddable":true,"href":"https:\/\/infonews.az\/index.php?rest_route=%2Fwp%2Fv2%2Fcomments&post=45586"}],"version-history":[{"count":1,"href":"https:\/\/infonews.az\/index.php?rest_route=\/wp\/v2\/posts\/45586\/revisions"}],"predecessor-version":[{"id":45588,"href":"https:\/\/infonews.az\/index.php?rest_route=\/wp\/v2\/posts\/45586\/revisions\/45588"}],"wp:featuredmedia":[{"embeddable":true,"href":"https:\/\/infonews.az\/index.php?rest_route=\/wp\/v2\/media\/45587"}],"wp:attachment":[{"href":"https:\/\/infonews.az\/index.php?rest_route=%2Fwp%2Fv2%2Fmedia&parent=45586"}],"wp:term":[{"taxonomy":"category","embeddable":true,"href":"https:\/\/infonews.az\/index.php?rest_route=%2Fwp%2Fv2%2Fcategories&post=45586"},{"taxonomy":"post_tag","embeddable":true,"href":"https:\/\/infonews.az\/index.php?rest_route=%2Fwp%2Fv2%2Ftags&post=45586"}],"curies":[{"name":"wp","href":"https:\/\/api.w.org\/{rel}","templated":true}]}}