{"id":45632,"date":"2024-09-11T08:05:06","date_gmt":"2024-09-11T04:05:06","guid":{"rendered":"https:\/\/infonews.az\/?p=45632"},"modified":"2024-09-11T10:42:04","modified_gmt":"2024-09-11T06:42:04","slug":"az%c9%99rbaycan-voljskaya-volna-kitab-festivalinda-t%c9%99msil-olunacaq","status":"publish","type":"post","link":"https:\/\/infonews.az\/?p=45632","title":{"rendered":"Az\u0259rbaycan \u201cVoljskaya volna\u201d kitab festival\u0131nda t\u0259msil olunacaq"},"content":{"rendered":"<p class=\"entry-title\"><span style=\"color: #ffffff;\">Az\u0259rbaycan \u201cVoljskaya volna\u201d kitab festival\u0131nda t\u0259msil olunacaq<\/span><\/p>\n<blockquote><p>Sentyabr\u0131n 19-dan 22-d\u0259k Rusiyan\u0131n Saratov \u015f\u0259h\u0259rind\u0259 \u201cVoljskaya volna\u201d kitab festival\u0131 ke\u00e7iril\u0259c\u0259k.<\/p><\/blockquote>\n<p><a href=\"https:\/\/infonews.az\/?p=45632\"><span style=\"color: #000080;\"><strong>&#8220;\u0130NFONEWS&#8221;<\/strong><\/span><\/a> fevtival t\u0259\u015fkilat\u00e7\u0131lara istinad\u0259n m\u0259lumat verir ki, festival \u00e7\u0259r\u00e7iv\u0259sind\u0259 ziyar\u0259t\u00e7il\u0259r m\u00fc\u0259llifl\u0259rl\u0259 g\u00f6r\u00fc\u015f\u0259, m\u00fchazir\u0259l\u0259ri dinl\u0259y\u0259, kitablar\u0131n t\u0259qdimatlar\u0131nda i\u015ftirak ed\u0259 bil\u0259rl\u0259r. B\u00f6y\u00fck kitab yarmarkas\u0131 t\u0259dbirin qonaqlar\u0131n\u0131n s\u0259r\u0259ncam\u0131nda olacaq.<\/p>\n<p>Qeyd ed\u0259k ki, \u00f6t\u0259n il \u201cVoljskaya volna\u201dn\u0131 t\u0259xmin\u0259n 20 min n\u0259f\u0259r ziyar\u0259t edib. \u015e\u0259h\u0259r\u0259 Rusiya Federasiyas\u0131n\u0131n m\u00fcxt\u0259lif yerl\u0259rind\u0259n, o c\u00fcml\u0259d\u0259n Az\u0259rbaycan v\u0259 Belarusdan 50-d\u0259n \u00e7ox yaz\u0131\u00e7\u0131, \u015fair, \u0259d\u0259bi ictimaiyy\u0259tin n\u00fcmay\u0259nd\u0259l\u0259ri g\u0259libl\u0259r. Yarmarkada Rusiyan\u0131n 30 regionundan 140 n\u0259\u015friyyat\u0131n kitablar\u0131 t\u0259qdim olunacaq. Festival\u0131n proqram\u0131na 80-d\u0259n \u00e7ox hadis\u0259 daxildir.<\/p>\n","protected":false},"excerpt":{"rendered":"<p>Az\u0259rbaycan \u201cVoljskaya volna\u201d kitab festival\u0131nda t\u0259msil olunacaq Sentyabr\u0131n 19-dan 22-d\u0259k Rusiyan\u0131n Saratov \u015f\u0259h\u0259rind\u0259 \u201cVoljskaya volna\u201d kitab festival\u0131 ke\u00e7iril\u0259c\u0259k. &#8220;\u0130NFONEWS&#8221; fevtival t\u0259\u015fkilat\u00e7\u0131lara istinad\u0259n m\u0259lumat verir ki, festival \u00e7\u0259r\u00e7iv\u0259sind\u0259 ziyar\u0259t\u00e7il\u0259r m\u00fc\u0259llifl\u0259rl\u0259 g\u00f6r\u00fc\u015f\u0259,&hellip; <\/p>\n","protected":false},"author":14,"featured_media":45633,"comment_status":"open","ping_status":"open","sticky":false,"template":"","format":"standard","meta":{"_mi_skip_tracking":false,"_monsterinsights_sitenote_active":false,"_monsterinsights_sitenote_note":"","_monsterinsights_sitenote_category":0,"footnotes":""},"categories":[4,10,11],"tags":[14077,15],"aioseo_notices":[],"_links":{"self":[{"href":"https:\/\/infonews.az\/index.php?rest_route=\/wp\/v2\/posts\/45632"}],"collection":[{"href":"https:\/\/infonews.az\/index.php?rest_route=\/wp\/v2\/posts"}],"about":[{"href":"https:\/\/infonews.az\/index.php?rest_route=\/wp\/v2\/types\/post"}],"author":[{"embeddable":true,"href":"https:\/\/infonews.az\/index.php?rest_route=\/wp\/v2\/users\/14"}],"replies":[{"embeddable":true,"href":"https:\/\/infonews.az\/index.php?rest_route=%2Fwp%2Fv2%2Fcomments&post=45632"}],"version-history":[{"count":1,"href":"https:\/\/infonews.az\/index.php?rest_route=\/wp\/v2\/posts\/45632\/revisions"}],"predecessor-version":[{"id":45634,"href":"https:\/\/infonews.az\/index.php?rest_route=\/wp\/v2\/posts\/45632\/revisions\/45634"}],"wp:featuredmedia":[{"embeddable":true,"href":"https:\/\/infonews.az\/index.php?rest_route=\/wp\/v2\/media\/45633"}],"wp:attachment":[{"href":"https:\/\/infonews.az\/index.php?rest_route=%2Fwp%2Fv2%2Fmedia&parent=45632"}],"wp:term":[{"taxonomy":"category","embeddable":true,"href":"https:\/\/infonews.az\/index.php?rest_route=%2Fwp%2Fv2%2Fcategories&post=45632"},{"taxonomy":"post_tag","embeddable":true,"href":"https:\/\/infonews.az\/index.php?rest_route=%2Fwp%2Fv2%2Ftags&post=45632"}],"curies":[{"name":"wp","href":"https:\/\/api.w.org\/{rel}","templated":true}]}}