{"id":45770,"date":"2024-09-27T08:11:53","date_gmt":"2024-09-27T04:11:53","guid":{"rendered":"https:\/\/infonews.az\/?p=45770"},"modified":"2024-09-27T08:53:05","modified_gmt":"2024-09-27T04:53:05","slug":"mehriban-eliyeva-27-sentyabr-anim-gunu-il%c9%99-bagli-paylasim-edib","status":"publish","type":"post","link":"https:\/\/infonews.az\/?p=45770","title":{"rendered":"Mehriban \u018fliyeva 27 Sentyabr &#8211; An\u0131m G\u00fcn\u00fc il\u0259 ba\u011fl\u0131 payla\u015f\u0131m edib"},"content":{"rendered":"<p><span style=\"color: #ffffff;\">Mehriban \u018fliyeva 27 Sentyabr &#8211; An\u0131m G\u00fcn\u00fc il\u0259 ba\u011fl\u0131 payla\u015f\u0131m edib <\/span><\/p>\n<blockquote><p>Birinci vitse-prezident Mehriban \u018fliyeva 27 Sentyabr &#8211; An\u0131m G\u00fcn\u00fc il\u0259 \u0259laq\u0259dar sosial \u015f\u0259b\u0259k\u0259 hesablar\u0131nda payla\u015f\u0131m edib.<\/p><\/blockquote>\n<p><a href=\"https:\/\/infonews.az\/?p=45770\"><span style=\"color: #000080;\"><strong>&#8220;\u0130NFONEWS&#8221;<\/strong><\/span><\/a> x\u0259b\u0259r verir ki, payla\u015f\u0131mda deyilir: \u201cV\u0259t\u0259n u\u011frunda h\u0259lak olmu\u015f q\u0259hr\u0259manlar\u0131m\u0131z\u0131n \u0259ziz xatir\u0259si q\u0259lbimizd\u0259 daim ya\u015fayacaqd\u0131r! Allah b\u00fct\u00fcn \u015f\u0259hidl\u0259rimiz\u0259 r\u0259hm\u0259t el\u0259sin!\u201d.<\/p>\n<p><img loading=\"lazy\" decoding=\"async\" class=\"aligncenter size-full wp-image-45771\" src=\"https:\/\/infonews.az\/wp-content\/uploads\/2024\/09\/17274105275805960473_1200x630.jpg\" alt=\"\" width=\"923\" height=\"630\" srcset=\"https:\/\/infonews.az\/wp-content\/uploads\/2024\/09\/17274105275805960473_1200x630.jpg 923w, https:\/\/infonews.az\/wp-content\/uploads\/2024\/09\/17274105275805960473_1200x630-300x205.jpg 300w, https:\/\/infonews.az\/wp-content\/uploads\/2024\/09\/17274105275805960473_1200x630-768x524.jpg 768w\" sizes=\"(max-width: 923px) 100vw, 923px\" \/><\/p>\n","protected":false},"excerpt":{"rendered":"<p>Mehriban \u018fliyeva 27 Sentyabr &#8211; An\u0131m G\u00fcn\u00fc il\u0259 ba\u011fl\u0131 payla\u015f\u0131m edib Birinci vitse-prezident Mehriban \u018fliyeva 27 Sentyabr &#8211; An\u0131m G\u00fcn\u00fc il\u0259 \u0259laq\u0259dar sosial \u015f\u0259b\u0259k\u0259 hesablar\u0131nda payla\u015f\u0131m edib. &#8220;\u0130NFONEWS&#8221; x\u0259b\u0259r verir&hellip; <\/p>\n","protected":false},"author":14,"featured_media":45771,"comment_status":"open","ping_status":"open","sticky":false,"template":"","format":"standard","meta":{"_mi_skip_tracking":false,"_monsterinsights_sitenote_active":false,"_monsterinsights_sitenote_note":"","_monsterinsights_sitenote_category":0,"footnotes":""},"categories":[5373,6,11],"tags":[5102,962,15],"aioseo_notices":[],"_links":{"self":[{"href":"https:\/\/infonews.az\/index.php?rest_route=\/wp\/v2\/posts\/45770"}],"collection":[{"href":"https:\/\/infonews.az\/index.php?rest_route=\/wp\/v2\/posts"}],"about":[{"href":"https:\/\/infonews.az\/index.php?rest_route=\/wp\/v2\/types\/post"}],"author":[{"embeddable":true,"href":"https:\/\/infonews.az\/index.php?rest_route=\/wp\/v2\/users\/14"}],"replies":[{"embeddable":true,"href":"https:\/\/infonews.az\/index.php?rest_route=%2Fwp%2Fv2%2Fcomments&post=45770"}],"version-history":[{"count":1,"href":"https:\/\/infonews.az\/index.php?rest_route=\/wp\/v2\/posts\/45770\/revisions"}],"predecessor-version":[{"id":45772,"href":"https:\/\/infonews.az\/index.php?rest_route=\/wp\/v2\/posts\/45770\/revisions\/45772"}],"wp:featuredmedia":[{"embeddable":true,"href":"https:\/\/infonews.az\/index.php?rest_route=\/wp\/v2\/media\/45771"}],"wp:attachment":[{"href":"https:\/\/infonews.az\/index.php?rest_route=%2Fwp%2Fv2%2Fmedia&parent=45770"}],"wp:term":[{"taxonomy":"category","embeddable":true,"href":"https:\/\/infonews.az\/index.php?rest_route=%2Fwp%2Fv2%2Fcategories&post=45770"},{"taxonomy":"post_tag","embeddable":true,"href":"https:\/\/infonews.az\/index.php?rest_route=%2Fwp%2Fv2%2Ftags&post=45770"}],"curies":[{"name":"wp","href":"https:\/\/api.w.org\/{rel}","templated":true}]}}