{"id":45777,"date":"2024-09-27T13:16:20","date_gmt":"2024-09-27T09:16:20","guid":{"rendered":"https:\/\/infonews.az\/?p=45777"},"modified":"2024-09-27T13:16:20","modified_gmt":"2024-09-27T09:16:20","slug":"s%c9%99hidl%c9%99rimizin-%c9%99ziz-xatir%c9%99si-bir-d%c9%99qiq%c9%99lik-sukutla-anilib","status":"publish","type":"post","link":"https:\/\/infonews.az\/?p=45777","title":{"rendered":"\u015e\u0259hidl\u0259rimizin \u0259ziz xatir\u0259si bir d\u0259qiq\u0259lik s\u00fckutla an\u0131l\u0131b"},"content":{"rendered":"<p class=\"entry-title\"><span style=\"color: #ffffff;\">\u015e\u0259hidl\u0259rimizin \u0259ziz xatir\u0259si bir d\u0259qiq\u0259lik s\u00fckutla an\u0131l\u0131b\u00a0<\/span><\/p>\n<blockquote><p>Az\u0259rbaycan\u0131n \u0259razi b\u00fct\u00f6vl\u00fcy\u00fc u\u011frunda m\u00fcbariz\u0259d\u0259 canlar\u0131n\u0131 qurban vermi\u015f \u015f\u0259hidl\u0259rimizin \u0259ziz xatir\u0259si sentyabr\u0131n 27-d\u0259 saat 12:00-da \u00f6lk\u0259mizin b\u00fct\u00fcn \u0259razisind\u0259 bir d\u0259qiq\u0259lik s\u00fckutla yad olunub.<\/p><\/blockquote>\n<p><a href=\"https:\/\/infonews.az\/?p=45777\"><span style=\"color: #000080;\"><strong>&#8220;\u0130NFONEWS&#8221;<\/strong><\/span><\/a> x\u0259b\u0259r verir ki, insanlar \u015f\u0259hid \u0259sg\u0259r v\u0259 zabitl\u0259rimizin ruhlar\u0131 qar\u015f\u0131s\u0131nda ba\u015f \u0259yib, onlar\u0131n xatir\u0259sin\u0259 d\u0259rin ehtiramlar\u0131n\u0131 bir d\u0259qiq\u0259lik s\u00fckutla ifad\u0259 edibl\u0259r. S\u00fckut d\u0259qiq\u0259si zaman\u0131 d\u00f6vl\u0259t bayraqlar\u0131 endirilib, n\u0259qliyyat\u0131n h\u0259r\u0259k\u0259ti dayan\u0131b, avtomobill\u0259rd\u0259n s\u0259s siqnallar\u0131 verilib.<\/p>\n<p>Qeyd ed\u0259k ki, Az\u0259rbaycan Prezidenti \u0130lham \u018fliyevin 2020-ci il 2 dekabr tarixli S\u0259r\u0259ncam\u0131na \u0259sas\u0259n, V\u0259t\u0259n m\u00fcharib\u0259sind\u0259 q\u0259hr\u0259mancas\u0131na d\u00f6y\u00fc\u015fm\u00fc\u015f, \u00f6lk\u0259mizin \u0259razi b\u00fct\u00f6vl\u00fcy\u00fc u\u011frunda m\u00fcbariz\u0259d\u0259 canlar\u0131n\u0131 f\u0259da etmi\u015f \u0259sg\u0259r v\u0259 zabitl\u0259rimiz\u0259, b\u00fct\u00fcn \u015f\u0259hidl\u0259rimiz\u0259 d\u0259rin ehtiram \u0259lam\u0259ti olaraq sentyabr\u0131n 27-si Az\u0259rbaycanda An\u0131m G\u00fcn\u00fc elan edilib.<\/p>\n<p>Bu g\u00fcn \u00f6lk\u0259mizin b\u00fct\u00fcn \u015f\u0259h\u0259r v\u0259 rayonlar\u0131nda, o c\u00fcml\u0259d\u0259n azad edilmi\u015f \u0259razil\u0259rimizd\u0259 an\u0131m m\u0259rasiml\u0259ri ke\u00e7irilir, \u015f\u0259hidl\u0259rimiz d\u0259rin ehtiramla yad olunur.<\/p>\n<p>&nbsp;<\/p>\n","protected":false},"excerpt":{"rendered":"<p>\u015e\u0259hidl\u0259rimizin \u0259ziz xatir\u0259si bir d\u0259qiq\u0259lik s\u00fckutla an\u0131l\u0131b\u00a0 Az\u0259rbaycan\u0131n \u0259razi b\u00fct\u00f6vl\u00fcy\u00fc u\u011frunda m\u00fcbariz\u0259d\u0259 canlar\u0131n\u0131 qurban vermi\u015f \u015f\u0259hidl\u0259rimizin \u0259ziz xatir\u0259si sentyabr\u0131n 27-d\u0259 saat 12:00-da \u00f6lk\u0259mizin b\u00fct\u00fcn \u0259razisind\u0259 bir d\u0259qiq\u0259lik s\u00fckutla yad olunub.&hellip; <\/p>\n","protected":false},"author":14,"featured_media":45778,"comment_status":"open","ping_status":"open","sticky":false,"template":"","format":"standard","meta":{"_mi_skip_tracking":false,"_monsterinsights_sitenote_active":false,"_monsterinsights_sitenote_note":"","_monsterinsights_sitenote_category":0,"footnotes":""},"categories":[4,11,550],"tags":[5102,15],"aioseo_notices":[],"_links":{"self":[{"href":"https:\/\/infonews.az\/index.php?rest_route=\/wp\/v2\/posts\/45777"}],"collection":[{"href":"https:\/\/infonews.az\/index.php?rest_route=\/wp\/v2\/posts"}],"about":[{"href":"https:\/\/infonews.az\/index.php?rest_route=\/wp\/v2\/types\/post"}],"author":[{"embeddable":true,"href":"https:\/\/infonews.az\/index.php?rest_route=\/wp\/v2\/users\/14"}],"replies":[{"embeddable":true,"href":"https:\/\/infonews.az\/index.php?rest_route=%2Fwp%2Fv2%2Fcomments&post=45777"}],"version-history":[{"count":1,"href":"https:\/\/infonews.az\/index.php?rest_route=\/wp\/v2\/posts\/45777\/revisions"}],"predecessor-version":[{"id":45779,"href":"https:\/\/infonews.az\/index.php?rest_route=\/wp\/v2\/posts\/45777\/revisions\/45779"}],"wp:featuredmedia":[{"embeddable":true,"href":"https:\/\/infonews.az\/index.php?rest_route=\/wp\/v2\/media\/45778"}],"wp:attachment":[{"href":"https:\/\/infonews.az\/index.php?rest_route=%2Fwp%2Fv2%2Fmedia&parent=45777"}],"wp:term":[{"taxonomy":"category","embeddable":true,"href":"https:\/\/infonews.az\/index.php?rest_route=%2Fwp%2Fv2%2Fcategories&post=45777"},{"taxonomy":"post_tag","embeddable":true,"href":"https:\/\/infonews.az\/index.php?rest_route=%2Fwp%2Fv2%2Ftags&post=45777"}],"curies":[{"name":"wp","href":"https:\/\/api.w.org\/{rel}","templated":true}]}}