{"id":45780,"date":"2024-09-27T15:57:56","date_gmt":"2024-09-27T11:57:56","guid":{"rendered":"https:\/\/infonews.az\/?p=45780"},"modified":"2024-09-27T15:57:56","modified_gmt":"2024-09-27T11:57:56","slug":"d%c9%99mir-yumrugun-gucu-il%c9%99-susadayiq-diaspor-numay%c9%99nd%c9%99l%c9%99ri-xank%c9%99ndi-v%c9%99-susada","status":"publish","type":"post","link":"https:\/\/infonews.az\/?p=45780","title":{"rendered":"\u201cD\u0259mir yumru\u011fun g\u00fcc\u00fc il\u0259 \u015eu\u015faday\u0131q\u201d- Diaspor n\u00fcmay\u0259nd\u0259l\u0259ri Xank\u0259ndi v\u0259 \u015eu\u015fada"},"content":{"rendered":"<p><span style=\"color: #ffffff;\">\u201cD\u0259mir yumru\u011fun g\u00fcc\u00fc il\u0259 \u015eu\u015faday\u0131q\u201d- Diaspor n\u00fcmay\u0259nd\u0259l\u0259ri Xank\u0259ndi v\u0259 \u015eu\u015fada \u00a0<\/span><\/p>\n<blockquote><p>Sentyabr\u0131n 27-d\u0259 Diasporla \u0130\u015f \u00fczr\u0259 D\u00f6vl\u0259t Komit\u0259sinin t\u0259\u015fkilat\u00e7\u0131l\u0131\u011f\u0131 v\u0259 d\u0259st\u0259yi il\u0259 \u201cD\u0259mir yumru\u011fun g\u00fcc\u00fc il\u0259 \u015eu\u015faday\u0131q\u201d layih\u0259si \u00e7\u0259r\u00e7iv\u0259sind\u0259 diaspor n\u00fcmay\u0259nd\u0259l\u0259rinin Xank\u0259ndi v\u0259 \u015eu\u015faya s\u0259f\u0259ri ba\u015f tutub.<\/p><\/blockquote>\n<p><a href=\"https:\/\/infonews.az\/?p=45780\"><span style=\"color: #000080;\"><strong>&#8220;\u0130NFONEWS&#8221;<\/strong><\/span><\/a> &#8211; un Komit\u0259d\u0259n \u0259ld\u0259 etdiyi m\u0259lumat\u0131nda bildirilib ki, sayca 13-c\u00fc d\u0259f\u0259 ger\u00e7\u0259kl\u0259\u015f\u0259n s\u0259f\u0259rd\u0259 d\u00fcnyan\u0131n 16 \u00f6lk\u0259sind\u0259n 50 diaspor n\u00fcmay\u0259nd\u0259si i\u015ftirak edib.<\/p>\n<p>\u018fvv\u0259lc\u0259 Xank\u0259ndi \u015f\u0259h\u0259rin\u0259 s\u0259f\u0259r ed\u0259n qonaqlar inzibati binan\u0131n qar\u015f\u0131s\u0131nda 27 Sentyabr \u2013 An\u0131m G\u00fcn\u00fcn\u00fcn 4-c\u00fc ild\u00f6n\u00fcm\u00fc m\u00fcnasib\u0259til\u0259 \u00f6lk\u0259mizin \u0259razi b\u00fct\u00f6vl\u00fcy\u00fc u\u011frunda canlar\u0131ndan ke\u00e7\u0259n \u015f\u0259hidl\u0259rin \u0259ziz xatir\u0259sini bir d\u0259qiq\u0259lik s\u00fckutla an\u0131blar. V\u0259t\u0259n torpaqlar\u0131n\u0131n azadl\u0131\u011f\u0131na g\u00f6r\u0259 M\u00fcz\u0259ff\u0259r Ali Ba\u015f Komandan \u0130lham \u018fliyev\u0259 v\u0259 Az\u0259rbaycan Ordusuna t\u0259\u015f\u0259kk\u00fcrl\u0259rini bildir\u0259n h\u0259mv\u0259t\u0259nl\u0259r \u015f\u0259hidl\u0259rimiz\u0259 r\u0259hm\u0259t dil\u0259yib, qazil\u0259rimiz\u0259 cansa\u011fl\u0131\u011f\u0131 arzulay\u0131blar.<\/p>\n<p>Sonra diaspor n\u00fcmay\u0259nd\u0259l\u0259ri Az\u0259rbaycan\u0131n m\u0259d\u0259niyy\u0259t paytaxt\u0131 \u015eu\u015faya yola d\u00fc\u015f\u00fcb, burada C\u0131d\u0131r d\u00fcz\u00fcn\u00fc, Molla P\u0259nah Vaqifin m\u0259qb\u0259r\u0259sini, Yuxar\u0131 G\u00f6vh\u0259r A\u011fa m\u0259scidini, G\u0259nc\u0259 qap\u0131s\u0131n\u0131, \u201cG\u00fcll\u0259l\u0259nmi\u015f heyk\u0259ll\u0259r\u201din yerl\u0259\u015fdiyi meydan\u0131 v\u0259 dig\u0259r g\u00f6rm\u0259li yerl\u0259ri ziyar\u0259t edibl\u0259r. \u0130\u015ftirak\u00e7\u0131lar C\u0131d\u0131r d\u00fcz\u00fcnd\u0259 Az\u0259rbaycan Bayra\u011f\u0131n\u0131 dal\u011faland\u0131r\u0131b, \u201cQaraba\u011f Az\u0259rbaycand\u0131r!\u201d \u015f\u00fcar\u0131n\u0131 s\u0259sl\u0259ndiribl\u0259r. Kanadadan olan soyda\u015f\u0131m\u0131z S\u0259m\u0259d Purmus\u0259vinin sazda canl\u0131 ifas\u0131 b\u00f6y\u00fck maraqla qar\u015f\u0131lan\u0131b v\u0259 ziyar\u0259t\u00e7il\u0259r\u0259 duy\u011fulu anlar ya\u015fad\u0131b.<\/p>\n<p>Xank\u0259ndid\u0259, \u015eu\u015fada apar\u0131lan yenid\u0259nqurma v\u0259 abadl\u0131q i\u015fl\u0259ri il\u0259 yax\u0131ndan tan\u0131\u015f olan soyda\u015flar\u0131m\u0131z bu c\u00fcr s\u0259f\u0259rl\u0259rin silsil\u0259 t\u0259\u015fkilin\u0259 g\u00f6r\u0259 Az\u0259rbaycan d\u00f6vl\u0259tin\u0259 minn\u0259tdarl\u0131qlar\u0131n\u0131 bildiribl\u0259r.<\/p>\n<p>Qeyd ed\u0259k ki, Komit\u0259 m\u00fct\u0259madi olaraq beyn\u0259lxalq ictimaiyy\u0259tin m\u0259lumatland\u0131r\u0131lmas\u0131nda b\u00f6y\u00fck rol oynayan h\u0259mv\u0259t\u0259nl\u0259rimizin, xarici jurnalistl\u0259rin, aliml\u0259rin \u015eu\u015faya, el\u0259c\u0259 d\u0259 i\u015f\u011faldan azad edilmi\u015f dig\u0259r rayonlara s\u0259f\u0259rl\u0259rini t\u0259\u015fkil edir.<\/p>\n<p><img loading=\"lazy\" decoding=\"async\" class=\"aligncenter size-full wp-image-45782\" src=\"https:\/\/infonews.az\/wp-content\/uploads\/2024\/09\/17274326484565810322_1200x630.jpg\" alt=\"\" width=\"1200\" height=\"592\" srcset=\"https:\/\/infonews.az\/wp-content\/uploads\/2024\/09\/17274326484565810322_1200x630.jpg 1200w, https:\/\/infonews.az\/wp-content\/uploads\/2024\/09\/17274326484565810322_1200x630-300x148.jpg 300w, https:\/\/infonews.az\/wp-content\/uploads\/2024\/09\/17274326484565810322_1200x630-1024x505.jpg 1024w, https:\/\/infonews.az\/wp-content\/uploads\/2024\/09\/17274326484565810322_1200x630-768x379.jpg 768w\" sizes=\"(max-width: 1200px) 100vw, 1200px\" \/><\/p>\n<p><img loading=\"lazy\" decoding=\"async\" class=\"aligncenter size-full wp-image-45783\" src=\"https:\/\/infonews.az\/wp-content\/uploads\/2024\/09\/1727432648319952705_1200x630.jpg\" alt=\"\" width=\"1122\" height=\"630\" srcset=\"https:\/\/infonews.az\/wp-content\/uploads\/2024\/09\/1727432648319952705_1200x630.jpg 1122w, https:\/\/infonews.az\/wp-content\/uploads\/2024\/09\/1727432648319952705_1200x630-300x168.jpg 300w, https:\/\/infonews.az\/wp-content\/uploads\/2024\/09\/1727432648319952705_1200x630-1024x575.jpg 1024w, https:\/\/infonews.az\/wp-content\/uploads\/2024\/09\/1727432648319952705_1200x630-768x431.jpg 768w\" sizes=\"(max-width: 1122px) 100vw, 1122px\" \/><\/p>\n","protected":false},"excerpt":{"rendered":"<p>\u201cD\u0259mir yumru\u011fun g\u00fcc\u00fc il\u0259 \u015eu\u015faday\u0131q\u201d- Diaspor n\u00fcmay\u0259nd\u0259l\u0259ri Xank\u0259ndi v\u0259 \u015eu\u015fada \u00a0 Sentyabr\u0131n 27-d\u0259 Diasporla \u0130\u015f \u00fczr\u0259 D\u00f6vl\u0259t Komit\u0259sinin t\u0259\u015fkilat\u00e7\u0131l\u0131\u011f\u0131 v\u0259 d\u0259st\u0259yi il\u0259 \u201cD\u0259mir yumru\u011fun g\u00fcc\u00fc il\u0259 \u015eu\u015faday\u0131q\u201d layih\u0259si \u00e7\u0259r\u00e7iv\u0259sind\u0259 diaspor&hellip; <\/p>\n","protected":false},"author":14,"featured_media":45781,"comment_status":"open","ping_status":"open","sticky":false,"template":"","format":"standard","meta":{"_mi_skip_tracking":false,"_monsterinsights_sitenote_active":false,"_monsterinsights_sitenote_note":"","_monsterinsights_sitenote_category":0,"footnotes":""},"categories":[5373,4,11],"tags":[14111,9191,15],"aioseo_notices":[],"_links":{"self":[{"href":"https:\/\/infonews.az\/index.php?rest_route=\/wp\/v2\/posts\/45780"}],"collection":[{"href":"https:\/\/infonews.az\/index.php?rest_route=\/wp\/v2\/posts"}],"about":[{"href":"https:\/\/infonews.az\/index.php?rest_route=\/wp\/v2\/types\/post"}],"author":[{"embeddable":true,"href":"https:\/\/infonews.az\/index.php?rest_route=\/wp\/v2\/users\/14"}],"replies":[{"embeddable":true,"href":"https:\/\/infonews.az\/index.php?rest_route=%2Fwp%2Fv2%2Fcomments&post=45780"}],"version-history":[{"count":1,"href":"https:\/\/infonews.az\/index.php?rest_route=\/wp\/v2\/posts\/45780\/revisions"}],"predecessor-version":[{"id":45784,"href":"https:\/\/infonews.az\/index.php?rest_route=\/wp\/v2\/posts\/45780\/revisions\/45784"}],"wp:featuredmedia":[{"embeddable":true,"href":"https:\/\/infonews.az\/index.php?rest_route=\/wp\/v2\/media\/45781"}],"wp:attachment":[{"href":"https:\/\/infonews.az\/index.php?rest_route=%2Fwp%2Fv2%2Fmedia&parent=45780"}],"wp:term":[{"taxonomy":"category","embeddable":true,"href":"https:\/\/infonews.az\/index.php?rest_route=%2Fwp%2Fv2%2Fcategories&post=45780"},{"taxonomy":"post_tag","embeddable":true,"href":"https:\/\/infonews.az\/index.php?rest_route=%2Fwp%2Fv2%2Ftags&post=45780"}],"curies":[{"name":"wp","href":"https:\/\/api.w.org\/{rel}","templated":true}]}}