{"id":45801,"date":"2024-10-08T17:45:52","date_gmt":"2024-10-08T13:45:52","guid":{"rendered":"https:\/\/infonews.az\/?p=45801"},"modified":"2024-10-08T17:50:05","modified_gmt":"2024-10-08T13:50:05","slug":"ecn%c9%99bi-t%c9%99l%c9%99b%c9%99l%c9%99r%c9%99-dilimizi-muk%c9%99mm%c9%99l-oyr%c9%99tm%c9%99liyik-cinar%c9%99-qehremanova","status":"publish","type":"post","link":"https:\/\/infonews.az\/?p=45801","title":{"rendered":"&#8220;\u018fcn\u0259bi t\u0259l\u0259b\u0259l\u0259r\u0259 dilimizi m\u00fck\u0259mm\u0259l \u00f6yr\u0259tm\u0259liyik&#8221; &#8211; \u00c7inar\u0259 Q\u018fHR\u018fMANOVA"},"content":{"rendered":"<p><span style=\"color: #ffffff;\">&#8220;\u018fcn\u0259bi t\u0259l\u0259b\u0259l\u0259r\u0259 dilimizi m\u00fck\u0259mm\u0259l \u00f6yr\u0259tm\u0259liyik&#8221; &#8211; \u00c7inar\u0259 Q\u018fHR\u018fMANOVA<\/span><\/p>\n<p><img loading=\"lazy\" decoding=\"async\" class=\"aligncenter size-full wp-image-45807\" src=\"https:\/\/infonews.az\/wp-content\/uploads\/2024\/10\/12252_2c87cbdccf3a76cd4ca26e15389f245e.jpeg\" alt=\"\" width=\"800\" height=\"533\" srcset=\"https:\/\/infonews.az\/wp-content\/uploads\/2024\/10\/12252_2c87cbdccf3a76cd4ca26e15389f245e.jpeg 800w, https:\/\/infonews.az\/wp-content\/uploads\/2024\/10\/12252_2c87cbdccf3a76cd4ca26e15389f245e-300x200.jpeg 300w, https:\/\/infonews.az\/wp-content\/uploads\/2024\/10\/12252_2c87cbdccf3a76cd4ca26e15389f245e-768x512.jpeg 768w\" sizes=\"(max-width: 800px) 100vw, 800px\" \/><\/p>\n<p>&nbsp;<\/p>\n<blockquote><p>\u201c\u00d6lk\u0259mizd\u0259 t\u0259hsil alan h\u0259r bir \u0259cn\u0259bi t\u0259l\u0259b\u0259 D\u00f6vl\u0259t bayra\u011f\u0131m\u0131z\u0131, himnimizi tan\u0131mal\u0131, dilimizi, tariximizi, m\u0259d\u0259niyy\u0259timizi, folklorumuzu \u00f6yr\u0259nm\u0259lidir. Onlar\u0131n keyfiyy\u0259tli t\u0259hsil almalar\u0131 m\u0259qs\u0259dil\u0259 Az\u0259rbaycan dilind\u0259 i\u015fg\u00fczar v\u0259 akademik kommunikasiya \u00fczr\u0259 d\u0259rslikl\u0259rin, d\u0259rs v\u0259saitl\u0259ri v\u0259 l\u00fc\u011f\u0259tl\u0259rin t\u0259rtib edilm\u0259si vacib v\u0259 aktual m\u0259s\u0259l\u0259dir. \u018fcn\u0259bi t\u0259l\u0259b\u0259l\u0259r\u0259 dilimizi m\u00fck\u0259mm\u0259l \u00f6yr\u0259tm\u0259liyik.\u201d<\/p><\/blockquote>\n<p><a href=\"https:\/\/infonews.az\/?p=45801\"><span style=\"color: #000080;\"><strong>\u201c\u0130NFONEWS\u201d<\/strong><\/span><\/a> x\u0259b\u0259r verir ki, bunu Az\u0259rbaycan D\u00f6vl\u0259t \u0130qtisad Universitetinin (UNEC) dosenti \u00c7inar\u0259 Q\u0259hr\u0259manova m\u00fc\u0259llifi oldu\u011fu \u201cAz\u0259rbaycan dilind\u0259 i\u015fg\u00fczar v\u0259 akademik kommunikasiya\u201d kitab\u0131n\u0131n t\u0259qdimat m\u0259rasimind\u0259 s\u00f6yl\u0259yib.<\/p>\n<p>\u00c7inar\u0259 Q\u0259hr\u0259manova kitabda Az\u0259rbaycan dilinin leksik v\u0259 semantik normalar\u0131n\u0131n d\u00fczg\u00fcn \u00f6yr\u0259dilm\u0259si, Az\u0259rbaycan dilinin t\u0259mizliyinin qorunmas\u0131n\u0131n \u00f6n plana \u00e7\u0259km\u0259sinin m\u00fch\u00fcml\u00fcy\u00fcn\u00fc vur\u011fulay\u0131b.<\/p>\n<p>\u201cBir il \u00f6nc\u0259 m\u00fc\u0259llifi oldu\u011fum &#8220;Az\u0259rbaycan dilind\u0259 i\u015fg\u00fczar v\u0259 akademik kommunikasiya&#8221; d\u0259rsliyinin &#8220;Heyd\u0259r \u018fliyevin 100 illik yubileyin\u0259&#8221; h\u0259sr edilmi\u015f n\u00fcsx\u0259si i\u015f\u0131q \u00fcz\u00fc g\u00f6rm\u00fc\u015fd\u00fc. Lakin son ill\u0259rd\u0259 \u0259cn\u0259bi t\u0259l\u0259b\u0259l\u0259r\u0259 bu f\u0259nni t\u0259dris etdiyimd\u0259n q\u0259rar verdim ki, bu kitab\u0131n yeni n\u0259\u015frini haz\u0131rlay\u0131m. N\u0259tic\u0259d\u0259 kitab\u0131n \u0259cn\u0259bi t\u0259l\u0259b\u0259l\u0259r \u00fc\u00e7\u00fcn n\u0259z\u0259rd\u0259 tutulmu\u015f eyniadl\u0131 d\u0259rsliyi \u0259rs\u0259y\u0259 g\u0259ldi\u201d \u2013 m\u00fc\u0259llif \u0259lav\u0259 edib.<\/p>\n<p>Kitab\u0131n elmi redaktoru Az\u0259rbaycan D\u00f6vl\u0259t \u0130qtisad Universitetinin (UNEC) \u00dcmumi F\u0259nl\u0259rin T\u0259drisinin T\u0259\u015fkili Departamentinin (\u00dcFTTD) direktoru, dosent, \u0259m\u0259kdar m\u00fc\u0259llim G\u00fclnara Rzayeva t\u0259qdim olunan d\u0259rsliyin t\u0259kc\u0259 \u0259cn\u0259bi t\u0259l\u0259b\u0259l\u0259r \u00fc\u00e7\u00fcn deyil, h\u0259m d\u0259 Az\u0259rbaycan dilind\u0259 i\u015fg\u00fczar v\u0259 akademik kommunikasiya bacar\u0131qlar\u0131n\u0131 m\u00f6hk\u0259ml\u0259ndirm\u0259k ist\u0259y\u0259n m\u00fct\u0259x\u0259ssisl\u0259r \u00fc\u00e7\u00fcn m\u0259zmun v\u0259 forma bax\u0131m\u0131ndan olduqca s\u0259m\u0259r\u0259li \u0259d\u0259biyyat oldu\u011funu diqq\u0259t\u0259 \u00e7atd\u0131r\u0131b.<\/p>\n<p>Kitab\u0131n r\u0259y\u00e7isi &#8220;Az\u0259rbaycan dili&#8221; kafedras\u0131n\u0131n m\u00fcdiri filologiya elml\u0259ri doktoru, professor Tofiq \u018fbd\u00fclh\u0259s\u0259nli \u0259cn\u0259bil\u0259r \u00fc\u00e7\u00fcn haz\u0131rlanan d\u0259rslikd\u0259 Az\u0259rbaycan milli d\u00f6vl\u0259t r\u0259mzl\u0259rinin v\u0259 dig\u0259r m\u00fch\u00fcm m\u0259lumatlar\u0131n yer almas\u0131 kitab\u0131n \u0259h\u0259miyy\u0259tini daha da art\u0131rd\u0131\u011f\u0131n\u0131 v\u0259 milli d\u00f6vl\u0259t maraqlar\u0131m\u0131za xidm\u0259t g\u00f6st\u0259rdiyini bildirib.<\/p>\n<p>Kitab\u0131n daha bir r\u0259y\u00e7isi Az\u0259rbaycan D\u00f6vl\u0259t Pedaqoji Universitetinin (ADPU) \u201cM\u00fcasir Az\u0259rbaycan dili\u201d kafedras\u0131n\u0131n m\u00fcdiri, professor H\u0259c\u0259r H\u00fcseynova bel\u0259 bir d\u0259rsliyin haz\u0131rlanmas\u0131n\u0131n \u00f6lk\u0259mizd\u0259 t\u0259hsil alan \u0259cn\u0259bi t\u0259l\u0259b\u0259l\u0259rin nitq m\u0259d\u0259niyy\u0259timizi m\u0259nims\u0259m\u0259sin\u0259 v\u0259 Az\u0259rbaycan dilinin qorunmas\u0131na xidm\u0259t etdiyini bildirdi.<\/p>\n<p>Az\u0259rbaycan Respublikas\u0131n\u0131n D\u00f6vl\u0259t Dil Komissiyas\u0131 yan\u0131nda Monitorinq M\u0259rk\u0259zinin \u015f\u00f6b\u0259 m\u00fcdiri V\u0259fa Allahverdiyeva kitab\u0131n yaz\u0131l\u0131\u015f\u0131 zaman\u0131 dilin b\u00fct\u00fcn \u0259d\u0259bi normalar\u0131na riay\u0259t olundu\u011funu bildir\u0259r\u0259k onun bu sah\u0259d\u0259 yaz\u0131lm\u0131\u015f \u0259n keyfiyy\u0259tli \u0259s\u0259rl\u0259rd\u0259n biri oldu\u011funu s\u00f6yl\u0259yib.<\/p>\n<p>Sumqay\u0131t D\u00f6vl\u0259t Universiteti (SDU) \u201cDil v\u0259 \u018fd\u0259biyyat\u201d kafedras\u0131n\u0131n m\u00fcdiri dosent B\u00f6y\u00fckxan\u0131m Eminli d\u0259rsliyin Az\u0259rbaycan dilinin norma v\u0259 prinsipl\u0259rin\u0259 ciddi \u0259m\u0259l olunmaqla yaz\u0131ld\u0131\u011f\u0131n\u0131 qeyd etm\u0259kl\u0259, Az\u0259rbaycan dilinin qorunmas\u0131 v\u0259 \u0259cn\u0259bi t\u0259l\u0259b\u0259l\u0259r\u0259 \u00f6yr\u0259dilm\u0259si bax\u0131m\u0131ndan olduqca d\u0259y\u0259rli v\u0259sait oldu\u011funu diqq\u0259t\u0259 \u00e7atd\u0131r\u0131b.<\/p>\n<p>T\u0259dbir maraql\u0131 m\u00fczakir\u0259l\u0259r v\u0259<\/p>\n<p>Qeyd ed\u0259k ki, \u0259cn\u0259bi t\u0259l\u0259b\u0259l\u0259r \u00fc\u00e7\u00fcn yeni \u00e7apdan \u00e7\u0131xm\u0131\u015f d\u0259rsliyin t\u0259qdimat m\u0259rasimi Dahi Az\u0259rbaycan \u015fairi M\u0259h\u0259mm\u0259d F\u00fczulinin 530 illiyin\u0259 h\u0259sr olunmu\u015f 10-cu Bak\u0131 Beyn\u0259lxalq Kitab S\u0259rgisi \u00e7\u0259r\u00e7iv\u0259sind\u0259 UNEC Kitabxana \u0130nformasiya M\u0259rk\u0259zinin (K\u0130M) t\u0259\u015fkilat\u00e7\u0131l\u0131\u011f\u0131 v\u0259 K\u0130M-in direktoru tar.\u00fc.f.d. Adil\u0259 Abdullayevan\u0131n moderatorlu\u011fu, UNEC-in professor-m\u00fc\u0259llim hey\u0259ti, \u0259m\u0259kda\u015flar, t\u0259l\u0259b\u0259l\u0259r v\u0259 qonaqlar\u0131n i\u015ftirak\u0131 il\u0259 ba\u015f tutub.<\/p>\n<p><img loading=\"lazy\" decoding=\"async\" class=\"aligncenter size-full wp-image-45809\" src=\"https:\/\/infonews.az\/wp-content\/uploads\/2024\/10\/12252_729c0861ca8f38a636845caf60cd8cd7.jpeg\" alt=\"\" width=\"800\" height=\"533\" srcset=\"https:\/\/infonews.az\/wp-content\/uploads\/2024\/10\/12252_729c0861ca8f38a636845caf60cd8cd7.jpeg 800w, https:\/\/infonews.az\/wp-content\/uploads\/2024\/10\/12252_729c0861ca8f38a636845caf60cd8cd7-300x200.jpeg 300w, https:\/\/infonews.az\/wp-content\/uploads\/2024\/10\/12252_729c0861ca8f38a636845caf60cd8cd7-768x512.jpeg 768w\" sizes=\"(max-width: 800px) 100vw, 800px\" \/><\/p>\n<p><img loading=\"lazy\" decoding=\"async\" class=\"aligncenter size-full wp-image-45810\" src=\"https:\/\/infonews.az\/wp-content\/uploads\/2024\/10\/12252_4e9048243c24a97756739f4501dc16a6.jpeg\" alt=\"\" width=\"800\" height=\"533\" srcset=\"https:\/\/infonews.az\/wp-content\/uploads\/2024\/10\/12252_4e9048243c24a97756739f4501dc16a6.jpeg 800w, https:\/\/infonews.az\/wp-content\/uploads\/2024\/10\/12252_4e9048243c24a97756739f4501dc16a6-300x200.jpeg 300w, https:\/\/infonews.az\/wp-content\/uploads\/2024\/10\/12252_4e9048243c24a97756739f4501dc16a6-768x512.jpeg 768w\" sizes=\"(max-width: 800px) 100vw, 800px\" \/><\/p>\n<p><img loading=\"lazy\" decoding=\"async\" class=\"aligncenter size-full wp-image-45811\" src=\"https:\/\/infonews.az\/wp-content\/uploads\/2024\/10\/12252_0a04218f0bac2a48fec7f2b196f62fcc.jpeg\" alt=\"\" width=\"800\" height=\"533\" srcset=\"https:\/\/infonews.az\/wp-content\/uploads\/2024\/10\/12252_0a04218f0bac2a48fec7f2b196f62fcc.jpeg 800w, https:\/\/infonews.az\/wp-content\/uploads\/2024\/10\/12252_0a04218f0bac2a48fec7f2b196f62fcc-300x200.jpeg 300w, https:\/\/infonews.az\/wp-content\/uploads\/2024\/10\/12252_0a04218f0bac2a48fec7f2b196f62fcc-768x512.jpeg 768w\" sizes=\"(max-width: 800px) 100vw, 800px\" \/><\/p>\n<p>&nbsp;<\/p>\n<p>&nbsp;<\/p>\n","protected":false},"excerpt":{"rendered":"<p>&#8220;\u018fcn\u0259bi t\u0259l\u0259b\u0259l\u0259r\u0259 dilimizi m\u00fck\u0259mm\u0259l \u00f6yr\u0259tm\u0259liyik&#8221; &#8211; \u00c7inar\u0259 Q\u018fHR\u018fMANOVA &nbsp; \u201c\u00d6lk\u0259mizd\u0259 t\u0259hsil alan h\u0259r bir \u0259cn\u0259bi t\u0259l\u0259b\u0259 D\u00f6vl\u0259t bayra\u011f\u0131m\u0131z\u0131, himnimizi tan\u0131mal\u0131, dilimizi, tariximizi, m\u0259d\u0259niyy\u0259timizi, folklorumuzu \u00f6yr\u0259nm\u0259lidir. Onlar\u0131n keyfiyy\u0259tli t\u0259hsil almalar\u0131 m\u0259qs\u0259dil\u0259&hellip; <\/p>\n","protected":false},"author":14,"featured_media":45808,"comment_status":"open","ping_status":"open","sticky":false,"template":"","format":"standard","meta":{"_mi_skip_tracking":false,"_monsterinsights_sitenote_active":false,"_monsterinsights_sitenote_note":"","_monsterinsights_sitenote_category":0,"footnotes":""},"categories":[4,11,3],"tags":[14116,47,14115,6742],"aioseo_notices":[],"_links":{"self":[{"href":"https:\/\/infonews.az\/index.php?rest_route=\/wp\/v2\/posts\/45801"}],"collection":[{"href":"https:\/\/infonews.az\/index.php?rest_route=\/wp\/v2\/posts"}],"about":[{"href":"https:\/\/infonews.az\/index.php?rest_route=\/wp\/v2\/types\/post"}],"author":[{"embeddable":true,"href":"https:\/\/infonews.az\/index.php?rest_route=\/wp\/v2\/users\/14"}],"replies":[{"embeddable":true,"href":"https:\/\/infonews.az\/index.php?rest_route=%2Fwp%2Fv2%2Fcomments&post=45801"}],"version-history":[{"count":3,"href":"https:\/\/infonews.az\/index.php?rest_route=\/wp\/v2\/posts\/45801\/revisions"}],"predecessor-version":[{"id":45815,"href":"https:\/\/infonews.az\/index.php?rest_route=\/wp\/v2\/posts\/45801\/revisions\/45815"}],"wp:featuredmedia":[{"embeddable":true,"href":"https:\/\/infonews.az\/index.php?rest_route=\/wp\/v2\/media\/45808"}],"wp:attachment":[{"href":"https:\/\/infonews.az\/index.php?rest_route=%2Fwp%2Fv2%2Fmedia&parent=45801"}],"wp:term":[{"taxonomy":"category","embeddable":true,"href":"https:\/\/infonews.az\/index.php?rest_route=%2Fwp%2Fv2%2Fcategories&post=45801"},{"taxonomy":"post_tag","embeddable":true,"href":"https:\/\/infonews.az\/index.php?rest_route=%2Fwp%2Fv2%2Ftags&post=45801"}],"curies":[{"name":"wp","href":"https:\/\/api.w.org\/{rel}","templated":true}]}}