{"id":45899,"date":"2024-10-14T09:11:12","date_gmt":"2024-10-14T05:11:12","guid":{"rendered":"https:\/\/infonews.az\/?p=45899"},"modified":"2024-10-14T13:10:00","modified_gmt":"2024-10-14T09:10:00","slug":"naxcivan-greenfest-%c9%99-hazirlasir","status":"publish","type":"post","link":"https:\/\/infonews.az\/?p=45899","title":{"rendered":"Nax\u00e7\u0131van \u201cGreenFest\u201d-\u0259 haz\u0131rla\u015f\u0131r"},"content":{"rendered":"<p><span style=\"color: #ffffff;\">Nax\u00e7\u0131van \u201cGreenFest\u201d-\u0259 haz\u0131rla\u015f\u0131r<\/span><\/p>\n<blockquote><p>\u0130qlim d\u0259yi\u015fm\u0259l\u0259ri il\u0259 m\u00fcbariz\u0259y\u0259 qlobal m\u00fcst\u0259vid\u0259n yana\u015fan Az\u0259rbaycan 11-22 noyabr tarixl\u0259rind\u0259 b\u00fct\u00fcn d\u00fcnyan\u0131n maraqla g\u00f6zl\u0259diyi COP29-a ev sahibliyi ed\u0259c\u0259k. Prezident \u0130lham \u018fliyevin r\u0259hb\u0259rliyi il\u0259 m\u00f6t\u0259b\u0259r t\u0259dbirin \u00f6lk\u0259mizd\u0259 y\u00fcks\u0259k s\u0259viyy\u0259d\u0259 ke\u00e7irilm\u0259si \u00fc\u00e7\u00fcn b\u00fct\u00fcn z\u0259ruri t\u0259dbirl\u0259r g\u00f6r\u00fcl\u00fcr, laz\u0131mi infrastruktur yarad\u0131l\u0131r. D\u00f6vl\u0259t ba\u015f\u00e7\u0131s\u0131 t\u0259r\u0259find\u0259n \u201cya\u015f\u0131l enerji zonas\u0131\u201d elan edil\u0259n Nax\u00e7\u0131van Muxtar Respublikas\u0131nda da iqlim d\u0259yi\u015fikliyi il\u0259 m\u00fcbariz\u0259, t\u0259hl\u00fck\u0259siz v\u0259 dayan\u0131ql\u0131 enerji m\u0259nb\u0259l\u0259rind\u0259n s\u0259m\u0259r\u0259li istifad\u0259 sah\u0259sind\u0259 innovativ layih\u0259l\u0259r icra olunur, m\u00fcxt\u0259lif t\u0259dbirl\u0259r ke\u00e7irilir.<\/p><\/blockquote>\n<p><a href=\"https:\/\/infonews.az\/?p=45899\"><span style=\"color: #000080;\"><strong>&#8220;\u0130NFONEWS&#8221;<\/strong> <\/span><\/a>x\u0259b\u0259r verir ki, COP29 v\u0259 \u201cYa\u015f\u0131l d\u00fcnya namin\u0259 h\u0259mr\u0259ylik ili\u201d il\u0259 \u0259laq\u0259dar olaraq Nax\u00e7\u0131van \u015f\u0259h\u0259rind\u0259 ke\u00e7iril\u0259c\u0259k \u201cGreenFest\u201d festival\u0131 oktyabr\u0131n 26-s\u0131 saat 11:00-da \u201cSaat Meydan\u0131\u201d \u0130stirah\u0259t M\u0259rk\u0259zind\u0259 ba\u015flayacaq. T\u0259dbird\u0259 ekoloji s\u0259rgil\u0259r, startap t\u0259qdimatlar\u0131, m\u00fcxt\u0259lif \u0259yl\u0259nc\u0259li f\u0259aliyy\u0259tl\u0259r, oyunlar t\u0259\u015fkil olunacaq, m\u00f6vzuya uy\u011fun stendl\u0259r n\u00fcmayi\u015f olunacaq. R\u0259smil\u0259rin d\u0259 i\u015ftirak\u0131 il\u0259 \u00f6n\u0259mli m\u0259s\u0259l\u0259l\u0259rin panel m\u00fczakir\u0259l\u0259ri, o c\u00fcml\u0259d\u0259n maarifl\u0259ndirici, t\u0259\u015fviqedici aksiyalar\u0131n v\u0259 dig\u0259r f\u0259aliyy\u0259tl\u0259rin icras\u0131 n\u0259z\u0259rd\u0259 tutulub. Ax\u015fam saatlar\u0131ndan etibar\u0259n is\u0259 \u201cGreenfest\u201d-d\u0259 canl\u0131 musiqi dinl\u0259m\u0259k imkan\u0131n\u0131z olacaq.<\/p>\n<p>Nax\u00e7\u0131van Muxtar Respublikas\u0131nda Az\u0259rbaycan Respublikas\u0131 Prezidentinin S\u0259lahiyy\u0259tli n\u00fcmay\u0259nd\u0259liyinin d\u0259st\u0259yi, Nax\u00e7\u0131van Muxtar Respublikas\u0131n\u0131n Ekologiya v\u0259 T\u0259bii S\u0259rv\u0259tl\u0259r, \u018fdliyy\u0259, G\u0259ncl\u0259r v\u0259 \u0130dman, T\u0259hsil nazirlikl\u0259ri, Nax\u00e7\u0131van \u015e\u0259h\u0259r \u0130cra Hakimiyy\u0259ti, D\u00f6vl\u0259t Energetika Xidm\u0259ti v\u0259 Nax\u00e7\u0131van D\u00f6vl\u0259t Universitetinin birg\u0259 t\u0259\u015fkilat\u00e7\u0131l\u0131\u011f\u0131 il\u0259 ke\u00e7iril\u0259c\u0259k t\u0259dbirin m\u0259qs\u0259di \u0259halinin diqq\u0259tini ekoloji probleml\u0259rin birg\u0259 h\u0259llin\u0259 y\u00f6n\u0259ltm\u0259k, muxtar respublikan\u0131n t\u0259bii resurslardan s\u0259m\u0259r\u0259li istifad\u0259 imkanlar\u0131n\u0131 v\u0259 ya\u015f\u0131l enerji potensial\u0131n\u0131 n\u00fcmayi\u015f etdirm\u0259k, eyni zamanda COP29 v\u0259 \u201cYa\u015f\u0131l d\u00fcnya namin\u0259 h\u0259mr\u0259ylik ili\u201dn\u0259 t\u00f6hf\u0259 verm\u0259kdir.<\/p>\n","protected":false},"excerpt":{"rendered":"<p>Nax\u00e7\u0131van \u201cGreenFest\u201d-\u0259 haz\u0131rla\u015f\u0131r \u0130qlim d\u0259yi\u015fm\u0259l\u0259ri il\u0259 m\u00fcbariz\u0259y\u0259 qlobal m\u00fcst\u0259vid\u0259n yana\u015fan Az\u0259rbaycan 11-22 noyabr tarixl\u0259rind\u0259 b\u00fct\u00fcn d\u00fcnyan\u0131n maraqla g\u00f6zl\u0259diyi COP29-a ev sahibliyi ed\u0259c\u0259k. Prezident \u0130lham \u018fliyevin r\u0259hb\u0259rliyi il\u0259 m\u00f6t\u0259b\u0259r t\u0259dbirin \u00f6lk\u0259mizd\u0259&hellip; <\/p>\n","protected":false},"author":14,"featured_media":45900,"comment_status":"open","ping_status":"open","sticky":false,"template":"","format":"standard","meta":{"_mi_skip_tracking":false,"_monsterinsights_sitenote_active":false,"_monsterinsights_sitenote_note":"","_monsterinsights_sitenote_category":0,"footnotes":""},"categories":[12819,11],"tags":[11865,15,13470],"aioseo_notices":[],"_links":{"self":[{"href":"https:\/\/infonews.az\/index.php?rest_route=\/wp\/v2\/posts\/45899"}],"collection":[{"href":"https:\/\/infonews.az\/index.php?rest_route=\/wp\/v2\/posts"}],"about":[{"href":"https:\/\/infonews.az\/index.php?rest_route=\/wp\/v2\/types\/post"}],"author":[{"embeddable":true,"href":"https:\/\/infonews.az\/index.php?rest_route=\/wp\/v2\/users\/14"}],"replies":[{"embeddable":true,"href":"https:\/\/infonews.az\/index.php?rest_route=%2Fwp%2Fv2%2Fcomments&post=45899"}],"version-history":[{"count":1,"href":"https:\/\/infonews.az\/index.php?rest_route=\/wp\/v2\/posts\/45899\/revisions"}],"predecessor-version":[{"id":45901,"href":"https:\/\/infonews.az\/index.php?rest_route=\/wp\/v2\/posts\/45899\/revisions\/45901"}],"wp:featuredmedia":[{"embeddable":true,"href":"https:\/\/infonews.az\/index.php?rest_route=\/wp\/v2\/media\/45900"}],"wp:attachment":[{"href":"https:\/\/infonews.az\/index.php?rest_route=%2Fwp%2Fv2%2Fmedia&parent=45899"}],"wp:term":[{"taxonomy":"category","embeddable":true,"href":"https:\/\/infonews.az\/index.php?rest_route=%2Fwp%2Fv2%2Fcategories&post=45899"},{"taxonomy":"post_tag","embeddable":true,"href":"https:\/\/infonews.az\/index.php?rest_route=%2Fwp%2Fv2%2Ftags&post=45899"}],"curies":[{"name":"wp","href":"https:\/\/api.w.org\/{rel}","templated":true}]}}