{"id":45979,"date":"2024-10-18T09:11:00","date_gmt":"2024-10-18T05:11:00","guid":{"rendered":"https:\/\/infonews.az\/?p=45979"},"modified":"2024-10-18T10:12:20","modified_gmt":"2024-10-18T06:12:20","slug":"mehriban-eliyevadan-must%c9%99qillik-gunu-il%c9%99-bagli-paylasim","status":"publish","type":"post","link":"https:\/\/infonews.az\/?p=45979","title":{"rendered":"Mehriban \u018fliyevadan M\u00fcst\u0259qillik G\u00fcn\u00fc il\u0259 ba\u011fl\u0131 PAYLA\u015eIM"},"content":{"rendered":"<p><span style=\"color: #ffffff;\">Mehriban \u018fliyevadan M\u00fcst\u0259qillik G\u00fcn\u00fc il\u0259 ba\u011fl\u0131 PAYLA\u015eIM<\/span><img loading=\"lazy\" decoding=\"async\" class=\"aligncenter size-full wp-image-45980\" src=\"https:\/\/infonews.az\/wp-content\/uploads\/2024\/10\/WhatsApp-Image-2024-10-18-at-10.03.36.jpeg\" alt=\"\" width=\"1280\" height=\"1280\" srcset=\"https:\/\/infonews.az\/wp-content\/uploads\/2024\/10\/WhatsApp-Image-2024-10-18-at-10.03.36.jpeg 1280w, https:\/\/infonews.az\/wp-content\/uploads\/2024\/10\/WhatsApp-Image-2024-10-18-at-10.03.36-300x300.jpeg 300w, https:\/\/infonews.az\/wp-content\/uploads\/2024\/10\/WhatsApp-Image-2024-10-18-at-10.03.36-1024x1024.jpeg 1024w, https:\/\/infonews.az\/wp-content\/uploads\/2024\/10\/WhatsApp-Image-2024-10-18-at-10.03.36-150x150.jpeg 150w, https:\/\/infonews.az\/wp-content\/uploads\/2024\/10\/WhatsApp-Image-2024-10-18-at-10.03.36-768x768.jpeg 768w\" sizes=\"(max-width: 1280px) 100vw, 1280px\" \/><\/p>\n<blockquote><p><strong>Az\u0259rbaycan\u0131n Birinci vitse-prezidenti Mehriban \u018fliyeva r\u0259smi instaqram s\u0259hif\u0259sind\u0259 18 oktyabr M\u00fcst\u0259qilliyin B\u0259rpas\u0131 G\u00fcn\u00fc il\u0259 ba\u011fl\u0131 payla\u015f\u0131m edib.<\/strong><\/p><\/blockquote>\n<p><a href=\"https:\/\/infonews.az\/?p=45979\"><strong><span style=\"color: #000080;\">&#8220;\u0130NFONEWS&#8221;<\/span> <\/strong><\/a>x\u0259b\u0259r verir ki<strong>, <\/strong>payla\u015f\u0131m\u0131n \u00fcz\u0259rind\u0259 <strong>&#8220;18 OKTYABR &#8211; M\u00fcst\u0259qilliyin B\u0259rpas\u0131 G\u00fcn\u00fc&#8221;<\/strong> yaz\u0131l\u0131b.<\/p>\n<p>&nbsp;<\/p>\n<p>&nbsp;<\/p>\n","protected":false},"excerpt":{"rendered":"<p>Mehriban \u018fliyevadan M\u00fcst\u0259qillik G\u00fcn\u00fc il\u0259 ba\u011fl\u0131 PAYLA\u015eIM Az\u0259rbaycan\u0131n Birinci vitse-prezidenti Mehriban \u018fliyeva r\u0259smi instaqram s\u0259hif\u0259sind\u0259 18 oktyabr M\u00fcst\u0259qilliyin B\u0259rpas\u0131 G\u00fcn\u00fc il\u0259 ba\u011fl\u0131 payla\u015f\u0131m edib. &#8220;\u0130NFONEWS&#8221; x\u0259b\u0259r verir ki, payla\u015f\u0131m\u0131n \u00fcz\u0259rind\u0259&hellip; <\/p>\n","protected":false},"author":14,"featured_media":8911,"comment_status":"open","ping_status":"open","sticky":false,"template":"","format":"standard","meta":{"_mi_skip_tracking":false,"_monsterinsights_sitenote_active":false,"_monsterinsights_sitenote_note":"","_monsterinsights_sitenote_category":0,"footnotes":""},"categories":[4,6,11],"tags":[5248,962,15],"aioseo_notices":[],"_links":{"self":[{"href":"https:\/\/infonews.az\/index.php?rest_route=\/wp\/v2\/posts\/45979"}],"collection":[{"href":"https:\/\/infonews.az\/index.php?rest_route=\/wp\/v2\/posts"}],"about":[{"href":"https:\/\/infonews.az\/index.php?rest_route=\/wp\/v2\/types\/post"}],"author":[{"embeddable":true,"href":"https:\/\/infonews.az\/index.php?rest_route=\/wp\/v2\/users\/14"}],"replies":[{"embeddable":true,"href":"https:\/\/infonews.az\/index.php?rest_route=%2Fwp%2Fv2%2Fcomments&post=45979"}],"version-history":[{"count":1,"href":"https:\/\/infonews.az\/index.php?rest_route=\/wp\/v2\/posts\/45979\/revisions"}],"predecessor-version":[{"id":45981,"href":"https:\/\/infonews.az\/index.php?rest_route=\/wp\/v2\/posts\/45979\/revisions\/45981"}],"wp:featuredmedia":[{"embeddable":true,"href":"https:\/\/infonews.az\/index.php?rest_route=\/wp\/v2\/media\/8911"}],"wp:attachment":[{"href":"https:\/\/infonews.az\/index.php?rest_route=%2Fwp%2Fv2%2Fmedia&parent=45979"}],"wp:term":[{"taxonomy":"category","embeddable":true,"href":"https:\/\/infonews.az\/index.php?rest_route=%2Fwp%2Fv2%2Fcategories&post=45979"},{"taxonomy":"post_tag","embeddable":true,"href":"https:\/\/infonews.az\/index.php?rest_route=%2Fwp%2Fv2%2Ftags&post=45979"}],"curies":[{"name":"wp","href":"https:\/\/api.w.org\/{rel}","templated":true}]}}