{"id":45996,"date":"2024-10-18T14:10:03","date_gmt":"2024-10-18T10:10:03","guid":{"rendered":"https:\/\/infonews.az\/?p=45996"},"modified":"2024-10-18T14:10:03","modified_gmt":"2024-10-18T10:10:03","slug":"tibb-universitetind%c9%99-d%c9%99yisiklikl%c9%99r-yeni-teyinat","status":"publish","type":"post","link":"https:\/\/infonews.az\/?p=45996","title":{"rendered":"Tibb Universitetind\u0259 d\u0259yi\u015fiklikl\u0259r &#8211; YEN\u0130 T\u018fY\u0130NAT"},"content":{"rendered":"<p><span style=\"color: #ffffff;\">Tibb Universitetind\u0259 d\u0259yi\u015fiklikl\u0259r &#8211; YEN\u0130 T\u018fY\u0130NAT<\/span><\/p>\n<blockquote><p>2001-ci ild\u0259n Az\u0259rbaycan Tibb Universitetinin (ATU) T\u0259dris v\u0259 m\u00fcalic\u0259 i\u015fl\u0259ri \u00fczr\u0259 prorektoru v\u0259zif\u0259sind\u0259 \u00e7al\u0131\u015fan Sabir \u018fliyev i\u015fd\u0259n azad edilib.<\/p><\/blockquote>\n<p><a href=\"https:\/\/infonews.az\/?p=45996\"><span style=\"color: #000080;\"><strong>&#8220;\u0130NFONEWS&#8221;<\/strong><\/span><\/a> &#8211; un &#8220;Qaynarinfo&#8221;ya istinad\u0259n x\u0259b\u0259r verir ki, m\u00fcvafiq \u0259mrl\u0259 Nazim Adil o\u011flu P\u0259nahov T\u0259dris v\u0259 m\u00fcalic\u0259 i\u015fl\u0259ri \u00fczr\u0259 prorektor t\u0259yin olunub.<\/p>\n<p>Nazim P\u0259nahov 7 noyabr 2016-c\u0131 il tarixind\u0259n ATU-nun elmi katibi v\u0259zif\u0259sind\u0259 \u00e7al\u0131\u015f\u0131b. O, h\u0259m\u00e7inin s\u0259hiyy\u0259 nazirinin 11 mart 2019-cu il tarixli \u0259mri il\u0259 nazirliyin ba\u015f stomatoloqu v\u0259zif\u0259sini tutur.<\/p>\n<p>Qeyd ed\u0259k ki, bir ne\u00e7\u0259 g\u00fcn \u0259vv\u0259l ATU-nun Elmi i\u015fl\u0259r \u00fczr\u0259 prorektoru B\u0259yl\u0259rov Rauf Oruc o\u011flu da v\u0259zif\u0259sind\u0259n azad edilib v\u0259 yerin\u0259 Sultanova M\u0259lah\u0259t Cahangir q\u0131z\u0131 t\u0259yin olunub.<\/p>\n<p>\u0130\u015fd\u0259n \u00e7\u0131xar\u0131lan prorektorlar ATU-da kafedra m\u00fcdiri olaraq f\u0259aliyy\u0259tl\u0259rini davam etdirirl\u0259r.<\/p>\n","protected":false},"excerpt":{"rendered":"<p>Tibb Universitetind\u0259 d\u0259yi\u015fiklikl\u0259r &#8211; YEN\u0130 T\u018fY\u0130NAT 2001-ci ild\u0259n Az\u0259rbaycan Tibb Universitetinin (ATU) T\u0259dris v\u0259 m\u00fcalic\u0259 i\u015fl\u0259ri \u00fczr\u0259 prorektoru v\u0259zif\u0259sind\u0259 \u00e7al\u0131\u015fan Sabir \u018fliyev i\u015fd\u0259n azad edilib. &#8220;\u0130NFONEWS&#8221; &#8211; un &#8220;Qaynarinfo&#8221;ya istinad\u0259n&hellip; <\/p>\n","protected":false},"author":14,"featured_media":45997,"comment_status":"open","ping_status":"open","sticky":false,"template":"","format":"standard","meta":{"_mi_skip_tracking":false,"_monsterinsights_sitenote_active":false,"_monsterinsights_sitenote_note":"","_monsterinsights_sitenote_category":0,"footnotes":""},"categories":[11,3],"tags":[14174,14175,15,14173,14172,14176],"aioseo_notices":[],"_links":{"self":[{"href":"https:\/\/infonews.az\/index.php?rest_route=\/wp\/v2\/posts\/45996"}],"collection":[{"href":"https:\/\/infonews.az\/index.php?rest_route=\/wp\/v2\/posts"}],"about":[{"href":"https:\/\/infonews.az\/index.php?rest_route=\/wp\/v2\/types\/post"}],"author":[{"embeddable":true,"href":"https:\/\/infonews.az\/index.php?rest_route=\/wp\/v2\/users\/14"}],"replies":[{"embeddable":true,"href":"https:\/\/infonews.az\/index.php?rest_route=%2Fwp%2Fv2%2Fcomments&post=45996"}],"version-history":[{"count":1,"href":"https:\/\/infonews.az\/index.php?rest_route=\/wp\/v2\/posts\/45996\/revisions"}],"predecessor-version":[{"id":45998,"href":"https:\/\/infonews.az\/index.php?rest_route=\/wp\/v2\/posts\/45996\/revisions\/45998"}],"wp:featuredmedia":[{"embeddable":true,"href":"https:\/\/infonews.az\/index.php?rest_route=\/wp\/v2\/media\/45997"}],"wp:attachment":[{"href":"https:\/\/infonews.az\/index.php?rest_route=%2Fwp%2Fv2%2Fmedia&parent=45996"}],"wp:term":[{"taxonomy":"category","embeddable":true,"href":"https:\/\/infonews.az\/index.php?rest_route=%2Fwp%2Fv2%2Fcategories&post=45996"},{"taxonomy":"post_tag","embeddable":true,"href":"https:\/\/infonews.az\/index.php?rest_route=%2Fwp%2Fv2%2Ftags&post=45996"}],"curies":[{"name":"wp","href":"https:\/\/api.w.org\/{rel}","templated":true}]}}