{"id":46103,"date":"2024-10-24T08:03:14","date_gmt":"2024-10-24T04:03:14","guid":{"rendered":"https:\/\/infonews.az\/?p=46103"},"modified":"2024-10-24T09:21:56","modified_gmt":"2024-10-24T05:21:56","slug":"ilham-eliyev-r%c9%99c%c9%99b-tayyib-erdogana-bassagligi-verib","status":"publish","type":"post","link":"https:\/\/infonews.az\/?p=46103","title":{"rendered":"\u0130lham \u018fliyev R\u0259c\u0259b Tayyib \u018frdo\u011fana ba\u015fsa\u011fl\u0131\u011f\u0131 verib"},"content":{"rendered":"<p class=\"pb-2 details-title\"><span class=\"page_speed_588017308\" style=\"color: #ffffff;\"><strong>\u0130lham \u018fliyev R\u0259c\u0259b Tayyib \u018frdo\u011fana\u00a0ba\u015fsa\u011fl\u0131\u011f\u0131 verib<\/strong><\/span><\/p>\n<blockquote><p>Az\u0259rbaycan Respublikas\u0131n\u0131n Prezidenti \u0130lham \u018fliyev Ankarada t\u00f6r\u0259dilmi\u015f terror akt\u0131 il\u0259 \u0259laq\u0259dar T\u00fcrkiy\u0259 Respublikas\u0131n\u0131n Prezidenti R\u0259c\u0259b Tayyib \u018frdo\u011fana ba\u015fsa\u011fl\u0131\u011f\u0131 verib.<\/p><\/blockquote>\n<p><a href=\"https:\/\/infonews.az\/?p=46103\"><span style=\"color: #000080;\"><strong>&#8220;\u0130NFONEWS&#8221;<\/strong><\/span><\/a> x\u0259b\u0259r verir ki, d\u00f6vl\u0259timizin ba\u015f\u00e7\u0131s\u0131 ba\u015fsa\u011fl\u0131\u011f\u0131 m\u0259ktubunda bildirib:<\/p>\n<p>&#8220;H\u00f6rm\u0259tli c\u0259nab Prezident,<\/p>\n<p>\u018fziz Qarda\u015f\u0131m,<\/p>\n<p>T\u00fcrk Aviasiya v\u0259 Kosmik S\u0259naye \u015eirk\u0259tind\u0259 (TUSA\u015e) t\u00f6r\u0259dilmi\u015f terror akt\u0131 n\u0259tic\u0259sind\u0259 insanlar\u0131n h\u0259lak olmas\u0131 v\u0259 x\u0259sar\u0259t almas\u0131 x\u0259b\u0259ri bizi olduqca sars\u0131td\u0131.<\/p>\n<p>Biz bu xain terror akt\u0131n\u0131 \u015fidd\u0259tl\u0259 q\u0131nay\u0131r, Siz\u0259, h\u0259lak olanlar\u0131n ail\u0259l\u0259rin\u0259 v\u0259 yax\u0131nlar\u0131na, qarda\u015f T\u00fcrkiy\u0259 xalq\u0131na \u015f\u0259xs\u0259n \u00f6z ad\u0131mdan v\u0259 Az\u0259rbaycan xalq\u0131 ad\u0131ndan d\u0259rin h\u00fcznl\u0259 ba\u015fsa\u011fl\u0131\u011f\u0131 verir, yaralananlara \u015f\u0259fa dil\u0259yir\u0259m.<\/p>\n<p>Allah r\u0259hm\u0259t el\u0259sin!&#8221;.<\/p>\n","protected":false},"excerpt":{"rendered":"<p>\u0130lham \u018fliyev R\u0259c\u0259b Tayyib \u018frdo\u011fana\u00a0ba\u015fsa\u011fl\u0131\u011f\u0131 verib Az\u0259rbaycan Respublikas\u0131n\u0131n Prezidenti \u0130lham \u018fliyev Ankarada t\u00f6r\u0259dilmi\u015f terror akt\u0131 il\u0259 \u0259laq\u0259dar T\u00fcrkiy\u0259 Respublikas\u0131n\u0131n Prezidenti R\u0259c\u0259b Tayyib \u018frdo\u011fana ba\u015fsa\u011fl\u0131\u011f\u0131 verib. &#8220;\u0130NFONEWS&#8221; x\u0259b\u0259r verir ki, d\u00f6vl\u0259timizin&hellip; <\/p>\n","protected":false},"author":14,"featured_media":43198,"comment_status":"open","ping_status":"open","sticky":false,"template":"","format":"standard","meta":{"_mi_skip_tracking":false,"_monsterinsights_sitenote_active":false,"_monsterinsights_sitenote_note":"","_monsterinsights_sitenote_category":0,"footnotes":""},"categories":[4,6,11],"tags":[1008,15,910,14203,7324],"aioseo_notices":[],"_links":{"self":[{"href":"https:\/\/infonews.az\/index.php?rest_route=\/wp\/v2\/posts\/46103"}],"collection":[{"href":"https:\/\/infonews.az\/index.php?rest_route=\/wp\/v2\/posts"}],"about":[{"href":"https:\/\/infonews.az\/index.php?rest_route=\/wp\/v2\/types\/post"}],"author":[{"embeddable":true,"href":"https:\/\/infonews.az\/index.php?rest_route=\/wp\/v2\/users\/14"}],"replies":[{"embeddable":true,"href":"https:\/\/infonews.az\/index.php?rest_route=%2Fwp%2Fv2%2Fcomments&post=46103"}],"version-history":[{"count":1,"href":"https:\/\/infonews.az\/index.php?rest_route=\/wp\/v2\/posts\/46103\/revisions"}],"predecessor-version":[{"id":46104,"href":"https:\/\/infonews.az\/index.php?rest_route=\/wp\/v2\/posts\/46103\/revisions\/46104"}],"wp:featuredmedia":[{"embeddable":true,"href":"https:\/\/infonews.az\/index.php?rest_route=\/wp\/v2\/media\/43198"}],"wp:attachment":[{"href":"https:\/\/infonews.az\/index.php?rest_route=%2Fwp%2Fv2%2Fmedia&parent=46103"}],"wp:term":[{"taxonomy":"category","embeddable":true,"href":"https:\/\/infonews.az\/index.php?rest_route=%2Fwp%2Fv2%2Fcategories&post=46103"},{"taxonomy":"post_tag","embeddable":true,"href":"https:\/\/infonews.az\/index.php?rest_route=%2Fwp%2Fv2%2Ftags&post=46103"}],"curies":[{"name":"wp","href":"https:\/\/api.w.org\/{rel}","templated":true}]}}