{"id":46175,"date":"2024-11-13T08:50:48","date_gmt":"2024-11-13T04:50:48","guid":{"rendered":"https:\/\/infonews.az\/?p=46175"},"modified":"2024-11-13T14:07:52","modified_gmt":"2024-11-13T10:07:52","slug":"pes%c9%99kar-jurnalist-roluna-iddia-edirsinizs%c9%99-hikm%c9%99t-haciyev","status":"publish","type":"post","link":"https:\/\/infonews.az\/?p=46175","title":{"rendered":"&#8220;&#8230;pe\u015f\u0259kar jurnalist roluna iddia edirsinizs\u0259&#8230;&#8221; &#8211; Hikm\u0259t HACIYEV"},"content":{"rendered":"<p><span style=\"color: #ffffff;\">&#8220;&#8230;pe\u015f\u0259kar jurnalist roluna iddia edirsinizs\u0259&#8230;&#8221; &#8211; Hikm\u0259t HACIYEV<\/span><\/p>\n<blockquote><p><strong>COP29 t\u0259dbirind\u0259 Az\u0259rbaycandan y\u00fczl\u0259rl\u0259 jurnalist i\u015ftirak edir. Eyni zamanda Az\u0259rbaycan Respublikas\u0131nda qeyri-qanuni f\u0259aliyy\u0259t g\u00f6st\u0259rm\u0259yiniz\u0259 baxmayaraq, \u201cAzadl\u0131q\u201d radiosunun jurnalisti olaraq, siz d\u0259 i\u015ftirak edirsiniz. Bu is\u0259 o dem\u0259kdir ki, Az\u0259rbaycan Respublikas\u0131nda qanunun aliliyi, o c\u00fcml\u0259d\u0259n d\u0259 media azadl\u0131\u011f\u0131 tam \u015f\u0259kild\u0259 t\u0259min olunub.<\/strong><\/p><\/blockquote>\n<p><a href=\"https:\/\/infonews.az\/?p=46175\"><span style=\"color: #000080;\"><strong>&#8220;\u0130NFONEWS&#8221;<\/strong><\/span><\/a>\u00a0x\u0259b\u0259r verir ki, bu s\u00f6zl\u0259ri Az\u0259rbaycan Prezidentinin k\u00f6m\u0259k\u00e7isi \u2013 Prezident Administrasiyas\u0131n\u0131n Xarici siyas\u0259t m\u0259s\u0259l\u0259l\u0259ri \u015f\u00f6b\u0259sinin m\u00fcdiri Hikm\u0259t Hac\u0131yev \u201cAzadl\u0131q\u201d radiosunun jurnalistinin sual\u0131n\u0131 cavabland\u0131rark\u0259n deyib.<\/p>\n<p>O, t\u0259dbirin mahiyy\u0259tini anlamayan jurnalist\u0259 irad\u0131n\u0131 bildirib:<\/p>\n<p>\u201c\u018fg\u0259r siz kimins\u0259 h\u0259bsi il\u0259 ba\u011fl\u0131 dan\u0131\u015f\u0131rs\u0131n\u0131zsa, g\u0259lin qanunun aliliyind\u0259n dan\u0131\u015faq. Adlar\u0131 \u00e7\u0259kil\u0259n \u015f\u0259xsl\u0259rin jurnalist f\u0259aliyy\u0259ti il\u0259 ba\u011fl\u0131 t\u0259qib hallar\u0131 ba\u015f verm\u0259yib. Burada qeyri-jurnalist f\u0259aliyy\u0259ti il\u0259 ba\u011fl\u0131 prosesl\u0259rd\u0259n s\u00f6hb\u0259t gedir. Kimins\u0259 jurnalist olmas\u0131 qanunun aliliyinin pozulmas\u0131 anlam\u0131na g\u0259lmir. Jurnalist olmaq qanundan \u00fcst\u00fcn olmaq v\u0259 yaxud da qanundank\u0259nar imtiyazlara sahib olmaq dem\u0259k deyil. Sizin qeyd etdiyiniz \u015f\u0259xsl\u0259rl\u0259 ba\u011fl\u0131 konkret r\u0259q\u0259ml\u0259ri d\u0259 qeyd ed\u0259 bil\u0259r\u0259m. Burada b\u00f6y\u00fck m\u0259bl\u0259\u011fd\u0259 qanunsuz maliyy\u0259 d\u00f6vriyy\u0259sind\u0259n s\u00f6hb\u0259t gedir. Qanunsuz maliyy\u0259 d\u00f6vriyy\u0259si Az\u0259rbaycan Respublikas\u0131n\u0131n bir ne\u00e7\u0259 fundamental \u0259sasl\u0131 epizodlar \u00fczr\u0259 qanunlar\u0131n\u0131n pozulmas\u0131d\u0131r. \u00d6zl\u0259rini media orqan\u0131 adland\u0131ran t\u0259sisatlar bel\u0259 qanunsuz maliyy\u0259 prosesind\u0259, maliyy\u0259 f\u0131r\u0131ldaq\u00e7\u0131l\u0131\u011f\u0131nda i\u015ftirak ed\u0259r\u0259k Az\u0259rbaycan qanunlar\u0131n\u0131n pozulmas\u0131n\u0131 d\u0259rk etmirl\u0259r\u201d.<\/p>\n<p>Prezidentin k\u00f6m\u0259k\u00e7isi vur\u011fulay\u0131b ki, \u201cAzadl\u0131q\u201d radiosu da ba\u015fda olmaqla, \u00f6z\u00fcn\u00fc media t\u0259sisat\u0131 kimi t\u0259qdim ed\u0259n bir s\u0131ra resurslar \u015fou v\u0259 populizm xarakterli t\u0259bli\u011fatlarla m\u0259\u015f\u011ful olurlar.<\/p>\n<p>\u201cOna g\u00f6r\u0259 d\u0259 m\u0259n t\u00f6vsiy\u0259 ed\u0259rdim ki, pe\u015f\u0259kar jurnalist roluna iddia edirsinizs\u0259, g\u0259lin iqlim maliyy\u0259l\u0259\u015fm\u0259si \u00fczr\u0259 m\u00f6vzular \u00fczr\u0259 fundamental v\u0259 \u0259sasl\u0131 m\u00f6vzulardan dan\u0131\u015faq. Az\u0259rbaycan Respublikas\u0131n\u0131n v\u0259t\u0259nda\u015f\u0131 olaraq \u00f6lk\u0259nin nailiyy\u0259tl\u0259rin\u0259 sevinm\u0259yi bacarmaq da bir yax\u015f\u0131 x\u00fcsusiyy\u0259tdir\u201d, \u2013 H.Hac\u0131yev qeyd edib.<\/p>\n<p><iframe loading=\"lazy\" title=\"\u00d6zl\u0259rini media adland\u0131ranlar\u2026 | Hikm\u0259t Hac\u0131yev \" src=\"https:\/\/www.youtube.com\/embed\/u8heKkyRVjA\" width=\"650\" height=\"415\" frameborder=\"0\" allowfullscreen=\"allowfullscreen\" data-mce-fragment=\"1\"><\/iframe><\/p>\n","protected":false},"excerpt":{"rendered":"<p>&#8220;&#8230;pe\u015f\u0259kar jurnalist roluna iddia edirsinizs\u0259&#8230;&#8221; &#8211; Hikm\u0259t HACIYEV COP29 t\u0259dbirind\u0259 Az\u0259rbaycandan y\u00fczl\u0259rl\u0259 jurnalist i\u015ftirak edir. Eyni zamanda Az\u0259rbaycan Respublikas\u0131nda qeyri-qanuni f\u0259aliyy\u0259t g\u00f6st\u0259rm\u0259yiniz\u0259 baxmayaraq, \u201cAzadl\u0131q\u201d radiosunun jurnalisti olaraq, siz d\u0259 i\u015ftirak&hellip; <\/p>\n","protected":false},"author":14,"featured_media":46176,"comment_status":"open","ping_status":"open","sticky":false,"template":"","format":"standard","meta":{"_mi_skip_tracking":false,"_monsterinsights_sitenote_active":false,"_monsterinsights_sitenote_note":"","_monsterinsights_sitenote_category":0,"footnotes":""},"categories":[12819,4,6,11],"tags":[14217,11865,11416,15],"aioseo_notices":[],"_links":{"self":[{"href":"https:\/\/infonews.az\/index.php?rest_route=\/wp\/v2\/posts\/46175"}],"collection":[{"href":"https:\/\/infonews.az\/index.php?rest_route=\/wp\/v2\/posts"}],"about":[{"href":"https:\/\/infonews.az\/index.php?rest_route=\/wp\/v2\/types\/post"}],"author":[{"embeddable":true,"href":"https:\/\/infonews.az\/index.php?rest_route=\/wp\/v2\/users\/14"}],"replies":[{"embeddable":true,"href":"https:\/\/infonews.az\/index.php?rest_route=%2Fwp%2Fv2%2Fcomments&post=46175"}],"version-history":[{"count":1,"href":"https:\/\/infonews.az\/index.php?rest_route=\/wp\/v2\/posts\/46175\/revisions"}],"predecessor-version":[{"id":46177,"href":"https:\/\/infonews.az\/index.php?rest_route=\/wp\/v2\/posts\/46175\/revisions\/46177"}],"wp:featuredmedia":[{"embeddable":true,"href":"https:\/\/infonews.az\/index.php?rest_route=\/wp\/v2\/media\/46176"}],"wp:attachment":[{"href":"https:\/\/infonews.az\/index.php?rest_route=%2Fwp%2Fv2%2Fmedia&parent=46175"}],"wp:term":[{"taxonomy":"category","embeddable":true,"href":"https:\/\/infonews.az\/index.php?rest_route=%2Fwp%2Fv2%2Fcategories&post=46175"},{"taxonomy":"post_tag","embeddable":true,"href":"https:\/\/infonews.az\/index.php?rest_route=%2Fwp%2Fv2%2Ftags&post=46175"}],"curies":[{"name":"wp","href":"https:\/\/api.w.org\/{rel}","templated":true}]}}