{"id":46240,"date":"2024-11-19T11:20:01","date_gmt":"2024-11-19T07:20:01","guid":{"rendered":"https:\/\/infonews.az\/?p=46240"},"modified":"2024-11-19T11:20:44","modified_gmt":"2024-11-19T07:20:44","slug":"trampin-pasinyanin-yeni-imicind%c9%99n-x%c9%99b%c9%99ri-var-politoloq-elman-telmanogu","status":"publish","type":"post","link":"https:\/\/infonews.az\/?p=46240","title":{"rendered":"Tramp\u0131n Pa\u015finyan\u0131n yeni imicind\u0259n x\u0259b\u0259ri var?- Politoloq Elman Telmano\u011fu"},"content":{"rendered":"<p><span style=\"color: #ffffff;\">Tramp\u0131n Pa\u015finyan\u0131n yeni imicind\u0259n x\u0259b\u0259ri var?- Politoloq Elman Telmano\u011fu <\/span><\/p>\n<blockquote><p>Bir ne\u00e7\u0259 g\u00fcn \u00f6nc\u0259 Erm\u0259nistan ba\u015f naziri Nikol Pa\u015finyan saqqal\u0131n\u0131 t\u0259ra\u015f ed\u0259r\u0259k yeni imic formala\u015fd\u0131rd\u0131. G\u0259lin g\u00f6r\u0259k bir siyas\u0259t\u00e7i imic d\u0259yi\u015fdirm\u0259kl\u0259 hans\u0131 siyasi mesaj\u0131 verm\u0259k ist\u0259yir.<\/p><\/blockquote>\n<p><a href=\"https:\/\/infonews.az\/?p=46240\"><span style=\"color: #333399;\"><strong>&#8220;\u0130NFONEWS&#8221;<\/strong><\/span><\/a> x\u0259b\u0259r verir ki, bunu politoloq Elman Telmano\u011flu g\u00fcnd\u0259mi z\u0259bt ed\u0259n, Erm\u0259nistan\u0131n ba\u015f naziri Nikol Pa\u015finyan\u0131n hakimiyy\u0259t\u0259 g\u0259ldikd\u0259n sonra ilk d\u0259f\u0259 imicind\u0259 d\u0259yi\u015fiklik etm\u0259si bar\u0259d\u0259\u00a0 a\u00e7\u0131qlamas\u0131nda s\u00f6yl\u0259yib.<\/p>\n<p>Elman Telmano\u011flu \u0259lav\u0259 edib:<\/p>\n<p>Siyas\u0259t\u00e7inin imic d\u0259yi\u015fdirm\u0259si bir ne\u00e7\u0259 s\u0259b\u0259bd\u0259n ba\u015f ver\u0259 bil\u0259r v\u0259 m\u00fcxt\u0259lif m\u0259nalar da\u015f\u0131ya bil\u0259r:<\/p>\n<p>1. Yeni BA\u015eLAN\u011eIC!<br \/>\nSiyas\u0259t\u00e7i imicini d\u0259yi\u015fdir\u0259r\u0259k yeni bir d\u00f6vr\u0259 ba\u015flad\u0131\u011f\u0131n\u0131 simvoliz\u0259 ed\u0259 bil\u0259r. Bu, onun yeni siyas\u0259t v\u0259 ya strategiyalar t\u0259tbiq etm\u0259y\u0259 haz\u0131r oldu\u011funu g\u00f6st\u0259rir.<\/p>\n<p>2. \u0130ctimaiyy\u0259tl\u0259 \u018fLAQ\u018fL\u018fR!<br \/>\n\u0130mic d\u0259yi\u015fdirm\u0259k, siyas\u0259t\u00e7inin ictimaiyy\u0259tl\u0259 \u0259laq\u0259l\u0259rini yenid\u0259n qurmaq v\u0259 daha geni\u015f bir auditoriyaya \u00e7atmaq \u00fc\u00e7\u00fcn bir vasit\u0259 ola bil\u0259r. Bu, onun daha m\u00fcasir v\u0259 ya daha yax\u0131n bir imic yaratmaq ist\u0259diyini g\u00f6st\u0259r\u0259 bil\u0259r.<\/p>\n<p>3. D\u0259yi\u015f\u0259n \u015e\u018fRA\u0130T!<br \/>\nSiyas\u0259t\u00e7i, d\u0259yi\u015f\u0259n siyasi v\u0259 ya sosial \u015f\u0259rait\u0259 uy\u011funla\u015fmaq \u00fc\u00e7\u00fcn imicini d\u0259yi\u015fdir\u0259 bil\u0259r. Bu, onun yeni v\u0259ziyy\u0259tl\u0259r\u0259 uy\u011funla\u015fmaq v\u0259 daha t\u0259sirli olmaq ist\u0259diyini g\u00f6st\u0259r\u0259 bil\u0259r.<\/p>\n<p>4. T\u0259nqidl\u0259r\u0259 CAVAB!<br \/>\n\u0130mic d\u0259yi\u015fdirm\u0259k, siyas\u0259t\u00e7inin ke\u00e7mi\u015fd\u0259 ald\u0131\u011f\u0131 t\u0259nqidl\u0259r\u0259 cavab olaraq \u00f6z\u00fcn\u00fc yenid\u0259n t\u0259qdim etm\u0259si ola bil\u0259r. Bu, onun daha yax\u015f\u0131 bir imic yaratmaq v\u0259 t\u0259nqidl\u0259rd\u0259n uzaqla\u015fmaq ist\u0259diyini g\u00f6st\u0259r\u0259 bil\u0259r.<\/p>\n<p>5. Yeni H\u0259d\u0259fl\u0259r!<br \/>\nSiyas\u0259t\u00e7i, yeni h\u0259d\u0259fl\u0259r\u0259 \u00e7atmaq \u00fc\u00e7\u00fcn imicini d\u0259yi\u015fdir\u0259 bil\u0259r. Bu, onun yeni bir se\u00e7ki kampaniyas\u0131, yeni bir v\u0259zif\u0259 v\u0259 ya yeni bir siyas\u0259t t\u0259tbiq etm\u0259y\u0259 haz\u0131r oldu\u011funu g\u00f6st\u0259r\u0259 bil\u0259r.<\/p>\n<p>Siyas\u0259t\u00e7inin imic d\u0259yi\u015fdirm\u0259si, onun siyasi strategiyas\u0131n\u0131n bir hiss\u0259si olaraq q\u0259bul edil\u0259 bil\u0259r v\u0259 bu, onun g\u0259l\u0259c\u0259kd\u0259 hans\u0131 istiqam\u0259td\u0259 h\u0259r\u0259k\u0259t ed\u0259c\u0259yini g\u00f6st\u0259rir.<\/p>\n<p>B\u0259li, N. Pa\u015finyan son zamanlarda h\u0259m imicini, h\u0259m d\u0259 siyas\u0259tini d\u0259yi\u015fdirdi. O, hakimiyy\u0259t\u0259 g\u0259ldikd\u0259n sonra ilk d\u0259f\u0259 olaraq saqqal\u0131n\u0131 q\u0131rxd\u0131 v\u0259 bu, onun yeni bir d\u00f6vr\u0259 ba\u015flad\u0131\u011f\u0131n\u0131 simvoliz\u0259 edir. Pa\u015finyan, h\u00f6kum\u0259tind\u0259 bir s\u0131ra d\u0259yi\u015fiklikl\u0259r ed\u0259r\u0259k yeni komanda formala\u015fd\u0131rma\u011fa \u00e7al\u0131\u015f\u0131r. Bu d\u0259yi\u015fiklikl\u0259r, daxili i\u015fl\u0259r naziri v\u0259 dig\u0259r y\u00fcks\u0259k v\u0259zif\u0259li \u015f\u0259xsl\u0259rin istefalar\u0131 il\u0259 m\u00fc\u015fayi\u0259t olundu.<\/p>\n<p>Pa\u015finyan, h\u0259m\u00e7inin, xarici siyas\u0259tind\u0259 d\u0259 d\u0259yi\u015fiklikl\u0259r edir. O, Q\u0259rbin d\u0259st\u0259yini qazanma\u011fa \u00e7al\u0131\u015f\u0131r v\u0259 bu m\u0259qs\u0259dl\u0259 m\u00fcxt\u0259lif add\u0131mlar at\u0131r. Bu d\u0259yi\u015fiklikl\u0259r, Erm\u0259nistan\u0131n daxili v\u0259 xarici siyas\u0259tind\u0259 yeni bir m\u0259rh\u0259l\u0259nin ba\u015flan\u011f\u0131c\u0131 kimi qiym\u0259tl\u0259ndirilir. \u018fg\u0259r diqq\u0259t ets\u0259k bu imicd\u0259yi\u015fm\u0259 prosesi Donald Tramp\u0131n AB\u015e-\u0131n yenid\u0259n 47ci prezident se\u00e7ilmasind\u0259n sonra ba\u015f verdi.<br \/>\nBurada bel\u0259 bir sual meydana \u00e7\u0131x\u0131r, g\u00f6r\u0259s\u0259n, D.Tramp\u0131n N. Pa\u015finyan\u0131n yeni imicind\u0259n x\u0259b\u0259ri var?<\/p>\n<p><img loading=\"lazy\" decoding=\"async\" class=\"aligncenter size-full wp-image-46242\" src=\"https:\/\/infonews.az\/wp-content\/uploads\/2024\/11\/pasinyan-tramp.jpeg\" alt=\"\" width=\"786\" height=\"458\" srcset=\"https:\/\/infonews.az\/wp-content\/uploads\/2024\/11\/pasinyan-tramp.jpeg 786w, https:\/\/infonews.az\/wp-content\/uploads\/2024\/11\/pasinyan-tramp-300x175.jpeg 300w, https:\/\/infonews.az\/wp-content\/uploads\/2024\/11\/pasinyan-tramp-768x448.jpeg 768w\" sizes=\"(max-width: 786px) 100vw, 786px\" \/><\/p>\n","protected":false},"excerpt":{"rendered":"<p>Tramp\u0131n Pa\u015finyan\u0131n yeni imicind\u0259n x\u0259b\u0259ri var?- Politoloq Elman Telmano\u011fu Bir ne\u00e7\u0259 g\u00fcn \u00f6nc\u0259 Erm\u0259nistan ba\u015f naziri Nikol Pa\u015finyan saqqal\u0131n\u0131 t\u0259ra\u015f ed\u0259r\u0259k yeni imic formala\u015fd\u0131rd\u0131. G\u0259lin g\u00f6r\u0259k bir siyas\u0259t\u00e7i imic d\u0259yi\u015fdirm\u0259kl\u0259&hellip; <\/p>\n","protected":false},"author":14,"featured_media":46244,"comment_status":"open","ping_status":"open","sticky":false,"template":"","format":"standard","meta":{"_mi_skip_tracking":false,"_monsterinsights_sitenote_active":false,"_monsterinsights_sitenote_note":"","_monsterinsights_sitenote_category":0,"footnotes":""},"categories":[4,6,11],"tags":[6313,15],"aioseo_notices":[],"_links":{"self":[{"href":"https:\/\/infonews.az\/index.php?rest_route=\/wp\/v2\/posts\/46240"}],"collection":[{"href":"https:\/\/infonews.az\/index.php?rest_route=\/wp\/v2\/posts"}],"about":[{"href":"https:\/\/infonews.az\/index.php?rest_route=\/wp\/v2\/types\/post"}],"author":[{"embeddable":true,"href":"https:\/\/infonews.az\/index.php?rest_route=\/wp\/v2\/users\/14"}],"replies":[{"embeddable":true,"href":"https:\/\/infonews.az\/index.php?rest_route=%2Fwp%2Fv2%2Fcomments&post=46240"}],"version-history":[{"count":1,"href":"https:\/\/infonews.az\/index.php?rest_route=\/wp\/v2\/posts\/46240\/revisions"}],"predecessor-version":[{"id":46243,"href":"https:\/\/infonews.az\/index.php?rest_route=\/wp\/v2\/posts\/46240\/revisions\/46243"}],"wp:featuredmedia":[{"embeddable":true,"href":"https:\/\/infonews.az\/index.php?rest_route=\/wp\/v2\/media\/46244"}],"wp:attachment":[{"href":"https:\/\/infonews.az\/index.php?rest_route=%2Fwp%2Fv2%2Fmedia&parent=46240"}],"wp:term":[{"taxonomy":"category","embeddable":true,"href":"https:\/\/infonews.az\/index.php?rest_route=%2Fwp%2Fv2%2Fcategories&post=46240"},{"taxonomy":"post_tag","embeddable":true,"href":"https:\/\/infonews.az\/index.php?rest_route=%2Fwp%2Fv2%2Ftags&post=46240"}],"curies":[{"name":"wp","href":"https:\/\/api.w.org\/{rel}","templated":true}]}}