{"id":46268,"date":"2024-11-27T07:11:01","date_gmt":"2024-11-27T03:11:01","guid":{"rendered":"https:\/\/infonews.az\/?p=46268"},"modified":"2024-11-27T09:57:13","modified_gmt":"2024-11-27T05:57:13","slug":"fransa-tarixini-bilm%c9%99y%c9%99n-fransa-s%c9%99firi-politoloq-elman-telmanoglu","status":"publish","type":"post","link":"https:\/\/infonews.az\/?p=46268","title":{"rendered":"Fransa tarixini bilm\u0259y\u0259n Fransa s\u0259firi &#8211; Politoloq Elman Telmano\u011flu"},"content":{"rendered":"<p><span style=\"color: #ffffff;\">Fransa tarixini bilm\u0259y\u0259n Fransa s\u0259firi &#8211; Politoloq Elman Telmano\u011flu<\/span><\/p>\n<blockquote><p>Bir ne\u00e7\u0259 g\u00fcn \u00f6nc\u0259 Fransan\u0131n Erm\u0259nistandak\u0131 s\u0259firi Olivye Dekotini sosial \u015f\u0259b\u0259k\u0259d\u0259 Q\u0259rbi Az\u0259rbaycan haqq\u0131nda bir payla\u015f\u0131m edib. Bu payla\u015f\u0131mda Q\u0259rbi Az\u0259rbaycan\u0131n guya Erm\u0259nistan \u0259razisind\u0259 olmad\u0131\u011f\u0131n\u0131 vur\u011fulay\u0131b.<\/p><\/blockquote>\n<p><a href=\"https:\/\/infonews.az\/?p=46268\"><span style=\"color: #003366;\"><strong>&#8220;\u0130NFONEWS&#8221;<\/strong><\/span><\/a> x\u0259b\u0259r verir ki, politoloq Elman Telmano\u011flu bu payla\u015f\u0131ma m\u00fcnasib\u0259t bildirib.<\/p>\n<p>&#8220;S\u0259fir Olivye Dekotinin diqq\u0259tin\u0259!<\/p>\n<p>Fransan\u0131n paytaxt\u0131 Parisd\u0259 20-ci \u0259sirin \u0259vv\u0259lind\u0259 ba\u015f vermi\u015f Paris S\u00fclh Konfrans\u0131n\u0131 \u00e7atd\u0131rmaq ist\u0259rdim. Q\u0131sacas\u0131, \u201cErm\u0259nistan\u201d d\u00f6vl\u0259ti yarananda onun \u0259razisi &#8220;Batumi Sazi\u015fi&#8221;n\u0259 \u0259sas\u0259n, 9800 km\u00b2 idi. \u0130ndi is\u0259 bu \u0259razi 29,743 km\u00b2. X\u0259rit\u0259d\u0259 indiki Erm\u0259nistan adlanan Q\u0259dim \u0130r\u0259van torpa\u011f\u0131 \u015eimali Az\u0259rbaycan\u0131n q\u0259rb hiss\u0259sin\u0259 d\u00fc\u015f\u00fcr. Dem\u0259k ki, o torpaqlar el\u0259 \u0259sl Az\u0259rbaycan torpaqlar\u0131d\u0131r, y\u0259ni Q\u0259rbi Az\u0259rbaycan torpaqlar\u0131d\u0131r!<\/p>\n<p>Siz\u0259 is\u0259, c\u0259nab Dekoti, \u00f6z tarixinizl\u0259 yana\u015f\u0131 x\u0259rit\u0259ni v\u0259 c\u0259h\u0259tl\u0259ri d\u0259 \u00f6yr\u0259nm\u0259yinizi m\u0259sl\u0259h\u0259t g\u00f6r\u0259rdik&#8221;, &#8211; politoloq s\u00f6yl\u0259yib.<\/p>\n","protected":false},"excerpt":{"rendered":"<p>Fransa tarixini bilm\u0259y\u0259n Fransa s\u0259firi &#8211; Politoloq Elman Telmano\u011flu Bir ne\u00e7\u0259 g\u00fcn \u00f6nc\u0259 Fransan\u0131n Erm\u0259nistandak\u0131 s\u0259firi Olivye Dekotini sosial \u015f\u0259b\u0259k\u0259d\u0259 Q\u0259rbi Az\u0259rbaycan haqq\u0131nda bir payla\u015f\u0131m edib. Bu payla\u015f\u0131mda Q\u0259rbi Az\u0259rbaycan\u0131n&hellip; <\/p>\n","protected":false},"author":14,"featured_media":46290,"comment_status":"open","ping_status":"open","sticky":false,"template":"","format":"standard","meta":{"_mi_skip_tracking":false,"_monsterinsights_sitenote_active":false,"_monsterinsights_sitenote_note":"","_monsterinsights_sitenote_category":0,"footnotes":""},"categories":[4,6,11],"tags":[6313,15,14237],"aioseo_notices":[],"_links":{"self":[{"href":"https:\/\/infonews.az\/index.php?rest_route=\/wp\/v2\/posts\/46268"}],"collection":[{"href":"https:\/\/infonews.az\/index.php?rest_route=\/wp\/v2\/posts"}],"about":[{"href":"https:\/\/infonews.az\/index.php?rest_route=\/wp\/v2\/types\/post"}],"author":[{"embeddable":true,"href":"https:\/\/infonews.az\/index.php?rest_route=\/wp\/v2\/users\/14"}],"replies":[{"embeddable":true,"href":"https:\/\/infonews.az\/index.php?rest_route=%2Fwp%2Fv2%2Fcomments&post=46268"}],"version-history":[{"count":1,"href":"https:\/\/infonews.az\/index.php?rest_route=\/wp\/v2\/posts\/46268\/revisions"}],"predecessor-version":[{"id":46291,"href":"https:\/\/infonews.az\/index.php?rest_route=\/wp\/v2\/posts\/46268\/revisions\/46291"}],"wp:featuredmedia":[{"embeddable":true,"href":"https:\/\/infonews.az\/index.php?rest_route=\/wp\/v2\/media\/46290"}],"wp:attachment":[{"href":"https:\/\/infonews.az\/index.php?rest_route=%2Fwp%2Fv2%2Fmedia&parent=46268"}],"wp:term":[{"taxonomy":"category","embeddable":true,"href":"https:\/\/infonews.az\/index.php?rest_route=%2Fwp%2Fv2%2Fcategories&post=46268"},{"taxonomy":"post_tag","embeddable":true,"href":"https:\/\/infonews.az\/index.php?rest_route=%2Fwp%2Fv2%2Ftags&post=46268"}],"curies":[{"name":"wp","href":"https:\/\/api.w.org\/{rel}","templated":true}]}}