{"id":46314,"date":"2024-11-27T15:50:13","date_gmt":"2024-11-27T11:50:13","guid":{"rendered":"https:\/\/infonews.az\/?p=46314"},"modified":"2024-11-27T17:18:41","modified_gmt":"2024-11-27T13:18:41","slug":"milli-konservatoriyanin-rektoru-v%c9%99zif%c9%99sin%c9%99-yeni-teyinat","status":"publish","type":"post","link":"https:\/\/infonews.az\/?p=46314","title":{"rendered":"Milli Konservatoriyan\u0131n rektoru v\u0259zif\u0259sin\u0259 YEN\u0130 T\u018fY\u0130NAT"},"content":{"rendered":"<p><span style=\"color: #ffffff;\">Milli Konservatoriyan\u0131n rektoru v\u0259zif\u0259sin\u0259 YEN\u0130 T\u018fY\u0130NAT<\/span><\/p>\n<blockquote><p><strong>Siyavu\u015f \u018f\u015fr\u0259f o\u011flu K\u0259rimi Az\u0259rbaycan Milli Konservatoriyas\u0131n\u0131n rektoru v\u0259zif\u0259sind\u0259n azad edilib.<\/strong><\/p><\/blockquote>\n<p><a href=\"https:\/\/infonews.az\/?p=46314\"><strong><span style=\"color: #000080;\">&#8220;\u0130NFONEWS&#8221;<\/span> <\/strong><\/a>x\u0259b\u0259r verir ki, Prezident \u0130lham \u018fliyev bununla ba\u011fl\u0131 S\u0259r\u0259ncam imzalay\u0131b.<\/p>\n<p>D\u00f6vl\u0259t ba\u015f\u00e7\u0131s\u0131n\u0131n dig\u0259r S\u0259r\u0259ncam\u0131 il\u0259 Kamil\u0259 H\u00fcseyn q\u0131z\u0131 Dada\u015f-zad\u0259 Az\u0259rbaycan Milli Konservatoriyas\u0131n\u0131n rektoru t\u0259yin edilib.<\/p>\n<p>Qeyd ed\u0259k ki, milli etnomusiqi\u015f\u00fcnasl\u0131\u011f\u0131n inki\u015faf\u0131nda b\u00f6y\u00fck xidm\u0259tl\u0259ri olan Kamil\u0259 Dada\u015f-zad\u0259 2000-ci ild\u0259 \u201cAz\u0259rbaycan a\u015f\u0131qlar\u0131n\u0131n dastan havalar\u0131nda semiotik prinsipl\u0259rinin t\u0259hlilin\u0259 dair\u201d m\u00f6vzusunda dissertasiya m\u00fcdafi\u0259 edib. 40-a yax\u0131n elmi m\u0259qal\u0259nin, monoqrafiyan\u0131n, o c\u00fcml\u0259d\u0259n, \u201cDastan\u0131n i\u015far\u0259 sistemi\u201d monoqrafiyas\u0131, \u201cMusiqi tarixi\u201d d\u0259rsliyinin, \u00e7oxlu sayda proqram v\u0259 metodiki t\u00f6vsiy\u0259nin m\u00fc\u0259llifidir.<\/p>\n<p>K. Dada\u015f-zad\u0259 2003-c\u00fc ild\u0259 Avropa \u0130nc\u0259s\u0259n\u0259t Universitetl\u0259ri Liqas\u0131 t\u0259r\u0259find\u0259n \u0130spaniyan\u0131n Barselona \u015f\u0259h\u0259rind\u0259 ke\u00e7iril\u0259n beyn\u0259lxalq m\u00fcsabiq\u0259d\u0259 \u201cXalq musiqisinin t\u0259dqiqi v\u0259 t\u0259drisind\u0259 m\u00fcasir elmi n\u0259z\u0259riyy\u0259l\u0259rin t\u0259tbiqi\u201d adl\u0131 m\u0259ruz\u0259 il\u0259 \u00e7\u0131x\u0131\u015f edib.<\/p>\n<p>Avropa \u015euras\u0131n\u0131n STAGE layih\u0259si \u00e7\u0259r\u00e7iv\u0259sind\u0259 Az\u0259rbaycan Respublikas\u0131 M\u0259d\u0259niyy\u0259t Nazirliyi t\u0259r\u0259find\u0259n haz\u0131rlanm\u0131\u015f \u201cAz\u0259rbaycan m\u0259d\u0259niyy\u0259t siyas\u0259ti\u201d m\u0259ruz\u0259sinin ekspertl\u0259rind\u0259n v\u0259 m\u0259cmu\u0259nin m\u00fc\u0259llifl\u0259rind\u0259n biridir. Az\u0259rbaycan B\u0259st\u0259karlar \u0130ttifaq\u0131n\u0131n \u00fczv\u00fcd\u00fcr.<\/p>\n","protected":false},"excerpt":{"rendered":"<p>Milli Konservatoriyan\u0131n rektoru v\u0259zif\u0259sin\u0259 YEN\u0130 T\u018fY\u0130NAT Siyavu\u015f \u018f\u015fr\u0259f o\u011flu K\u0259rimi Az\u0259rbaycan Milli Konservatoriyas\u0131n\u0131n rektoru v\u0259zif\u0259sind\u0259n azad edilib. &#8220;\u0130NFONEWS&#8221; x\u0259b\u0259r verir ki, Prezident \u0130lham \u018fliyev bununla ba\u011fl\u0131 S\u0259r\u0259ncam imzalay\u0131b. D\u00f6vl\u0259t ba\u015f\u00e7\u0131s\u0131n\u0131n&hellip; <\/p>\n","protected":false},"author":14,"featured_media":46315,"comment_status":"open","ping_status":"open","sticky":false,"template":"","format":"standard","meta":{"_mi_skip_tracking":false,"_monsterinsights_sitenote_active":false,"_monsterinsights_sitenote_note":"","_monsterinsights_sitenote_category":0,"footnotes":""},"categories":[11,3],"tags":[3660,15,14248,14247],"aioseo_notices":[],"_links":{"self":[{"href":"https:\/\/infonews.az\/index.php?rest_route=\/wp\/v2\/posts\/46314"}],"collection":[{"href":"https:\/\/infonews.az\/index.php?rest_route=\/wp\/v2\/posts"}],"about":[{"href":"https:\/\/infonews.az\/index.php?rest_route=\/wp\/v2\/types\/post"}],"author":[{"embeddable":true,"href":"https:\/\/infonews.az\/index.php?rest_route=\/wp\/v2\/users\/14"}],"replies":[{"embeddable":true,"href":"https:\/\/infonews.az\/index.php?rest_route=%2Fwp%2Fv2%2Fcomments&post=46314"}],"version-history":[{"count":1,"href":"https:\/\/infonews.az\/index.php?rest_route=\/wp\/v2\/posts\/46314\/revisions"}],"predecessor-version":[{"id":46316,"href":"https:\/\/infonews.az\/index.php?rest_route=\/wp\/v2\/posts\/46314\/revisions\/46316"}],"wp:featuredmedia":[{"embeddable":true,"href":"https:\/\/infonews.az\/index.php?rest_route=\/wp\/v2\/media\/46315"}],"wp:attachment":[{"href":"https:\/\/infonews.az\/index.php?rest_route=%2Fwp%2Fv2%2Fmedia&parent=46314"}],"wp:term":[{"taxonomy":"category","embeddable":true,"href":"https:\/\/infonews.az\/index.php?rest_route=%2Fwp%2Fv2%2Fcategories&post=46314"},{"taxonomy":"post_tag","embeddable":true,"href":"https:\/\/infonews.az\/index.php?rest_route=%2Fwp%2Fv2%2Ftags&post=46314"}],"curies":[{"name":"wp","href":"https:\/\/api.w.org\/{rel}","templated":true}]}}