{"id":46398,"date":"2024-12-02T15:02:10","date_gmt":"2024-12-02T11:02:10","guid":{"rendered":"https:\/\/infonews.az\/?p=46398"},"modified":"2024-12-02T15:02:10","modified_gmt":"2024-12-02T11:02:10","slug":"qarabaga-min-erm%c9%99ni-qayidacaqsa-fazil-mustafa","status":"publish","type":"post","link":"https:\/\/infonews.az\/?p=46398","title":{"rendered":"&#8220;Qaraba\u011fa min erm\u0259ni qay\u0131dacaqsa&#8230; &#8221; &#8211; Fazil Mustafa"},"content":{"rendered":"<p><span style=\"color: #ffffff;\">&#8220;Qaraba\u011fa min erm\u0259ni qay\u0131dacaqsa&#8230; &#8221; &#8211; Fazil Mustafa<\/span><\/p>\n<blockquote><p><strong>&#8220;Erm\u0259nistanda az\u0259rbaycanl\u0131larla, m\u00fcs\u0259lmanlarla bir yerd\u0259 ya\u015fama\u011f\u0131n yolverilm\u0259z oldu\u011funu d\u00fc\u015f\u00fcn\u0259n erm\u0259ni vandalizmi il\u0259 \u00fcz-\u00fcz\u0259yik&#8221;.<\/strong><\/p><\/blockquote>\n<p><a href=\"https:\/\/infonews.az\/?p=46398\"><span style=\"color: #000080;\"><strong>&#8220;\u0130NFONEWS&#8221;<\/strong><\/span><\/a>\u00a0x\u0259b\u0259r verir ki, bunu Milli M\u0259clisd\u0259 \u201cQ\u0259rbi Az\u0259rbaycana t\u0259hl\u00fck\u0259siz v\u0259 l\u0259yaq\u0259tli qay\u0131d\u0131\u015f\u201d m\u00f6vzusunda ictimai dinl\u0259m\u0259d\u0259 \u00e7\u0131x\u0131\u015f\u0131 zaman\u0131 deputat Fazil Mustafa deyib.<\/p>\n<p>&#8220;Bir m\u0259qama diqq\u0259t etm\u0259liyik ki, beyn\u0259lxalq platformada erm\u0259nil\u0259rin Az\u0259rbaycana hans\u0131sa formada qay\u0131d\u0131\u015f\u0131n\u0131n alternativi olaraq az\u0259rbaycanl\u0131lar\u0131n Q\u0259rbi Az\u0259rbaycana qay\u0131d\u0131\u015f\u0131 tezisini aktual \u015f\u0259kild\u0259 b\u00fct\u00fcn beyn\u0259lxalq platformalarda g\u00fcnd\u0259md\u0259 saxlamal\u0131y\u0131q. Erm\u0259nil\u0259r guya yeni \u00e7\u0131xm\u0131\u015f g\u00f6r\u00fcn\u00fcrl\u0259r. Qaraba\u011fa hans\u0131sa formada gerid\u00f6n\u00fc\u015fl\u0259 ba\u011fl\u0131 Az\u0259rbaycana t\u0259zyiql\u0259rl\u0259 bunu eynil\u0259\u015fdirm\u0259y\u0259 b\u00fct\u00fcn g\u00fcc\u00fcm\u00fczl\u0259 \u00e7al\u0131\u015famly\u0131q. Min erm\u0259ni qay\u0131d\u0131rsa, min az\u0259rbaycan\u0131l\u0131n\u0131n da qay\u0131d\u0131\u015f\u0131 t\u0259min olunmal\u0131d\u0131r. Bunu paralel aparmaq bizim g\u0259l\u0259c\u0259k siyas\u0259timizin u\u011furlar\u0131ndan biri olacaq&#8221;, &#8211; dey\u0259 deputat bildirib.<\/p>\n","protected":false},"excerpt":{"rendered":"<p>&#8220;Qaraba\u011fa min erm\u0259ni qay\u0131dacaqsa&#8230; &#8221; &#8211; Fazil Mustafa &#8220;Erm\u0259nistanda az\u0259rbaycanl\u0131larla, m\u00fcs\u0259lmanlarla bir yerd\u0259 ya\u015fama\u011f\u0131n yolverilm\u0259z oldu\u011funu d\u00fc\u015f\u00fcn\u0259n erm\u0259ni vandalizmi il\u0259 \u00fcz-\u00fcz\u0259yik&#8221;. &#8220;\u0130NFONEWS&#8221;\u00a0x\u0259b\u0259r verir ki, bunu Milli M\u0259clisd\u0259 \u201cQ\u0259rbi Az\u0259rbaycana t\u0259hl\u00fck\u0259siz&hellip; <\/p>\n","protected":false},"author":14,"featured_media":16206,"comment_status":"open","ping_status":"open","sticky":false,"template":"","format":"standard","meta":{"_mi_skip_tracking":false,"_monsterinsights_sitenote_active":false,"_monsterinsights_sitenote_note":"","_monsterinsights_sitenote_category":0,"footnotes":""},"categories":[6,11],"tags":[5278,4173,11807],"aioseo_notices":[],"_links":{"self":[{"href":"https:\/\/infonews.az\/index.php?rest_route=\/wp\/v2\/posts\/46398"}],"collection":[{"href":"https:\/\/infonews.az\/index.php?rest_route=\/wp\/v2\/posts"}],"about":[{"href":"https:\/\/infonews.az\/index.php?rest_route=\/wp\/v2\/types\/post"}],"author":[{"embeddable":true,"href":"https:\/\/infonews.az\/index.php?rest_route=\/wp\/v2\/users\/14"}],"replies":[{"embeddable":true,"href":"https:\/\/infonews.az\/index.php?rest_route=%2Fwp%2Fv2%2Fcomments&post=46398"}],"version-history":[{"count":1,"href":"https:\/\/infonews.az\/index.php?rest_route=\/wp\/v2\/posts\/46398\/revisions"}],"predecessor-version":[{"id":46399,"href":"https:\/\/infonews.az\/index.php?rest_route=\/wp\/v2\/posts\/46398\/revisions\/46399"}],"wp:featuredmedia":[{"embeddable":true,"href":"https:\/\/infonews.az\/index.php?rest_route=\/wp\/v2\/media\/16206"}],"wp:attachment":[{"href":"https:\/\/infonews.az\/index.php?rest_route=%2Fwp%2Fv2%2Fmedia&parent=46398"}],"wp:term":[{"taxonomy":"category","embeddable":true,"href":"https:\/\/infonews.az\/index.php?rest_route=%2Fwp%2Fv2%2Fcategories&post=46398"},{"taxonomy":"post_tag","embeddable":true,"href":"https:\/\/infonews.az\/index.php?rest_route=%2Fwp%2Fv2%2Ftags&post=46398"}],"curies":[{"name":"wp","href":"https:\/\/api.w.org\/{rel}","templated":true}]}}