{"id":46438,"date":"2024-12-03T10:32:39","date_gmt":"2024-12-03T06:32:39","guid":{"rendered":"https:\/\/infonews.az\/?p=46438"},"modified":"2024-12-03T14:54:18","modified_gmt":"2024-12-03T10:54:18","slug":"ail%c9%99min-t%c9%99k-t%c9%99s%c9%99llisi-natiqin-adinin-%c9%99b%c9%99dil%c9%99sdirilm%c9%99sidir","status":"publish","type":"post","link":"https:\/\/infonews.az\/?p=46438","title":{"rendered":"\u201cAil\u0259min t\u0259k t\u0259s\u0259llisi Natiqin ad\u0131n\u0131n \u0259b\u0259dil\u0259\u015fdirilm\u0259sidir\u201d"},"content":{"rendered":"<div id=\"news-detail-content\" class=\"mt-4 prose prose-base sm:prose-lg !max-w-full [&amp;_iframe]:!max-w-full [&amp;_table]:!max-w-full\">\n<blockquote><p>Az\u0259rbaycan\u0131n suverenliyi v\u0259 \u0259razi b\u00fct\u00f6vl\u00fcy\u00fc u\u011frunda can\u0131n\u0131 f\u0259da etmi\u015f q\u0259hr\u0259manlar\u0131m\u0131z\u0131n xatir\u0259si daim uca tutulur.\u00a0Prezident \u0130lham \u018fliyevin Az\u0259rbaycan\u0131n Milli Q\u0259hr\u0259man\u0131 Natiq S\u0259lim o\u011flu Qas\u0131movun xatir\u0259sinin \u0259b\u0259dil\u0259\u015fdirilm\u0259si m\u0259qs\u0259dil\u0259 verdiyi s\u0259rancam \u0259sas\u0131nda\u00a0Ba\u015f nazir \u018fli \u018fs\u0259dov da\u00a0bir ne\u00e7\u0259 g\u00fcn \u0259vv\u0259l\u00a0bu q\u0259hr\u0259man \u015f\u0259hidimizin ad\u0131n\u0131n onun t\u0259hsil ald\u0131\u011f\u0131 Ming\u0259\u00e7evir \u015f\u0259h\u0259r 4 n\u00f6mr\u0259li tam orta \u00fcmumt\u0259hsil m\u0259kt\u0259bin\u0259 verilm\u0259si bar\u0259d\u0259 q\u0259rar verib.<\/p><\/blockquote>\n<p><strong>\u201cD\u0259rslikd\u0259 &#8220;Bayraqdar Natiq&#8221; ba\u015fl\u0131ql\u0131 yaz\u0131 g\u00f6rd\u00fckd\u0259 \u00e7ox sevindik\u201d<\/strong><\/p>\n<p><a href=\"https:\/\/infonews.az\/?p=46438\"><span style=\"color: #000080;\"><strong>&#8220;\u0130NFONEWS&#8221;<\/strong><\/span><\/a> x\u0259b\u0259r verir ki, m\u0259kt\u0259bin direktoru Zaur M\u00fcseyibov Milli Q\u0259hr\u0259man Natiq Qas\u0131movun ad\u0131n\u0131n \u0259d\u0259bil\u0259\u015fdirilm\u0259sind\u0259n sonsuz d\u0259r\u0259c\u0259d\u0259 sevinclidir.<\/p>\n<p>O, \u201cAz\u0259rbaycan m\u00fc\u0259llimi\u201d il\u0259 s\u00f6hb\u0259ti zaman\u0131 Milli Q\u0259hr\u0259man\u0131n b\u00fcst\u00fcn\u00fcn haz\u0131rlanmas\u0131 v\u0259 m\u0259kt\u0259b\u0259 ad\u0131n\u0131n verilm\u0259si il\u0259 ba\u011fl\u0131 art\u0131q m\u00fcvafiq haz\u0131rl\u0131qlara ba\u015flan\u0131ld\u0131\u011f\u0131n\u0131 deyir.<\/p>\n<p>Zaur m\u00fc\u0259llimin s\u00f6zl\u0259rin\u0259 g\u00f6r\u0259, t\u0259dris zaman\u0131 \u015fagirdl\u0259rin\u0259 Natiq Qas\u0131movun h\u0259yat v\u0259 q\u0259hr\u0259manl\u0131q yolundan h\u0259r zaman q\u00fcrurla dan\u0131\u015f\u0131rlar. Elm v\u0259 T\u0259hsil Nazirliyinin 5-ci sinif \u201cAz\u0259rbaycan tarixi\u201d d\u0259rsliyind\u0259 d\u0259 &#8220;Qan\u0131 il\u0259 tarix yazan q\u0259hr\u0259manlar&#8221; ba\u015fl\u0131ql\u0131 m\u00f6vzuda \u015f\u0259hidin q\u0259hr\u0259manl\u0131q salnam\u0259sind\u0259n b\u0259hs edilir: \u201c2024-c\u00fc ild\u0259n 9-cu sinif \u201cAz\u0259rbaycan tarixi\u201d kitab\u0131nda da \u015f\u0259hid haqq\u0131nda &#8220;Bayraqdar Natiq&#8221; ba\u015fl\u0131ql\u0131 faktlara \u0259saslanan yaz\u0131n\u0131 g\u00f6rd\u00fckd\u0259 \u00e7ox sevindik. Burada \u015f\u0259hidimizin bayra\u011f\u0131m\u0131z\u0131 can\u0131 bahas\u0131na qorudu\u011funu t\u0259sdiq ed\u0259n faktlar\u0131n yer almas\u0131 v\u0259 \u015fagirdl\u0259rin bu m\u0259lumatlar\u0131 d\u0259rslikl\u0259r vasit\u0259sil\u0259 \u00f6yr\u0259nm\u0259si \u00e7ox vacibdir. Bu c\u00fcr igidl\u0259rimizl\u0259 ba\u011fl\u0131 faktlar\u0131 tarix kitablar\u0131na daxil etm\u0259k, onlar\u0131 ya\u015fatmaq, g\u0259l\u0259c\u0259k n\u0259sill\u0259r\u0259 \u00f6t\u00fcrm\u0259k bizim milli-m\u0259n\u0259vi borcumuzdur.<\/p>\n<p>&#8220;\u015eagirdl\u0259rin milli-m\u0259n\u0259vi ruhda t\u0259hsil almalar\u0131 \u00fc\u00e7\u00fcn haz\u0131rlanan kitablarda bu c\u00fcr q\u0259hr\u0259manlar\u0131n ad\u0131na tez-tez rast g\u0259lirik. Bu, bizi q\u00fcrurland\u0131r\u0131r\u201d.<\/p>\n<figure class=\"image\"><img loading=\"lazy\" decoding=\"async\" src=\"https:\/\/api.muallim.edu.az\/uploads\/muallimeduaznews\/02%20December%202024\/ef12064f-d872-4269-9366-ce104728e689_WhatsApp%20Image%202024-12-02%20at%2009.08.41_f603d62e.jpg\" width=\"1600\" height=\"900\" \/><\/figure>\n<p><strong>\u201cPrezidentin s\u0259r\u0259ncam\u0131 anam\u0131 \u00e7ox k\u00f6vr\u0259ltdi\u201d<\/strong><\/p>\n<p>Bu q\u00fcrurlu x\u0259b\u0259ri ald\u0131qdan sonra &#8220;Az\u0259rbaycan m\u00fc\u0259llimi&#8221; olaraq biz d\u0259 \u015e\u0259hidl\u0259r xiyaban\u0131nda m\u0259zar\u0131 olmayan Milli Q\u0259hr\u0259man\u0131m\u0131z\u0131n barelyefini ziyar\u0259t etdik.<\/p>\n<p>Barelyefinin qar\u015f\u0131s\u0131nda\u00a0g\u00f6r\u00fc\u015fd\u00fcy\u00fcm\u00fcz\u00a0qarda\u015f\u0131 Nof\u0259l Qas\u0131mov ill\u0259rdir\u00a0ki,\u00a0qarda\u015f\u0131n\u0131n axtar\u0131\u015f\u0131n\u0131 davam etdirir. G\u00f6z\u00fcnd\u0259 m\u0259\u011frur k\u0259d\u0259r il\u0259 biziml\u0259 s\u00f6hb\u0259t\u0259 ba\u015flayan Nof\u0259l b\u0259y qarda\u015f\u0131n\u0131n ad\u0131n\u0131n m\u0259kt\u0259b\u0259 verilm\u0259si \u00fc\u00e7\u00fcn\u00a0bir ay \u0259vv\u0259l Ming\u0259\u00e7evir\u00a0\u015f\u0259h\u0259r \u0130cra Hakimiyy\u0259tin\u0259 m\u00fcraci\u0259t edib: \u201c\u0130cra Hakimiyy\u0259tinin ba\u015f\u00e7\u0131s\u0131 \u0130lham \u0130smay\u0131lov\u00a0m\u0259niml\u0259 g\u00f6r\u00fc\u015f\u00fcnd\u0259\u00a0Elm v\u0259 T\u0259hsil Nazirliyin\u0259 bununla ba\u011fl\u0131 m\u00fcraci\u0259t ed\u0259c\u0259yini dedi. \u00c7ox q\u0131sa zaman \u0259rzind\u0259 nazirliyin bu ist\u0259yimi d\u0259st\u0259kl\u0259m\u0259si v\u0259 Prezidentin s\u0259r\u0259ncam\u0131 il\u0259 onun ad\u0131n\u0131n \u0259b\u0259dil\u0259\u015fdirilm\u0259si ail\u0259mizi, x\u00fcsusil\u0259 anam\u0131, b\u00fct\u00fcn Natiqsev\u0259rl\u0259ri k\u00f6vr\u0259ltdi\u201d.<\/p>\n<p><strong>\u201cOnda hiss etdim ki, Natiq niy\u0259 o\u011fluma Namiq ad\u0131n\u0131 qoyma\u011f\u0131m\u0131 ist\u0259di\u201d<\/strong><\/p>\n<p>Natiq 1971-ci il yanvar\u0131n 2-d\u0259 G\u0259d\u0259b\u0259y rayonunun Ki\u00e7ik Qaramuradl\u0131 k\u0259ndind\u0259 anadan olub. Qarda\u015f\u0131n\u0131n dediyin\u0259 g\u00f6r\u0259, ail\u0259l\u0259rind\u0259 4 u\u015faq olub. Evin \u0259n ki\u00e7iyi olan Natiq h\u0259m d\u0259 ail\u0259nin \u0259n ist\u0259klisi kimi ham\u0131 t\u0259r\u0259find\u0259n \u00e7ox sevilib: \u201cM\u0259n Natiqd\u0259n 10 ya\u015f b\u00f6y\u00fck idim.\u00a0Natiq Ming\u0259\u00e7evir \u015f\u0259h\u0259ri 4 n\u00f6mr\u0259li tam orta m\u0259kt\u0259bd\u0259 t\u0259hsil alanda m\u0259n Rusiyada ya\u015fay\u0131rd\u0131m. O vaxtlar Qaraba\u011fla ba\u011fl\u0131 \u00e7ox\u00a0narahatedici\u00a0x\u0259b\u0259rl\u0259r g\u0259lirdi.\u00a0M\u0259n h\u0259min vaxt onunla tez-tez \u0259laq\u0259 saxlay\u0131rd\u0131m. \u00d6vlad\u0131m d\u00fcnyaya g\u0259l\u0259nd\u0259 Natiq ona Namiq ad\u0131n\u0131 qoyma\u011f\u0131m\u0131 ist\u0259di. M\u00fcharib\u0259 ba\u015flayan kimi is\u0259 Natiq c\u0259bh\u0259y\u0259 yolland\u0131. Onda hiss etdim ki, Natiq niy\u0259 o\u011fluma Namiq ad\u0131n\u0131 qoyma\u011f\u0131m\u0131 ist\u0259di, amma ona he\u00e7 n\u0259 dey\u0259 bilm\u0259dim, arzusunu yerin\u0259 yetirdim\u201d.<\/p>\n<figure class=\"image\"><img loading=\"lazy\" decoding=\"async\" src=\"https:\/\/api.muallim.edu.az\/uploads\/muallimeduaznews\/02%20December%202024\/8a034db8-1020-462d-8644-9ae65c89e22d_WhatsApp%20Image%202024-12-02%20at%2009.08.43_60d6a331.jpg\" width=\"1600\" height=\"900\" \/><\/figure>\n<p><strong>Bir\u00a0 \u015f\u0259kil il\u0259 tarixl\u0259r\u0259 d\u00fc\u015fd\u00fc<\/strong><\/p>\n<p>Natiq Erm\u0259nistan silahl\u0131 birl\u0259\u015fm\u0259l\u0259rinin Az\u0259rbaycan\u0131n suveren \u0259razil\u0259rin\u0259 h\u00fccumu il\u0259 ba\u011fl\u0131 1991-ci ild\u0259 A\u011fdam rayonunda k\u00f6n\u00fcll\u00fc olaraq t\u0259\u015fkil edilmi\u015f &#8220;Qarada\u011f \u015fahinl\u0259ri&#8221; taboruna yaz\u0131laraq V\u0259t\u0259nin m\u00fcdafi\u0259sind\u0259 i\u015ftirak edib.<\/p>\n<p>O, 1992-ci il mart\u0131nda Xocal\u0131 rayonunun Pirl\u0259r k\u0259ndi istiqam\u0259tind\u0259 ged\u0259n d\u00f6y\u00fc\u015fd\u0259 Erm\u0259nistan h\u0259rb\u00e7il\u0259ri t\u0259r\u0259find\u0259n \u0259sir g\u00f6t\u00fcr\u00fcl\u00fcb.<\/p>\n<p>Alt\u0131 d\u00f6y\u00fc\u015f yolda\u015f\u0131 h\u0259lak olduqdan sonra be\u015f g\u00fcn Alban kils\u0259sind\u0259 ac-susuz, t\u0259kba\u015f\u0131na d\u00f6y\u00fc\u015f\u00fcb. G\u00fcll\u0259si qurtard\u0131\u011f\u0131ndan alt\u0131nc\u0131 g\u00fcn &#8211; 1992-ci il mart\u0131n 12-d\u0259 rusiyal\u0131 v\u0259 italiyal\u0131 jurnalistl\u0259rin &#8211; Konstantin Smirnov v\u0259 Enriko Sarzinin \u015fahidliyi il\u0259 Erm\u0259nistan h\u0259rb\u00e7il\u0259ri t\u0259r\u0259find\u0259n \u0259sir g\u00f6t\u00fcr\u00fcl\u00fcb.\u00a0Natiqin \u0259sir g\u00f6t\u00fcr\u00fclm\u0259si fakt\u0131 Rusiyada n\u0259\u015fr edil\u0259n &#8220;Oqonyok&#8221; jurnal\u0131n\u0131n 1992-ci il 14 v\u0259 15-ci n\u00f6mr\u0259l\u0259rind\u0259 &#8220;Strax&#8221; adl\u0131 m\u0259qal\u0259d\u0259 t\u0259svir edilib.<\/p>\n<p>M\u0259hz\u00a0bu\u00a0jurnalda\u00a0d\u0259rc\u00a0olunan\u00a0foto\u00a0Milli\u00a0Q\u0259hr\u0259man\u0131m\u0131z\u0131n \u015f\u00fcca\u0259tinin\u00a0n\u00fcmun\u0259si\u00a0idi. \u018fsir\u00a0d\u00fc\u015f\u0259rk\u0259n\u00a0bel\u0259 bayra\u011f\u0131\u00a0qorumas\u0131\u00a0Natiq\u00a0Qas\u0131movu\u00a0d\u00fcnyaya\u00a0tan\u0131td\u0131.<\/p>\n<figure class=\"image\"><img loading=\"lazy\" decoding=\"async\" src=\"https:\/\/api.muallim.edu.az\/uploads\/muallimeduaznews\/02%20December%202024\/d9c8a906-71c1-4343-9126-5d702ce5a89c_WhatsApp%20Image%202024-12-02%20at%2009.08.42_4590df62.jpg\" width=\"1600\" height=\"900\" \/><\/figure>\n<p><strong>\u201c\u00d6ld\u00fcy\u00fc deyils\u0259 d\u0259, Natiqin axtar\u0131\u015flar\u0131n\u0131 dayand\u0131rmad\u0131m\u201d<\/strong><\/p>\n<p>\u201cNatiq\u00a0\u0259sir d\u00fc\u015fd\u00fcy\u00fc\u00a0g\u00fcnd\u0259n onu axtarma\u011fa ba\u015flad\u0131m, bunun\u00a0\u00fc\u00e7\u00fcn \u00e7ox \u00e7al\u0131\u015fd\u0131m. O vaxt Milli Q\u0259hr\u0259man Allahverdi Ba\u011f\u0131rovla g\u00f6r\u00fc\u015fd\u00fcm. O, Natiqin diri-diri yand\u0131r\u0131ld\u0131\u011f\u0131 x\u0259b\u0259rini alsa da, m\u0259n axtar\u0131\u015flar\u0131 dayand\u0131rmad\u0131m. Allahverdi Ba\u011f\u0131rov sonra m\u0259niml\u0259 yenid\u0259n \u0259laq\u0259 saxlad\u0131. 60 \u015f\u0259hidin n\u0259\u015finin\u00a0erm\u0259nil\u0259rd\u0259n t\u0259hvil al\u0131nd\u0131\u011f\u0131n\u0131 dedi, g\u0259lib baxma\u011f\u0131m\u0131 ist\u0259di. Lakin m\u0259n o q\u0259d\u0259r c\u0259s\u0259din i\u00e7ind\u0259 bir n\u0259f\u0259rin vurularaq \u00f6ld\u00fcr\u00fcld\u00fcy\u00fcn\u00fc g\u00f6rd\u00fcm.\u00a0B\u0259lk\u0259 d\u0259 h\u0259yat\u0131mda o q\u0259d\u0259r d\u0259h\u015f\u0259tli, a\u011fr\u0131l\u0131 bir s\u0259hn\u0259 ya\u015famam\u0131\u015fd\u0131m. Atamla birlikd\u0259 \u00f6ld\u00fcr\u00fcl\u0259nl\u0259rin aras\u0131nda Natiqi axtarma\u011fa ba\u015flad\u0131q. Amma c\u0259s\u0259dl\u0259r\u0259 qar\u015f\u0131 o q\u0259d\u0259r v\u0259h\u015filikl\u0259r edilmi\u015fdi ki, m\u0259n d\u0259h\u015f\u0259t\u0259 g\u0259lirdim: b\u0259zil\u0259rinin d\u0259ril\u0259ri soyulmu\u015f, diri-diri yand\u0131r\u0131lm\u0131\u015fd\u0131, tan\u0131nmaz halda idil\u0259r.\u00a0Natiqin sin\u0259sind\u0259 &#8220;ANA&#8221; yaz\u0131s\u0131 vard\u0131. M\u0259n ona g\u00f6r\u0259 bir ne\u00e7\u0259 h\u0259rbi paltarda olan, amma tan\u0131nmaz halda olan \u015f\u0259hidl\u0259rin sin\u0259sin\u0259 baxmaq ist\u0259dim.\u00a0Onlar\u0131n\u00a0ham\u0131s\u0131n\u0131n\u00a0sin\u0259si qaralm\u0131\u015f k\u00f6m\u00fcr kimi idi. Adam\u0131n qan\u0131 donurdu bu v\u0259h\u015filiy\u0259. \u0130nsan insana bunu ed\u0259rdimi?<\/p>\n<p>Biz 30 il sonra bu g\u00fcnahs\u0131z qanlar\u0131n qisas\u0131n\u0131 ald\u0131q. Amma m\u0259rd-m\u0259rdan\u0259 ald\u0131q, ki\u015fi kimi d\u00f6y\u00fc\u015fd\u00fck. He\u00e7 bir m\u00fclki v\u0259t\u0259nda\u015fa z\u0259r\u0259r verm\u0259dik, \u015f\u0259r\u0259fl\u0259 d\u00f6y\u00fc\u015fd\u00fck\u201d.<\/p>\n<p>M\u00fcsahibimiz deyir ki, 2020-ci ild\u0259 44 g\u00fcnl\u00fck m\u00fcharib\u0259 olan zaman Natiqin n\u0259\u015fini axtard\u0131\u011f\u0131 g\u00fcnl\u0259ri \u00e7ox xat\u0131rlay\u0131b. \u201cO g\u00fcnl\u0259ri onsuz da unutmuram. Onda bir \u015feyi anlad\u0131m ki, insan\u0131n d\u00fc\u015fm\u0259ni d\u0259 ki\u015fi olmal\u0131d\u0131r. D\u00fc\u015fm\u0259nin naki\u015fi olarsa, ondan h\u0259r c\u00fcr v\u0259h\u015filik g\u00f6zl\u0259y\u0259 bil\u0259rs\u0259n.\u00a0Natiqi axtard\u0131\u011f\u0131m d\u00f6vrd\u0259 Q\u0131z\u0131l Xa\u00e7 C\u0259miyy\u0259tin\u0259 getdim, o d\u00f6vrl\u0259rd\u0259 he\u00e7 n\u0259 d\u00fczg\u00fcn i\u015fl\u0259mirdi. M\u0259n\u0259 onun \u00f6ld\u00fcy\u00fc deyils\u0259 d\u0259, bu g\u00fcn\u0259 q\u0259d\u0259r n\u0259 Natiqin yoxlu\u011fu il\u0259 bar\u0131\u015fd\u0131m, n\u0259 d\u0259 axtar\u0131\u015flar\u0131m\u0131 dayand\u0131rd\u0131m\u201d, &#8211; dey\u0259 s\u00f6hb\u0259tin\u0259 davam edir.<\/p>\n<figure class=\"image\"><img loading=\"lazy\" decoding=\"async\" src=\"https:\/\/api.muallim.edu.az\/uploads\/muallimeduaznews\/02%20December%202024\/d6531cbf-a11a-4e16-aa8b-6295a2e713ef_WhatsApp%20Image%202024-12-02%20at%2009.08.40_5454eeb9.jpg\" width=\"1200\" height=\"1600\" \/><\/figure>\n<p><strong>\u201cO\u011flum dedi ki,\u00a0onun \u00fc\u00e7\u00fcn \u0259misinin\u00a0h\u0259yat\u0131n\u0131\u00a0canland\u0131rmaq \u00e7ox\u00a0a\u011f\u0131rd\u0131r\u201d<\/strong><\/p>\n<p>Nof\u0259l bildirir ki, sonralar qarda\u015f\u0131\u00a0haqq\u0131nda filmin\u00a0\u00e7\u0259kilm\u0259si \u00fc\u00e7\u00fcn\u00a0m\u00fcvafiq qurumlara\u00a0m\u00fcraci\u0259t edib. M\u0259d\u0259niyy\u0259t v\u0259 Turizm Nazirliyi t\u0259r\u0259find\u0259n 2016-c\u0131 ild\u0259 \u00e7\u0259kilmi\u015f &#8220;O\u011ful&#8221; filmind\u0259 Natiq Qas\u0131movu o\u011flu Namiq Qas\u0131mov canland\u0131r\u0131b: \u201cSonra ba\u015fqa bir film d\u0259 \u00e7\u0259kildi. Bu filmin \u00e7\u0259kili\u015fl\u0259rini xarici kinooperatorlar h\u0259yata ke\u00e7irdi, \u00e7\u0259kili\u015fl\u0259r 3 il davam etdi. \u00c7\u0259kili\u015fl\u0259r \u00fc\u00e7\u00fcn \u0130ngilt\u0259r\u0259d\u0259n d\u0259 n\u00fcmay\u0259nd\u0259l\u0259r g\u0259ldi. Bu film Almaniyada, Hindistanda, \u00c7exiyada ke\u00e7iril\u0259n festivallarda n\u00fcmayi\u015f olunub. Prod\u00fcseri hindistanl\u0131 Kalan Sink, rejissoru almaniyal\u0131 Ekat idi. Onlar d\u00f6vl\u0259t t\u0259r\u0259find\u0259n d\u0259v\u0259t edilmi\u015fdi. H\u0259min \u015f\u0259xsl\u0259r bu filmd\u0259 d\u0259 Natiq rolunu o\u011flum Namiqin canland\u0131rmas\u0131n\u0131 ist\u0259dil\u0259r. O\u011flum \u0259vv\u0259lki filmd\u0259 \u00e7\u0259kils\u0259 d\u0259, bu filmd\u0259 \u00e7\u0259kilm\u0259kd\u0259n imtina etdi.\u00a0\u018fmisinin ya\u015fad\u0131\u011f\u0131 h\u0259yat\u0131 canland\u0131rmaq onun \u00fc\u00e7\u00fcn \u00e7ox a\u011fr\u0131l\u0131 idi. Biz\u0259 dedi ki, onun \u00fc\u00e7\u00fcn \u0259misinin h\u0259yat\u0131n\u0131 canland\u0131rmaq \u00e7ox a\u011f\u0131rd\u0131r\u201d.<\/p>\n<figure class=\"image\"><img loading=\"lazy\" decoding=\"async\" src=\"https:\/\/api.muallim.edu.az\/uploads\/muallimeduaznews\/02%20December%202024\/c661a3d6-ab1e-4e13-b04d-f22c2f448566_WhatsApp%20Image%202024-11-29%20at%2012.58.28.jpeg\" width=\"669\" height=\"960\" \/><\/figure>\n<p><strong>Q\u0259hr\u0259man\u0131n xatir\u0259sinin ya\u015fad\u0131lmas\u0131<\/strong><\/p>\n<p>Natiq Qas\u0131mov haz\u0131rda \u018fsir v\u0259 itkin d\u00fc\u015fm\u00fc\u015f, girov g\u00f6t\u00fcr\u00fclm\u00fc\u015f v\u0259t\u0259nda\u015flarla \u0259laq\u0259dar D\u00f6vl\u0259t Komissiyas\u0131nda I Qaraba\u011f m\u00fcharib\u0259sind\u0259 itkin d\u00fc\u015fm\u00fc\u015f \u015f\u0259xs kimi qeydiyyatdad\u0131r.<\/p>\n<p>\u201cM\u0259n bu g\u00fcn d\u0259 axtar\u0131\u015flar\u0131m\u0131 davam etdirir\u0259m. Ming\u0259\u00e7evird\u0259ki \u015e\u0259hidl\u0259r xiyaban\u0131nda itkin d\u00fc\u015f\u0259nl\u0259rin r\u0259mzi m\u0259zar\u0131 Natiqin m\u0259zar\u0131n\u0131n \u0259v\u0259zini vermir. Bunu 2020-ci il V\u0259t\u0259n m\u00fcharib\u0259si zaman\u0131 o\u011flunu m\u0259zara qoyan, nal\u0259si he\u00e7 dinm\u0259y\u0259n bir \u015f\u0259hid anas\u0131na da dedim. &#8220;32 ildir bo\u015f m\u0259zar\u0131n ba\u015f\u0131nda qarda\u015f\u0131m\u0131 g\u00f6zl\u0259yir\u0259m&#8221;, &#8211; dedim. M\u0259n bu m\u0259zara g\u00fcl g\u0259tirib qoymam\u0131\u015fam. Natiq burada deyil. Natiqi o q\u0259d\u0259r axtard\u0131m ki\u2026 c\u0259nab Prezidentimiz d\u0259 bu axtar\u0131\u015flar\u0131mdan x\u0259b\u0259rdar idi\u2026 2024-c\u00fc il iyunun 25-d\u0259 m\u0259n\u0259 z\u0259ng g\u0259ldi ki, Prezident bu g\u00fcn imzalad\u0131\u011f\u0131 s\u0259r\u0259ncamla Natiq Qas\u0131mova &#8220;Az\u0259rbaycan\u0131n Milli Q\u0259hr\u0259man\u0131&#8221; ad\u0131n\u0131 verdi. S\u0259r\u0259ncam\u0131n ad g\u00fcn\u00fcm\u0259 t\u0259sad\u00fcf etm\u0259si, Prezidentinin \u015f\u0259hid ail\u0259l\u0259rin\u0259 g\u00f6st\u0259rdiyi diqq\u0259t v\u0259 qay\u011f\u0131 m\u0259ni bir daha q\u00fcrurland\u0131rd\u0131\u201d.<\/p>\n<p>Nof\u0259l dan\u0131\u015f\u0131r ki, Ming\u0259\u00e7evird\u0259<strong>\u00a0<\/strong>Natiq Qas\u0131movun ad\u0131n\u0131 da\u015f\u0131yan bulaq var. Natiqin \u00a0sevdiyi q\u0131z he\u00e7 vaxt ail\u0259 qurmad\u0131, \u00e7ox tez-tez h\u0259min bula\u011fa g\u0259lib onun arxas\u0131ndak\u0131 oturacaqda oturub fikr\u0259 dalar, sonra \u00e7\u0131x\u0131b ged\u0259rdi: \u201cO q\u0131z Natiqd\u0259n bir ne\u00e7\u0259 sinif a\u015fa\u011f\u0131 oxuyurdu, ill\u0259rl\u0259 Natiqin qay\u0131daca\u011f\u0131na \u00fcmid etdi, onun yolunu g\u00f6zl\u0259di. N\u0259 Natiq qay\u0131td\u0131, n\u0259 d\u0259 bula\u011f\u0131n\u0131n ba\u015f\u0131nda oturub yolunu g\u00f6zl\u0259y\u0259n q\u0131z \u00e7\u0131x\u0131b getdi&#8230;\u201d<\/p>\n<p>Q\u0259hr\u0259man\u0131n ail\u0259 \u00fczv\u00fc \u0259lav\u0259 edir ki, icra ba\u015f\u00e7\u0131s\u0131 \u0130lham \u0130smay\u0131lov Ming\u0259\u00e7evirin QRES q\u0259s\u0259b\u0259sind\u0259 yeni bula\u011f\u0131n tikilm\u0259si il\u0259 ba\u011fl\u0131 i\u015fl\u0259rin yax\u0131n vaxtda yekunla\u015faca\u011f\u0131n\u0131 bildirib. O, bula\u011f\u0131n m\u0259hz yanvar\u0131n 2-d\u0259 Natiqin ad g\u00fcn\u00fcnd\u0259 a\u00e7\u0131laca\u011f\u0131n\u0131 deyib.<\/p>\n<p>\u201cBu g\u00fcn t\u0259k ist\u0259yim var. Art\u0131q bilir\u0259m ki, Natiq sa\u011f deyil. M\u0259nim qarda\u015f\u0131m haqq\u0131nda daha d\u00fczg\u00fcn m\u0259lumat\u0131 Vitali Balasanyan ver\u0259 bil\u0259r. Arzum onun h\u0259bs olunmas\u0131 v\u0259 qarda\u015f\u0131m\u0131n n\u0259\u015finin tap\u0131laraq Ming\u0259\u00e7evir\u0259 g\u0259tirilm\u0259sidir. Natiqin n\u0259\u015fi tap\u0131ld\u0131qda axtar\u0131\u015flar\u0131m\u0131 dayand\u0131raca\u011fam. Son n\u0259f\u0259sim\u0259 q\u0259d\u0259r Natiqi axtaraca\u011fam\u201d, &#8211; dey\u0259n qarda\u015f\u0131n nitqi tutulur, g\u00f6z\u00fc dolur. Biz d\u0259 onun q\u0259h\u0259rin\u0259 \u015f\u0259rik olub m\u0259zar\u0131 olmayan Milli Q\u0259hr\u0259man\u0131m\u0131z\u0131 s\u00fckutla yad etdik. \u0130ll\u0259rdir yorulmadan qarda\u015f axtar\u0131\u015f\u0131nda olan, g\u00f6z\u00fcn\u0259 k\u0259d\u0259r dolan Nof\u0259l qarda\u015f\u0131m\u0131z\u0131n v\u0259 ail\u0259sinin t\u0259k t\u0259s\u0259llisi Natiq Qas\u0131movun ad\u0131n\u0131n \u0259b\u0259dil\u0259\u015fdirilm\u0259sidir. Q\u0259hr\u0259manl\u0131\u011f\u0131 haqq\u0131nda m\u0259lumatlar\u0131n d\u0259rslikl\u0259r\u0259 sal\u0131nmas\u0131, oxudu\u011fu m\u0259kt\u0259b\u0259 ad\u0131n\u0131n verilm\u0259si, ad\u0131na xatir\u0259 bula\u011f\u0131n\u0131n ucald\u0131lmas\u0131, filml\u0259rin \u00e7\u0259kilm\u0259si &#8211; b\u00fct\u00fcn bunlar bir \u015f\u0259hidin \u00f6lm\u0259zlik r\u0259mzidir.<\/p>\n<p>V\u0259t\u0259n u\u011frunda can\u0131n\u0131 f\u0259da ed\u0259n q\u0259hr\u0259manlar\u0131m\u0131z\u0131n xatir\u0259sini ya\u015fatmaq, onlar\u0131n ke\u00e7diyi \u015f\u0259r\u0259fli d\u00f6y\u00fc\u015f yolunu g\u0259l\u0259c\u0259k n\u0259sill\u0259r\u0259 \u00e7atd\u0131rmaq h\u0259r birimizin m\u00fcq\u0259dd\u0259s borcudur. Onlar\u0131n xatir\u0259si q\u0259lbimizd\u0259 daim ya\u015fayacaq. \u00c7\u00fcnki \u015f\u0259hidl\u0259r \u00f6lm\u0259z, V\u0259t\u0259n b\u00f6l\u00fcnm\u0259z!<\/p>\n<\/div>\n","protected":false},"excerpt":{"rendered":"<p>Az\u0259rbaycan\u0131n suverenliyi v\u0259 \u0259razi b\u00fct\u00f6vl\u00fcy\u00fc u\u011frunda can\u0131n\u0131 f\u0259da etmi\u015f q\u0259hr\u0259manlar\u0131m\u0131z\u0131n xatir\u0259si daim uca tutulur.\u00a0Prezident \u0130lham \u018fliyevin Az\u0259rbaycan\u0131n Milli Q\u0259hr\u0259man\u0131 Natiq S\u0259lim o\u011flu Qas\u0131movun xatir\u0259sinin \u0259b\u0259dil\u0259\u015fdirilm\u0259si m\u0259qs\u0259dil\u0259 verdiyi s\u0259rancam \u0259sas\u0131nda\u00a0Ba\u015f nazir&hellip; <\/p>\n","protected":false},"author":22,"featured_media":46439,"comment_status":"open","ping_status":"open","sticky":false,"template":"","format":"standard","meta":{"_mi_skip_tracking":false,"_monsterinsights_sitenote_active":false,"_monsterinsights_sitenote_note":"","_monsterinsights_sitenote_category":0,"footnotes":""},"categories":[5373,6664,8,4422,82,11377,13473,11,7,3],"tags":[14262,15],"aioseo_notices":[],"_links":{"self":[{"href":"https:\/\/infonews.az\/index.php?rest_route=\/wp\/v2\/posts\/46438"}],"collection":[{"href":"https:\/\/infonews.az\/index.php?rest_route=\/wp\/v2\/posts"}],"about":[{"href":"https:\/\/infonews.az\/index.php?rest_route=\/wp\/v2\/types\/post"}],"author":[{"embeddable":true,"href":"https:\/\/infonews.az\/index.php?rest_route=\/wp\/v2\/users\/22"}],"replies":[{"embeddable":true,"href":"https:\/\/infonews.az\/index.php?rest_route=%2Fwp%2Fv2%2Fcomments&post=46438"}],"version-history":[{"count":3,"href":"https:\/\/infonews.az\/index.php?rest_route=\/wp\/v2\/posts\/46438\/revisions"}],"predecessor-version":[{"id":46453,"href":"https:\/\/infonews.az\/index.php?rest_route=\/wp\/v2\/posts\/46438\/revisions\/46453"}],"wp:featuredmedia":[{"embeddable":true,"href":"https:\/\/infonews.az\/index.php?rest_route=\/wp\/v2\/media\/46439"}],"wp:attachment":[{"href":"https:\/\/infonews.az\/index.php?rest_route=%2Fwp%2Fv2%2Fmedia&parent=46438"}],"wp:term":[{"taxonomy":"category","embeddable":true,"href":"https:\/\/infonews.az\/index.php?rest_route=%2Fwp%2Fv2%2Fcategories&post=46438"},{"taxonomy":"post_tag","embeddable":true,"href":"https:\/\/infonews.az\/index.php?rest_route=%2Fwp%2Fv2%2Ftags&post=46438"}],"curies":[{"name":"wp","href":"https:\/\/api.w.org\/{rel}","templated":true}]}}