{"id":46742,"date":"2024-12-17T13:42:56","date_gmt":"2024-12-17T09:42:56","guid":{"rendered":"https:\/\/infonews.az\/?p=46742"},"modified":"2024-12-17T13:46:57","modified_gmt":"2024-12-17T09:46:57","slug":"etnik-t%c9%99mizl%c9%99m%c9%99nin-dord-m%c9%99rh%c9%99l%c9%99si-kitabi-mu%c9%99llifl%c9%99-gorus","status":"publish","type":"post","link":"https:\/\/infonews.az\/?p=46742","title":{"rendered":"\u201cEtnik t\u0259mizl\u0259m\u0259nin d\u00f6rd m\u0259rh\u0259l\u0259si\u201d kitab\u0131 &#8211; M\u00fc\u0259llifl\u0259 g\u00f6r\u00fc\u015f"},"content":{"rendered":"<p><span style=\"color: #ffffff;\">\u201cEtnik t\u0259mizl\u0259m\u0259nin d\u00f6rd m\u0259rh\u0259l\u0259si\u201d kitab\u0131 &#8211; M\u00fc\u0259llifl\u0259 g\u00f6r\u00fc\u015f<\/span><\/p>\n<blockquote><p>Q\u0259rbi Az\u0259rbaycandak\u0131 tarixi torpaqlar\u0131ndan az\u0259rbaycanl\u0131lar\u0131n m\u0259cburi deportasiyas\u0131, \u0259slind\u0259, etnik t\u0259mizl\u0259nm\u0259si \u00f6t\u0259n y\u00fczillikd\u0259 d\u00f6rd m\u0259rh\u0259l\u0259d\u0259 h\u0259yata ke\u00e7irilib v\u0259 h\u0259min \u0259razid\u0259 monoetnik erm\u0259ni d\u00f6vl\u0259tinin yarad\u0131lmas\u0131, onun \u0259razisinin geni\u015fl\u0259ndirilm\u0259si m\u0259qs\u0259di da\u015f\u0131y\u0131b. D\u0259h\u015f\u0259tli cinay\u0259tl\u0259rl\u0259, q\u0259ddarl\u0131q v\u0259 v\u0259h\u015filikl\u0259rl\u0259 m\u00fc\u015fayi\u0259t olunan k\u00fctl\u0259vi k\u00f6\u00e7\u00fcr\u00fclm\u0259 kampaniyalar\u0131 aras\u0131ndak\u0131 d\u00f6vrl\u0259rd\u0259 d\u0259 az\u0259rbaycanl\u0131 \u0259haliy\u0259 qar\u015f\u0131 t\u0259xribatlar, m\u0259n\u0259vi-fiziki t\u0259zyiql\u0259r davam etdirilib. Bu bar\u0259d\u0259 tarixi h\u0259qiq\u0259tl\u0259rin daha f\u0259al \u015f\u0259kild\u0259 beyn\u0259lxalq ictimaiyy\u0259t\u0259, h\u0259m\u00e7inin xalq\u0131m\u0131z\u0131n g\u0259nc n\u0259sill\u0259rin\u0259 \u00e7atd\u0131r\u0131lmas\u0131 vacibdir. AB\u015e-da ya\u015fayan v\u0259 orada elmi-pedaqoji f\u0259aliyy\u0259tl\u0259 m\u0259\u015f\u011ful olan siyas\u0259t\u015f\u00fcnas alim \u018fli \u018fsk\u0259rin \u201cEtnik t\u0259mizl\u0259m\u0259nin d\u00f6rd m\u0259rh\u0259l\u0259si\u201d kitab\u0131 da bel\u0259 m\u00fch\u00fcm bir missiyan\u0131 yerin\u0259 yetirir. Kitab orijinal\u0131 ingilis dilind\u0259 olan monoqrafiyadan ixtisarla t\u0259rc\u00fcm\u0259 edilib.<\/p><\/blockquote>\n<p><a href=\"https:\/\/infonews.az\/?p=46742\"><span style=\"color: #000080;\"><strong>&#8220;\u0130NFONEWS&#8221;<\/strong><\/span><\/a> -un Qa\u00e7q\u0131nlar\u0131n v\u0259 M\u0259cburi K\u00f6\u00e7k\u00fcnl\u0259rin \u0130\u015fl\u0259ri \u00fczr\u0259 D\u00f6vl\u0259t Komit\u0259sind\u0259n \u0259ld\u0259 etdiyi m\u0259lumat\u0131nda bildirilib ki, komit\u0259d\u0259 kitab\u0131n m\u00fc\u0259llifi il\u0259 g\u00f6r\u00fc\u015f ke\u00e7irilib. Q\u0259rbi Az\u0259rbaycan \u0130cmas\u0131n\u0131n \u201cQay\u0131d\u0131\u015f h\u00fcququ: Erm\u0259nistandan zorla \u00e7\u0131xar\u0131lm\u0131\u015f az\u0259rbaycanl\u0131lar \u00fc\u00e7\u00fcn \u0259dal\u0259tin t\u0259min edilm\u0259si\u201d m\u00f6vzusunda Bak\u0131 \u015f\u0259h\u0259rind\u0259 t\u0259\u015fkil etdiyi II beyn\u0259lxalq konfrans\u0131n i\u015ftirak\u00e7\u0131lar\u0131na Prezident \u0130lham \u018fliyevin m\u00fcraci\u0259tini xat\u0131rladan D\u00f6vl\u0259t Komit\u0259sinin s\u0259dri R\u00f6v\u015f\u0259n Rzayev xalq\u0131m\u0131z\u0131n \u0259srl\u0259r boyu \u00f6z d\u0259d\u0259-baba torpaqlar\u0131nda ya\u015fayaraq, z\u0259ngin m\u0259d\u0259ni irs yaratd\u0131\u011f\u0131n\u0131 vur\u011fulay\u0131b. O yerl\u0259r\u0259 \u0259sl sahibl\u0259rinin &#8211; az\u0259rbaycanl\u0131lar\u0131n qay\u0131daca\u011f\u0131 bar\u0259d\u0259 Ulu \u00d6nd\u0259r Heyd\u0259r \u018fliyevin vaxtil\u0259 s\u00f6yl\u0259diyi fikirl\u0259r\u0259 istinad ed\u0259n komit\u0259 s\u0259dri xalq\u0131m\u0131z\u0131n tarixi yadda\u015f\u0131n\u0131n buna \u0259sas verdiyini bildirib. V\u0259t\u0259np\u0259rv\u0259r alim kimi \u018fli \u018fsk\u0259rin d\u0259 m\u0259hz milli-m\u0259n\u0259vi irsd\u0259n v\u0259 tarixi yadda\u015fdan faydalanaraq obyektiv elmi ara\u015fd\u0131rmalar apard\u0131\u011f\u0131, tutarl\u0131 faktlar v\u0259 d\u0259lill\u0259rl\u0259 erm\u0259ni mill\u0259t\u00e7il\u0259rin\u0259 cavab verdiyi qeyd edilib.<\/p>\n<p>M\u00fc\u0259llif g\u00f6r\u00fc\u015fd\u0259ki \u00e7\u0131x\u0131\u015f\u0131nda m\u0259cburi deportasiyaya m\u0259ruz qalm\u0131\u015f bir ail\u0259nin \u00f6vlad\u0131 olaraq bu m\u00f6vzunu ara\u015fd\u0131rma\u011f\u0131, tarixi h\u0259qiq\u0259tl\u0259rin a\u00e7\u0131lmas\u0131na erm\u0259ni tarix\u00e7il\u0259rinin v\u0259 publisistl\u0259rinin \u00f6z etiraflar\u0131 \u0259sas\u0131nda nail olma\u011f\u0131 qar\u015f\u0131ya m\u0259qs\u0259d qoydu\u011funu deyib. Bildirib ki, az\u0259rbaycanl\u0131lara qar\u015f\u0131 erm\u0259nil\u0259rin apard\u0131\u011f\u0131 deportasiya siyas\u0259ti v\u0259 geni\u015fmiqyasl\u0131 zorak\u0131l\u0131qlar son n\u0259tic\u0259d\u0259 Qaraba\u011f\u0131n da\u011fl\u0131q hiss\u0259sini Az\u0259rbaycandan ay\u0131raraq, Erm\u0259nistana birl\u0259\u015fdirm\u0259k c\u0259hdl\u0259ri il\u0259 s\u0131x ba\u011fl\u0131 olub. Kitabda bu tezis \u0259trafl\u0131 \u015f\u0259kild\u0259 \u015f\u0259rh edilir. Prezident \u0130lham \u018fliyevin Q\u0259rbi Az\u0259rbaycana qay\u0131d\u0131\u015f m\u0259s\u0259l\u0259sin\u0259 g\u00f6st\u0259rdiyi h\u0259ssas m\u00fcnasib\u0259ti y\u00fcks\u0259k qiym\u0259tl\u0259ndir\u0259n \u018fli \u018fsk\u0259r d\u00f6vl\u0259timizin g\u00fccl\u00fc d\u0259st\u0259yi say\u0259sind\u0259 Q\u0259rbi Az\u0259rbaycan \u0130cmas\u0131n\u0131n f\u0259al v\u0259 s\u0259m\u0259r\u0259li i\u015f apard\u0131\u011f\u0131n\u0131 vur\u011fulay\u0131b.<\/p>\n<p>G\u00f6r\u00fc\u015fd\u0259 kitab\u0131n tarixi \u0259h\u0259miyy\u0259ti, onun n\u0259\u015frinin Az\u0259rbaycan c\u0259miyy\u0259tinin, x\u00fcsus\u0259n g\u0259ncl\u0259rin maarifl\u0259ndirilm\u0259si bax\u0131m\u0131ndan vacibliyi bir daha qeyd edilib. G\u00f6r\u00fc\u015fd\u0259 komit\u0259 \u0259m\u0259kda\u015flar\u0131 il\u0259 yana\u015f\u0131, \u0259sl\u0259n Q\u0259rbi Az\u0259rbaycandan olan bir qrup ziyal\u0131 da i\u015ftirak edib. Ert\u0259si g\u00fcn\u00fc is\u0259 m\u00fc\u0259llifin h\u0259myerlil\u0259ri, Amasiya rayonunun Qara\u00e7anta k\u0259ndi icmas\u0131n\u0131n \u00fczvl\u0259ri paytaxt\u0131n k\u00fctl\u0259vi t\u0259dbirl\u0259r ke\u00e7iril\u0259n m\u0259kanlar\u0131ndan birind\u0259 kitab\u0131n m\u00fczakir\u0259sin\u0259 y\u0131\u011f\u0131\u015f\u0131blar. \u018fli \u018fsk\u0259r onunla g\u00f6r\u00fc\u015f\u0259 g\u0259lmi\u015f icma \u00fczvl\u0259rin\u0259 h\u0259m Q\u0259rbi Az\u0259rbaycandan soyda\u015flar\u0131m\u0131z\u0131n m\u0259cburi deportasiyas\u0131 il\u0259 ba\u011fl\u0131 apard\u0131\u011f\u0131 ara\u015fd\u0131rmalar, h\u0259m d\u0259 diaspor f\u0259aliyy\u0259ti haqq\u0131nda m\u0259lumat verib. \u0130cma \u00fczvl\u0259ri do\u011fma yerl\u0259rl\u0259 ba\u011fl\u0131 xatir\u0259l\u0259rini b\u00f6l\u00fc\u015f\u00fcb, kitabla ba\u011fl\u0131 fikirl\u0259rini, t\u0259\u0259ss\u00fcratlar\u0131n\u0131 s\u0259sl\u0259ndiribl\u0259r.<\/p>\n<p>Xat\u0131rladaq ki, kitab Qa\u00e7q\u0131nlar\u0131n v\u0259 M\u0259cburi K\u00f6\u00e7k\u00fcnl\u0259rin \u0130\u015fl\u0259ri \u00fczr\u0259 D\u00f6vl\u0259t Komit\u0259si t\u0259r\u0259find\u0259n \u201cAz\u0259rbaycan Respublikas\u0131n\u0131n i\u015f\u011faldan azad edilmi\u015f \u0259razil\u0259rin\u0259 B\u00f6y\u00fck Qay\u0131d\u0131\u015fa dair I D\u00f6vl\u0259t Proqram\u0131\u201dn\u0131n T\u0259dbirl\u0259r Plan\u0131n\u0131n icras\u0131 \u00e7\u0259r\u00e7iv\u0259sind\u0259 t\u0259bli\u011fat v\u0259 m\u0259lumatland\u0131rma m\u0259qs\u0259dil\u0259 haz\u0131rlan\u0131b v\u0259 n\u0259\u015fr olunub.<\/p>\n<p><img loading=\"lazy\" decoding=\"async\" class=\"aligncenter size-full wp-image-46744\" src=\"https:\/\/infonews.az\/wp-content\/uploads\/2024\/12\/17344260711307448679_1200x630.jpg\" alt=\"\" width=\"945\" height=\"630\" srcset=\"https:\/\/infonews.az\/wp-content\/uploads\/2024\/12\/17344260711307448679_1200x630.jpg 945w, https:\/\/infonews.az\/wp-content\/uploads\/2024\/12\/17344260711307448679_1200x630-300x200.jpg 300w, https:\/\/infonews.az\/wp-content\/uploads\/2024\/12\/17344260711307448679_1200x630-768x512.jpg 768w\" sizes=\"(max-width: 945px) 100vw, 945px\" \/><\/p>\n<p><img loading=\"lazy\" decoding=\"async\" class=\"aligncenter size-full wp-image-46743\" src=\"https:\/\/infonews.az\/wp-content\/uploads\/2024\/12\/17344260713644724_1200x630.jpg\" alt=\"\" width=\"945\" height=\"630\" srcset=\"https:\/\/infonews.az\/wp-content\/uploads\/2024\/12\/17344260713644724_1200x630.jpg 945w, https:\/\/infonews.az\/wp-content\/uploads\/2024\/12\/17344260713644724_1200x630-300x200.jpg 300w, https:\/\/infonews.az\/wp-content\/uploads\/2024\/12\/17344260713644724_1200x630-768x512.jpg 768w\" sizes=\"(max-width: 945px) 100vw, 945px\" \/><\/p>\n<p><img loading=\"lazy\" decoding=\"async\" class=\"aligncenter size-full wp-image-46745\" src=\"https:\/\/infonews.az\/wp-content\/uploads\/2024\/12\/17344260712979250664_1200x630.jpg\" alt=\"\" width=\"945\" height=\"630\" srcset=\"https:\/\/infonews.az\/wp-content\/uploads\/2024\/12\/17344260712979250664_1200x630.jpg 945w, https:\/\/infonews.az\/wp-content\/uploads\/2024\/12\/17344260712979250664_1200x630-300x200.jpg 300w, https:\/\/infonews.az\/wp-content\/uploads\/2024\/12\/17344260712979250664_1200x630-768x512.jpg 768w\" sizes=\"(max-width: 945px) 100vw, 945px\" \/><\/p>\n","protected":false},"excerpt":{"rendered":"<p>\u201cEtnik t\u0259mizl\u0259m\u0259nin d\u00f6rd m\u0259rh\u0259l\u0259si\u201d kitab\u0131 &#8211; M\u00fc\u0259llifl\u0259 g\u00f6r\u00fc\u015f Q\u0259rbi Az\u0259rbaycandak\u0131 tarixi torpaqlar\u0131ndan az\u0259rbaycanl\u0131lar\u0131n m\u0259cburi deportasiyas\u0131, \u0259slind\u0259, etnik t\u0259mizl\u0259nm\u0259si \u00f6t\u0259n y\u00fczillikd\u0259 d\u00f6rd m\u0259rh\u0259l\u0259d\u0259 h\u0259yata ke\u00e7irilib v\u0259 h\u0259min \u0259razid\u0259 monoetnik erm\u0259ni d\u00f6vl\u0259tinin&hellip; <\/p>\n","protected":false},"author":14,"featured_media":46746,"comment_status":"open","ping_status":"open","sticky":false,"template":"","format":"standard","meta":{"_mi_skip_tracking":false,"_monsterinsights_sitenote_active":false,"_monsterinsights_sitenote_note":"","_monsterinsights_sitenote_category":0,"footnotes":""},"categories":[5373,4,11],"tags":[7009,15,14309],"aioseo_notices":[],"_links":{"self":[{"href":"https:\/\/infonews.az\/index.php?rest_route=\/wp\/v2\/posts\/46742"}],"collection":[{"href":"https:\/\/infonews.az\/index.php?rest_route=\/wp\/v2\/posts"}],"about":[{"href":"https:\/\/infonews.az\/index.php?rest_route=\/wp\/v2\/types\/post"}],"author":[{"embeddable":true,"href":"https:\/\/infonews.az\/index.php?rest_route=\/wp\/v2\/users\/14"}],"replies":[{"embeddable":true,"href":"https:\/\/infonews.az\/index.php?rest_route=%2Fwp%2Fv2%2Fcomments&post=46742"}],"version-history":[{"count":3,"href":"https:\/\/infonews.az\/index.php?rest_route=\/wp\/v2\/posts\/46742\/revisions"}],"predecessor-version":[{"id":46749,"href":"https:\/\/infonews.az\/index.php?rest_route=\/wp\/v2\/posts\/46742\/revisions\/46749"}],"wp:featuredmedia":[{"embeddable":true,"href":"https:\/\/infonews.az\/index.php?rest_route=\/wp\/v2\/media\/46746"}],"wp:attachment":[{"href":"https:\/\/infonews.az\/index.php?rest_route=%2Fwp%2Fv2%2Fmedia&parent=46742"}],"wp:term":[{"taxonomy":"category","embeddable":true,"href":"https:\/\/infonews.az\/index.php?rest_route=%2Fwp%2Fv2%2Fcategories&post=46742"},{"taxonomy":"post_tag","embeddable":true,"href":"https:\/\/infonews.az\/index.php?rest_route=%2Fwp%2Fv2%2Ftags&post=46742"}],"curies":[{"name":"wp","href":"https:\/\/api.w.org\/{rel}","templated":true}]}}