{"id":46754,"date":"2024-12-17T14:22:48","date_gmt":"2024-12-17T10:22:48","guid":{"rendered":"https:\/\/infonews.az\/?p=46754"},"modified":"2024-12-17T14:22:48","modified_gmt":"2024-12-17T10:22:48","slug":"g%c9%99l%c9%99n-ilin-qeyri-is-gunl%c9%99ri-aciqlandi-istehsalat-teqvimi-2025","status":"publish","type":"post","link":"https:\/\/infonews.az\/?p=46754","title":{"rendered":"G\u0259l\u0259n ilin qeyri-i\u015f g\u00fcnl\u0259ri a\u00e7\u0131qland\u0131 &#8211; \u0130STEHSALAT T\u018fQV\u0130M\u0130 2025"},"content":{"rendered":"<p><span style=\"color: #ffffff;\">G\u0259l\u0259n ilin qeyri-i\u015f g\u00fcnl\u0259ri a\u00e7\u0131qland\u0131 &#8211; \u0130STEHSALAT T\u018fQV\u0130M\u0130 2025<\/span><\/p>\n<p><img loading=\"lazy\" decoding=\"async\" class=\"aligncenter size-full wp-image-46755\" src=\"https:\/\/infonews.az\/wp-content\/uploads\/2024\/12\/17jpg-1734420396.jpg\" alt=\"\" width=\"800\" height=\"533\" srcset=\"https:\/\/infonews.az\/wp-content\/uploads\/2024\/12\/17jpg-1734420396.jpg 800w, https:\/\/infonews.az\/wp-content\/uploads\/2024\/12\/17jpg-1734420396-300x200.jpg 300w, https:\/\/infonews.az\/wp-content\/uploads\/2024\/12\/17jpg-1734420396-768x512.jpg 768w\" sizes=\"(max-width: 800px) 100vw, 800px\" \/><\/p>\n<blockquote><p><strong>\u018fm\u0259k v\u0259 \u018fhalinin Sosial M\u00fcdafi\u0259si Nazirliyinin Kollegiyas\u0131n\u0131n Q\u0259rar\u0131 il\u0259 2025-ci il \u00fc\u00e7\u00fcn i\u015f vaxt\u0131 normas\u0131 v\u0259 istehsalat t\u0259qvimi t\u0259sdiq edilib.<\/strong><\/p><\/blockquote>\n<p><a href=\"https:\/\/infonews.az\/?p=46754\"><span style=\"color: #000080;\"><strong>&#8220;\u0130NFONEWS&#8221;<\/strong> <\/span><\/a>-un \u018fm\u0259k v\u0259 \u018fhalinin Sosial M\u00fcdafi\u0259si Nazirliyind\u0259n \u0259ld\u0259 etdiyi m\u0259lumat\u0131nda bildirilib ki, 2025-ci il \u00fc\u00e7\u00fcn i\u015f vaxt\u0131 normas\u0131na \u0259sas\u0259n g\u0259l\u0259n ilin a\u015fa\u011f\u0131dak\u0131 g\u00fcnl\u0259ri i\u015f g\u00fcn\u00fc hesab edilmir:<\/p>\n<p>1, 2 yanvar\u2013Yeni il bayram\u0131;<br \/>\n20 Yanvar\u2013\u00dcmumxalq H\u00fczn G\u00fcn\u00fc;<br \/>\n8 Mart\u2013Qad\u0131nlar G\u00fcn\u00fc;<br \/>\n20, 21, 22, 23, 24 mart\u2013Novruz bayram\u0131;<br \/>\n30, 31 mart \u2013Ramazan bayram\u0131;<br \/>\n9 May \u2013Fa\u015fizm \u00fcz\u0259rind\u0259 Q\u0259l\u0259b\u0259 g\u00fcn\u00fc;<br \/>\n28 May\u2013M\u00fcst\u0259qillik G\u00fcn\u00fc;<br \/>\n6, 7 iyun\u2013Qurban bayram\u0131;<br \/>\n15 \u0130yun\u2013Az\u0259rbaycan xalq\u0131n\u0131n Milli Qurtulu\u015f G\u00fcn\u00fc;<br \/>\n26 \u0130yun\u2013Az\u0259rbaycan Respublikas\u0131n\u0131n Silahl\u0131 Q\u00fcvv\u0259l\u0259ri G\u00fcn\u00fc;<br \/>\n8 Noyabr\u2013Z\u0259f\u0259r G\u00fcn\u00fc;<br \/>\n9 Noyabr\u2013 Az\u0259rbaycan Respublikas\u0131n\u0131n D\u00f6vl\u0259t Bayra\u011f\u0131 G\u00fcn\u00fc;<br \/>\n31 Dekabr\u2013D\u00fcnya Az\u0259rbaycanl\u0131lar\u0131n\u0131n H\u0259mr\u0259yliyi G\u00fcn\u00fc.<\/p>\n<p>\u018fm\u0259k M\u0259c\u0259ll\u0259sin\u0259 v\u0259 Nazirl\u0259r Kabinetinin q\u0259rarlar\u0131na uy\u011fun olaraq 2025-ci ild\u0259 be\u015fg\u00fcnl\u00fck i\u015f h\u0259ft\u0259sind\u0259 3 yanvar, 10, 25 v\u0259 26 mart, 1 aprel, 9, 16 iyun, 10 v\u0259 11 noyabr tarixl\u0259ri, alt\u0131g\u00fcnl\u00fck i\u015f h\u0259ft\u0259sind\u0259 25 mart, 1 aprel, 16 iyun v\u0259 10 noyabr tarixl\u0259ri istirah\u0259t g\u00fcnl\u0259ridir. 2025-ci ilin fevral ay\u0131 28 t\u0259qvim g\u00fcn\u00fcnd\u0259n, il is\u0259 365 t\u0259qvim g\u00fcn\u00fcnd\u0259n ibar\u0259tdir.<\/p>\n<p>2025-ci ild\u0259 be\u015fg\u00fcnl\u00fck i\u015f h\u0259ft\u0259sind\u0259 239 i\u015f g\u00fcn\u00fc (onlardan, 8-i bayramqaba\u011f\u0131 v\u0259 1-b\u0259l\u0259diyy\u0259 se\u00e7kil\u0259ri g\u00fcn\u00fc qaba\u011f\u0131), i\u015f g\u00fcn\u00fc hesab edilm\u0259y\u0259n 105 istirah\u0259t g\u00fcn\u00fc (onlardan, 8-i i\u015f g\u00fcn\u00fc hesab edilm\u0259y\u0259n bayram g\u00fcnl\u0259ri il\u0259 \u00fcst-\u00fcst\u0259 d\u00fc\u015fm\u0259sin\u0259 g\u00f6r\u0259 m\u00fc\u0259yy\u0259n edil\u0259n, 1-i 2024-c\u00fc ild\u0259n yerd\u0259yi\u015fm\u0259 il\u0259 ke\u00e7iril\u0259n), i\u015f g\u00fcn\u00fc hesab edilm\u0259y\u0259n 19 bayram, 1 B\u0259l\u0259diyy\u0259 se\u00e7kil\u0259ri g\u00fcn\u00fc v\u0259 1 \u00dcmumxalq H\u00fczn G\u00fcn\u00fc vard\u0131r.<\/p>\n<p>\u00d6lk\u0259mizd\u0259 g\u00fcnd\u0259lik normal i\u015f vaxt\u0131n\u0131n m\u00fcdd\u0259ti 8 saatdan, g\u00fcnd\u0259lik normal i\u015f vaxt\u0131na uy\u011fun olan h\u0259ft\u0259lik normal i\u015f vaxt\u0131n\u0131n m\u00fcdd\u0259ti is\u0259 40 saatdan art\u0131q ola bilm\u0259z. Bir qayda olaraq, iki istirah\u0259t g\u00fcn\u00fc olan be\u015fg\u00fcnl\u00fck i\u015f h\u0259ft\u0259si m\u00fc\u0259yy\u0259n edilir.<\/p>\n<p>2025-ci ilin i\u015f vaxt\u0131 normas\u0131 40 saatl\u0131q be\u015fg\u00fcnl\u00fck i\u015f h\u0259ft\u0259si \u00fczr\u0259 8 saatl\u0131q i\u015f g\u00fcn\u00fc hesab\u0131ndan m\u00fc\u0259yy\u0259n edilir v\u0259 bu zaman i\u015f g\u00fcn\u00fc hesab edilm\u0259y\u0259n bayramqaba\u011f\u0131, s\u0259sverm\u0259, habel\u0259 \u00dcmumxalq H\u00fczn G\u00fcn\u00fc qaba\u011f\u0131 i\u015f g\u00fcnl\u0259rind\u0259 h\u0259ft\u0259lik i\u015f g\u00fcnl\u0259rinin m\u00fcdd\u0259ti bir saat q\u0131sald\u0131l\u0131r.<\/p>\n<p>2025-ci il \u00fc\u00e7\u00fcn 40 saatl\u0131q i\u015f h\u0259ft\u0259sind\u0259 i\u015f vaxt\u0131n\u0131n illik normas\u0131 1903 saatd\u0131r.<\/p>\n<p>Alt\u0131g\u00fcnl\u00fck i\u015f h\u0259ft\u0259si olan i\u015f yerl\u0259rind\u0259 40 saatl\u0131q i\u015f h\u0259ft\u0259sind\u0259 \u00e7al\u0131\u015fan i\u015f\u00e7il\u0259r \u00fc\u00e7\u00fcn 2025-ci ild\u0259 be\u015fg\u00fcnl\u00fck i\u015f h\u0259ft\u0259si \u00fczr\u0259 hesablanm\u0131\u015f 1903 saatl\u0131q illik i\u015f vaxt\u0131 normas\u0131 t\u0259tbiq edilm\u0259lidir.<\/p>\n","protected":false},"excerpt":{"rendered":"<p>G\u0259l\u0259n ilin qeyri-i\u015f g\u00fcnl\u0259ri a\u00e7\u0131qland\u0131 &#8211; \u0130STEHSALAT T\u018fQV\u0130M\u0130 2025 \u018fm\u0259k v\u0259 \u018fhalinin Sosial M\u00fcdafi\u0259si Nazirliyinin Kollegiyas\u0131n\u0131n Q\u0259rar\u0131 il\u0259 2025-ci il \u00fc\u00e7\u00fcn i\u015f vaxt\u0131 normas\u0131 v\u0259 istehsalat t\u0259qvimi t\u0259sdiq edilib. &#8220;\u0130NFONEWS&#8221;&hellip; <\/p>\n","protected":false},"author":14,"featured_media":37601,"comment_status":"open","ping_status":"open","sticky":false,"template":"","format":"standard","meta":{"_mi_skip_tracking":false,"_monsterinsights_sitenote_active":false,"_monsterinsights_sitenote_note":"","_monsterinsights_sitenote_category":0,"footnotes":""},"categories":[4,11],"tags":[14310,15,14311],"aioseo_notices":[],"_links":{"self":[{"href":"https:\/\/infonews.az\/index.php?rest_route=\/wp\/v2\/posts\/46754"}],"collection":[{"href":"https:\/\/infonews.az\/index.php?rest_route=\/wp\/v2\/posts"}],"about":[{"href":"https:\/\/infonews.az\/index.php?rest_route=\/wp\/v2\/types\/post"}],"author":[{"embeddable":true,"href":"https:\/\/infonews.az\/index.php?rest_route=\/wp\/v2\/users\/14"}],"replies":[{"embeddable":true,"href":"https:\/\/infonews.az\/index.php?rest_route=%2Fwp%2Fv2%2Fcomments&post=46754"}],"version-history":[{"count":1,"href":"https:\/\/infonews.az\/index.php?rest_route=\/wp\/v2\/posts\/46754\/revisions"}],"predecessor-version":[{"id":46756,"href":"https:\/\/infonews.az\/index.php?rest_route=\/wp\/v2\/posts\/46754\/revisions\/46756"}],"wp:featuredmedia":[{"embeddable":true,"href":"https:\/\/infonews.az\/index.php?rest_route=\/wp\/v2\/media\/37601"}],"wp:attachment":[{"href":"https:\/\/infonews.az\/index.php?rest_route=%2Fwp%2Fv2%2Fmedia&parent=46754"}],"wp:term":[{"taxonomy":"category","embeddable":true,"href":"https:\/\/infonews.az\/index.php?rest_route=%2Fwp%2Fv2%2Fcategories&post=46754"},{"taxonomy":"post_tag","embeddable":true,"href":"https:\/\/infonews.az\/index.php?rest_route=%2Fwp%2Fv2%2Ftags&post=46754"}],"curies":[{"name":"wp","href":"https:\/\/api.w.org\/{rel}","templated":true}]}}