{"id":46778,"date":"2024-12-18T06:12:01","date_gmt":"2024-12-18T02:12:01","guid":{"rendered":"https:\/\/infonews.az\/?p=46778"},"modified":"2024-12-18T10:29:00","modified_gmt":"2024-12-18T06:29:00","slug":"kitabxana-isi-haqqinda-v%c9%99-muzeyl%c9%99r-haqqinda-yenilik","status":"publish","type":"post","link":"https:\/\/infonews.az\/?p=46778","title":{"rendered":"\u201cKitabxana i\u015fi haqq\u0131nda\u201d v\u0259 \u201cMuzeyl\u0259r haqq\u0131nda\u201d &#8211; YEN\u0130L\u0130K"},"content":{"rendered":"<p><span style=\"color: #ffffff;\">\u201cKitabxana i\u015fi haqq\u0131nda\u201d v\u0259 \u201cMuzeyl\u0259r haqq\u0131nda\u201d &#8211; YEN\u0130L\u0130K<\/span><\/p>\n<blockquote><p>Dekabr\u0131n 17-d\u0259 Milli M\u0259clisin M\u0259d\u0259niyy\u0259t komit\u0259sinin iclas\u0131 ke\u00e7irilib.<\/p><\/blockquote>\n<p><a href=\"https:\/\/infonews.az\/?p=46778\"><strong><span style=\"color: #000080;\">&#8220;\u0130NFONEWS&#8221;<\/span> <\/strong><\/a>x\u0259b\u0259r verir ki, komit\u0259 s\u0259dri Polad B\u00fclb\u00fclo\u011flu g\u00fcnd\u0259liy\u0259 bir m\u0259s\u0259l\u0259nin &#8211; \u201cKitabxana i\u015fi haqq\u0131nda\u201d v\u0259 \u201cMuzeyl\u0259r haqq\u0131nda\u201d qanunlarda d\u0259yi\u015fiklik edilm\u0259si bar\u0259d\u0259 qanun layih\u0259sinin (birinci oxunu\u015f) daxil edildiyini bildirib.<\/p>\n<p>Polad B\u00fclb\u00fclo\u011flu diqq\u0259t\u0259 \u00e7atd\u0131r\u0131b ki, m\u00f6vcud qanunvericiliy\u0259 \u0259sas\u0259n, kitabxana v\u0259 muzeyl\u0259r m\u00fc\u0259yy\u0259n olunmu\u015f qaydada t\u0259s\u0259rr\u00fcfat f\u0259aliyy\u0259ti il\u0259 m\u0259\u015f\u011ful ola bil\u0259rl\u0259r v\u0259 bu f\u0259aliyy\u0259td\u0259n \u0259ld\u0259 olunan v\u0259sait onlar\u0131n s\u0259r\u0259ncam\u0131nda qal\u0131r.<\/p>\n<p>Komit\u0259 s\u0259dri bildirib ki, t\u0259klif olunan d\u0259yi\u015fiklikl\u0259rd\u0259 is\u0259 d\u00f6vl\u0259t kitabxanalar\u0131n\u0131n v\u0259 muzeyl\u0259rin bu f\u0259aliyy\u0259tind\u0259n \u0259ld\u0259 edil\u0259n v\u0259saitd\u0259n m\u00fcvafiq icra hakimiyy\u0259ti orqan\u0131n\u0131n m\u00fc\u0259yy\u0259n etdiyi orqan\u0131n (qurumun) m\u00fc\u0259yy\u0259n etdiyi qaydaya uy\u011fun olaraq istifad\u0259 edil\u0259c\u0259k.<\/p>\n<p>Qanun layih\u0259sinin m\u00fczakir\u0259sind\u0259 \u00e7\u0131x\u0131\u015f ed\u0259n deputatlar kitabxanalar\u0131n v\u0259 muzeyl\u0259rin m\u00fcasir d\u00f6vr\u00fcn t\u0259l\u0259bl\u0259rin\u0259 uy\u011funla\u015fd\u0131r\u0131lmas\u0131, kitabxana fondunun z\u0259nginl\u0259\u015fdirilm\u0259si, muzeyl\u0259rin turizml\u0259 \u0259laq\u0259l\u0259ndirilm\u0259si, bu sah\u0259l\u0259rd\u0259 d\u00f6vl\u0259t-\u00f6z\u0259l t\u0259r\u0259fda\u015fl\u0131\u011f\u0131n\u0131n t\u0259tbiq edilm\u0259si kimi kitabxana v\u0259 muzey i\u015finin inki\u015faf\u0131n\u0131n b\u0259zi aktual m\u0259s\u0259l\u0259l\u0259ri il\u0259 ba\u011fl\u0131 fikirl\u0259rini b\u00f6l\u00fc\u015f\u00fcbl\u0259r, t\u0259klif olunan d\u0259yi\u015fiklikl\u0259r haqq\u0131nda r\u0259yl\u0259rini v\u0259 suallar\u0131n\u0131 s\u0259sl\u0259ndiribl\u0259r.<\/p>\n<p>Milli M\u0259clisin M\u0259d\u0259niyy\u0259t komit\u0259sinin s\u0259dri Polad B\u00fclb\u00fclo\u011flu v\u0259 parlament Aparat\u0131n\u0131n Sosial qanunvericilik \u015f\u00f6b\u0259sinin m\u00fcdiri Adil V\u0259liyev deputatlar\u0131n qald\u0131rd\u0131qlar\u0131 m\u0259s\u0259l\u0259l\u0259r\u0259 m\u00fcnasib\u0259t bildiribl\u0259r, suallar\u0131na ayd\u0131nl\u0131q g\u0259tiribl\u0259r. Vur\u011fulan\u0131b ki, s\u0259n\u0259d m\u0259d\u0259niyy\u0259t m\u00fc\u0259ssisl\u0259ri t\u0259r\u0259find\u0259n b\u00fcdc\u0259d\u0259nk\u0259nar f\u0259aliyy\u0259td\u0259n \u0259ld\u0259 edil\u0259n g\u0259lirl\u0259rin idar\u0259 olunmas\u0131 il\u0259 \u0259laq\u0259dar qanunvericilikd\u0259 m\u00f6vcud ziddiyy\u0259tl\u0259rin aradan qald\u0131r\u0131lmas\u0131 m\u0259qs\u0259dil\u0259 haz\u0131rlan\u0131b.<\/p>\n<p>M\u00fczakir\u0259l\u0259rd\u0259n sonra qanun layih\u0259si birinci oxunu\u015fda bax\u0131lmaq \u00fc\u00e7\u00fcn Milli M\u0259clisin plenar iclas\u0131na t\u00f6vsiy\u0259 olunub.<\/p>\n","protected":false},"excerpt":{"rendered":"<p>\u201cKitabxana i\u015fi haqq\u0131nda\u201d v\u0259 \u201cMuzeyl\u0259r haqq\u0131nda\u201d &#8211; YEN\u0130L\u0130K Dekabr\u0131n 17-d\u0259 Milli M\u0259clisin M\u0259d\u0259niyy\u0259t komit\u0259sinin iclas\u0131 ke\u00e7irilib. &#8220;\u0130NFONEWS&#8221; x\u0259b\u0259r verir ki, komit\u0259 s\u0259dri Polad B\u00fclb\u00fclo\u011flu g\u00fcnd\u0259liy\u0259 bir m\u0259s\u0259l\u0259nin &#8211; \u201cKitabxana i\u015fi&hellip; <\/p>\n","protected":false},"author":14,"featured_media":46780,"comment_status":"open","ping_status":"open","sticky":false,"template":"","format":"standard","meta":{"_mi_skip_tracking":false,"_monsterinsights_sitenote_active":false,"_monsterinsights_sitenote_note":"","_monsterinsights_sitenote_category":0,"footnotes":""},"categories":[4,10363,11],"tags":[14315,14316,15],"aioseo_notices":[],"_links":{"self":[{"href":"https:\/\/infonews.az\/index.php?rest_route=\/wp\/v2\/posts\/46778"}],"collection":[{"href":"https:\/\/infonews.az\/index.php?rest_route=\/wp\/v2\/posts"}],"about":[{"href":"https:\/\/infonews.az\/index.php?rest_route=\/wp\/v2\/types\/post"}],"author":[{"embeddable":true,"href":"https:\/\/infonews.az\/index.php?rest_route=\/wp\/v2\/users\/14"}],"replies":[{"embeddable":true,"href":"https:\/\/infonews.az\/index.php?rest_route=%2Fwp%2Fv2%2Fcomments&post=46778"}],"version-history":[{"count":1,"href":"https:\/\/infonews.az\/index.php?rest_route=\/wp\/v2\/posts\/46778\/revisions"}],"predecessor-version":[{"id":46781,"href":"https:\/\/infonews.az\/index.php?rest_route=\/wp\/v2\/posts\/46778\/revisions\/46781"}],"wp:featuredmedia":[{"embeddable":true,"href":"https:\/\/infonews.az\/index.php?rest_route=\/wp\/v2\/media\/46780"}],"wp:attachment":[{"href":"https:\/\/infonews.az\/index.php?rest_route=%2Fwp%2Fv2%2Fmedia&parent=46778"}],"wp:term":[{"taxonomy":"category","embeddable":true,"href":"https:\/\/infonews.az\/index.php?rest_route=%2Fwp%2Fv2%2Fcategories&post=46778"},{"taxonomy":"post_tag","embeddable":true,"href":"https:\/\/infonews.az\/index.php?rest_route=%2Fwp%2Fv2%2Ftags&post=46778"}],"curies":[{"name":"wp","href":"https:\/\/api.w.org\/{rel}","templated":true}]}}